{"id":54402,"date":"2024-07-30T14:06:39","date_gmt":"2024-07-30T19:06:39","guid":{"rendered":"https:\/\/www.greenpeace.org\/mexico\/?p=54402"},"modified":"2025-04-21T13:55:39","modified_gmt":"2025-04-21T18:55:39","slug":"tribunal-colegiado-ordena-medidas-al-congreso-para-prohibicion-de-plasticos-de-un-solo-uso-en-el-pais","status":"publish","type":"post","link":"https:\/\/www.greenpeace.org\/mexico\/informacion-prensa\/54402\/tribunal-colegiado-ordena-medidas-al-congreso-para-prohibicion-de-plasticos-de-un-solo-uso-en-el-pais\/","title":{"rendered":"Tribunal Colegiado ordena medidas al Congreso para prohibici\u00f3n de pl\u00e1sticos de un solo uso en el pa\u00eds"},"content":{"rendered":"\n<ul class=\"wp-block-list\">\n<li><strong>Organizaciones ambientalistas y de protecci\u00f3n a consumidores logran una medida cautelar de amparo para que el Congreso de la Uni\u00f3n deje de ser omiso e inicie acciones para legislar la prohibici\u00f3n de pl\u00e1sticos de un solo uso.<\/strong><\/li>\n\n\n\n<li><strong>El Tribunal retoma los est\u00e1ndares internacionales del Relator Especial sobre Sustancias T\u00f3xicas y Derechos Humanos de la ONU destacando que los pl\u00e1sticos son sustancias t\u00f3xicas.<\/strong><\/li>\n\n\n\n<li><strong>Es deber del Estado prevenir la exposici\u00f3n a estas sustancias peligrosas.<\/strong><\/li>\n<\/ul>\n\n<p><strong>Ciudad de M\u00e9xico, 30 de julio de 2024.<\/strong>\u00a0&#8211; Un Tribunal Colegiado en Materia Administrativa del Primer Circuito resolvi\u00f3 que el Congreso de la Uni\u00f3n deber\u00e1 iniciar los trabajos para legislar la prohibici\u00f3n de pl\u00e1sticos de un solo uso, reconociendo sus impactos a la salud y al ambiente y el deber del Estado de prevenir la exposici\u00f3n a estas sustancias t\u00f3xicas.<\/p>\n\n<p>Este amparo fue interpuesto por las organizaciones Greenpeace M\u00e9xico, El Poder del Consumidor y la Red Mexicana de Acci\u00f3n Ecol\u00f3gica, integrante de la Colectiva Malditos Pl\u00e1sticos.<\/p>\n\n<p>El amparo interpuesto contra el Congreso por omisi\u00f3n, es parte del seguimiento que las organizaciones dieron a dos fallos de la Segunda Sala de la Suprema Corte en los que ampar\u00f3 a la industria refresquera invalidando la prohibici\u00f3n de pl\u00e1sticos de un solo uso, como PET y unicel en el estado de Oaxaca.<\/p>\n\n<p><br>Esto sent\u00f3 un precedente muy negativo para la progresividad en la protecci\u00f3n a los derechos humanos, la salud y fue una clara regresi\u00f3n a derechos ambientales ya adquiridos.<\/p>\n\n<p>El hist\u00f3rico resolutivo del Tribunal tom\u00f3, como argumentos contundentes, los est\u00e1ndares de derecho internacional establecidos en los informes del Relator Especial sobre Sustancias T\u00f3xicas y Derechos Humanos de la ONU, Marcos Orellana, en los que muestra que las etapas del ciclo del pl\u00e1stico tienen implicaciones negativas sobre el disfrute de los derechos humanos, que su uso agrava la emergencia clim\u00e1tica y comprometen el pleno goce de los derechos, pues los desechos pl\u00e1sticos repercuten considerablemente en la salud humana y en el medio ambiente; de manera que s\u00f3lo la imposici\u00f3n de l\u00edmites jur\u00eddicamente vinculantes a la producci\u00f3n de pl\u00e1stico para usos esenciales puede marcar una diferencia.<\/p>\n\n<p>El abogado Luis Miguel Cano, quien ha conducido la estrategia de las organizaciones civiles se\u00f1al\u00f3: \u201cEsta resoluci\u00f3n da esperanza e incentiva a comunidades afectadas por contaminantes pl\u00e1sticos para que acudan al Poder Judicial, a fin de que se les proteja sus derechos y se ordenen medidas que remedien sus afectaciones\u201d.<\/p>\n\n<p>Por su parte, Ana Larra\u00f1aga, del Poder del Consumidor mencion\u00f3: \u201cEsta determinaci\u00f3n constituye un precedente de excepcional trascendencia para dar aliento a las luchas de las comunidades y personas para erradicar la contaminaci\u00f3n pl\u00e1stica de productos que tanto da\u00f1an a los ecosistemas como a la salud&#8221;.<\/p>\n\n<p><br>Asimismo, Ornela Garelli, Campa\u00f1ista de Oc\u00e9anos sin Pl\u00e1sticos de Greenpeace M\u00e9xico, mencion\u00f3 que \u201clos oc\u00e9anos albergan una amplia biodiversidad y son clave en el combate al cambio clim\u00e1tico. Al ser la contaminaci\u00f3n por pl\u00e1sticos una de las principales amenazas que enfrentan,&nbsp; avances como \u00e9ste se vuelven esenciales para proteger la biodiversidad marina y hacerle frente a la emergencia clim\u00e1tica. Desde la sociedad civil llevamos a\u00f1os buscando que el Congreso proh\u00edba los pl\u00e1sticos de un solo uso, por lo que esta decisi\u00f3n representa un gran paso en esta lucha\u201d.<\/p>\n\n<p>Larisa de Orbe de Acci\u00f3n Ecol\u00f3gica y en representaci\u00f3n de la Colectiva Malditos Pl\u00e1sticos afirm\u00f3: \u201ceste resolutivo significa un paso decisivo para avanzar hacia la urgente prohibici\u00f3n nacional de los pl\u00e1sticos de un solo uso y representa un primer paso para disminuir la grave crisis de contaminaci\u00f3n pl\u00e1stica que estamos viviendo. Resulta favorablemente in\u00e9dito y esperanzador que esta decisi\u00f3n tom\u00f3 como argumentos contundentes los est\u00e1ndares de derecho internacional, el principio de prevenci\u00f3n, el de precauci\u00f3n y el deber del estado de prevenir la exposici\u00f3n a sustancias t\u00f3xicas, lo que sienta adem\u00e1s un importante precedente para toda la regi\u00f3n de Am\u00e9rica Latina y el Caribe para que sigamos luchando por nuestros derechos, el de todas las&nbsp; comunidades, los de las generaciones futuras y por consiguiente los de todos los ecosistemas de este planeta\u201d.<\/p>\n\n<p><strong>Contactos de prensa:<\/strong><\/p>\n\n<p><strong>Colectiva Malditos Pl\u00e1sticos<\/strong> : Mariana Linares | linaresmorales.m@gmail.com | +52 951 532 0240<\/p>\n\n<p><strong>Greenpeace M\u00e9xico: <\/strong>Ornela Garelli | <a href=\"mailto:ogarelli@greenpeace.org\">ogarelli@greenpeace.org<\/a> | +52 55 2960 4068<\/p>\n\n<p><strong>Red Mexicana de Acci\u00f3n Ecol\u00f3gica\/Greenpeace M\u00e9xico\/Poder del Consumidor \/<br>Colectiva Malditos Pl\u00e1sticos<\/strong><\/p>\n","protected":false},"excerpt":{"rendered":"<p>Tribunal ordena al Congreso legislar prohibici\u00f3n de pl\u00e1sticos de un solo uso por su impacto t\u00f3xico en salud y ambiente, tras amparo de organizaciones civiles.<\/p>\n","protected":false},"author":29,"featured_media":54017,"comment_status":"open","ping_status":"open","sticky":false,"template":"","format":"standard","meta":{"ep_exclude_from_search":false,"p4_og_title":"Tribunal Colegiado ordena medidas al Congreso para prohibici\u00f3n de pl\u00e1sticos de un solo uso en el pa\u00eds","p4_og_description":"Tribunal ordena al Congreso legislar prohibici\u00f3n de pl\u00e1sticos de un solo uso por su impacto t\u00f3xico en salud y ambiente, tras amparo de organizaciones civiles.","p4_og_image":"https:\/\/www.greenpeace.org\/static\/planet4-mexico-stateless\/2024\/04\/f9d44b32-gp1swpkh_low_res-2.jpg","p4_og_image_id":"54017","p4_seo_canonical_url":"","p4_campaign_name":"Local Campaign","p4_local_project":"","p4_basket_name":"Plastics","p4_department":"","footnotes":""},"categories":[2],"tags":[],"p4-page-type":[16],"class_list":["post-54402","post","type-post","status-publish","format-standard","has-post-thumbnail","hentry","category-cambio-climatico","p4-page-type-informacion-prensa"],"_links":{"self":[{"href":"https:\/\/www.greenpeace.org\/mexico\/wp-json\/wp\/v2\/posts\/54402","targetHints":{"allow":["GET"]}}],"collection":[{"href":"https:\/\/www.greenpeace.org\/mexico\/wp-json\/wp\/v2\/posts"}],"about":[{"href":"https:\/\/www.greenpeace.org\/mexico\/wp-json\/wp\/v2\/types\/post"}],"author":[{"embeddable":true,"href":"https:\/\/www.greenpeace.org\/mexico\/wp-json\/wp\/v2\/users\/29"}],"replies":[{"embeddable":true,"href":"https:\/\/www.greenpeace.org\/mexico\/wp-json\/wp\/v2\/comments?post=54402"}],"version-history":[{"count":2,"href":"https:\/\/www.greenpeace.org\/mexico\/wp-json\/wp\/v2\/posts\/54402\/revisions"}],"predecessor-version":[{"id":55261,"href":"https:\/\/www.greenpeace.org\/mexico\/wp-json\/wp\/v2\/posts\/54402\/revisions\/55261"}],"wp:featuredmedia":[{"embeddable":true,"href":"https:\/\/www.greenpeace.org\/mexico\/wp-json\/wp\/v2\/media\/54017"}],"wp:attachment":[{"href":"https:\/\/www.greenpeace.org\/mexico\/wp-json\/wp\/v2\/media?parent=54402"}],"wp:term":[{"taxonomy":"category","embeddable":true,"href":"https:\/\/www.greenpeace.org\/mexico\/wp-json\/wp\/v2\/categories?post=54402"},{"taxonomy":"post_tag","embeddable":true,"href":"https:\/\/www.greenpeace.org\/mexico\/wp-json\/wp\/v2\/tags?post=54402"},{"taxonomy":"p4-page-type","embeddable":true,"href":"https:\/\/www.greenpeace.org\/mexico\/wp-json\/wp\/v2\/p4-page-type?post=54402"}],"curies":[{"name":"wp","href":"https:\/\/api.w.org\/{rel}","templated":true}]}}