{"id":54550,"date":"2024-09-26T17:55:43","date_gmt":"2024-09-26T22:55:43","guid":{"rendered":"https:\/\/www-dev.greenpeace.org\/mexico\/?p=54550"},"modified":"2025-09-02T12:57:54","modified_gmt":"2025-09-02T17:57:54","slug":"decision-judicial-contra-los-plasticos","status":"publish","type":"post","link":"https:\/\/www.greenpeace.org\/mexico\/blog\/54550\/decision-judicial-contra-los-plasticos\/","title":{"rendered":"Decisi\u00f3n judicial contra los pl\u00e1sticos."},"content":{"rendered":"\n<p>Se estima que<strong> cada a\u00f1o ingresan a los oc\u00e9anos cerca de 14 millones de toneladas de residuos pl\u00e1sticos, las cuales interact\u00faan con cientos de especies marinas y pueden ocasionarles problemas como asfixia, enredados, amputaciones, inanici\u00f3n, desnutrici\u00f3n, envenenamiento, e incluso la muerte.1<\/strong> Este problema tambi\u00e9n genera afectaciones a la salud humana, ya que se ha relacionado a los pl\u00e1sticos y a los qu\u00edmicos t\u00f3xicos que contienen diversas enfermedades como diferentes tipos de <em>c\u00e1ncer, problema hormonales o reproductivos, e incluso padecimientos como el Parkinson.<\/em>&nbsp;2<br><\/p>\n\n<figure class=\"wp-block-image size-large\"><img decoding=\"async\" src=\"https:\/\/www.greenpeace.org\/static\/planet4-mexico-stateless\/2024\/09\/4c9c30f7-gp0su2jhk-1024x683.jpg\" title=\"Activistas de Greenpeace M\u00e9xico se manifestaron a las afueras del Senado de la Rep\u00fablica con una red llena de desechos pl\u00e1sticos y la leyenda \u201cSenado: es su responsabilidad prohibir los pl\u00e1sticos\u201d, luego de que un tribunal orden\u00f3 al Congreso legislar para prohibir los pl\u00e1sticos de un solo uso.<div class=\"credit icon-left\"> \u00a9 Consuelo Pagaza \/ Greenpeace<\/div>&#8221; alt=&#8221;Activistas de Greenpeace M\u00e9xico se manifestaron a las afueras del Senado de la Rep\u00fablica con una red llena de desechos pl\u00e1sticos, luego de que un tribunal orden\u00f3 al Congreso legislar para prohibir los pl\u00e1sticos de un solo uso.&#8221; class=&#8221;wp-image-54551&#8243;\/><figcaption class=\"wp-element-caption\">Activistas de Greenpeace M\u00e9xico se manifestaron a las afueras del Senado de la Rep\u00fablica con una red llena de desechos pl\u00e1sticos y la leyenda \u201cSenado: es su responsabilidad prohibir los pl\u00e1sticos\u201d, luego de que un tribunal orden\u00f3 al Congreso legislar para prohibir los pl\u00e1sticos de un solo uso.<div class=\"credit icon-left\"> \u00a9 Consuelo Pagaza \/ Greenpeace<\/div><\/figcaption><\/figure>\n\n<h2 class=\"wp-block-heading\">Sentencia judicial y su alcance en la legislaci\u00f3n ambiental<\/h2>\n\n<p>Reconociendo estas graves implicaciones ambientales y de salud, el 15 de agosto pasado, un Tribunal Colegiado resolvi\u00f3 a trav\u00e9s de un amparo que<strong> el Congreso de la Uni\u00f3n deber\u00e1 iniciar los trabajos para legislar e inclusive prohibir la comercializaci\u00f3n y empleo de pl\u00e1sticos de un solo uso, reconociendo sus impactos a la salud y al ambiente<\/strong> y el deber del Estado de prevenir la exposici\u00f3n a estas sustancias t\u00f3xicas.&nbsp;<\/p>\n\n<p>La resoluci\u00f3n del <em>Tribunal<\/em> tambi\u00e9n reconoce que <strong>el Congreso de la Uni\u00f3n no ha ejercido las facultades que le concede la Constituci\u00f3n en materia de regulaci\u00f3n de pl\u00e1sticos de un solo uso como el PET y el Unicel, por lo cual tambi\u00e9n ha incumplido con los Tratados internacionales de los cuales es parte, vinculados con el derecho a la salud, la protecci\u00f3n del ambiente, y los principios de precauci\u00f3n y prevenci\u00f3n relacionados con los pl\u00e1sticos de uso \u00fanico<\/strong>. De ah\u00ed la obligaci\u00f3n de avanzar con una legislaci\u00f3n que proh\u00edba estos pl\u00e1sticos, especialmente los no esenciales, que constituyen una fuente de contaminaci\u00f3n y conllevan efectos nocivos para la salud.<\/p>\n\n<figure class=\"wp-block-image size-large\"><img decoding=\"async\" src=\"https:\/\/www.greenpeace.org\/static\/planet4-mexico-stateless\/2024\/09\/78e912d9-gp0su2jhm-1024x683.jpg\" title=\"Activistas de Greenpeace M\u00e9xico se manifestaron a las afueras del Senado de la Rep\u00fablica con una red llena de desechos pl\u00e1sticos y la leyenda \u201cSenado: es su responsabilidad prohibir los pl\u00e1sticos\u201d, luego de que un tribunal orden\u00f3 al Congreso legislar para prohibir los pl\u00e1sticos de un solo uso.<div class=\"credit icon-left\"> \u00a9 Consuelo Pagaza \/ Greenpeace<\/div>&#8221; alt=&#8221;Activistas de Greenpeace M\u00e9xico se manifestaron a las afueras del Senado de la Rep\u00fablica con una red llena de desechos pl\u00e1sticos y la leyenda \u201cSenado: es su responsabilidad prohibir los pl\u00e1sticos\u201d, luego de que un tribunal orden\u00f3 al Congreso legislar para prohibir los pl\u00e1sticos de un solo uso.<div class=\"credit icon-left\"> \u00a9 Consuelo Pagaza \/ Greenpeace<\/div>&#8221; class=&#8221;wp-image-54552&#8243;\/><figcaption class=\"wp-element-caption\">Activistas de Greenpeace M\u00e9xico se manifestaron a las afueras del Senado de la Rep\u00fablica con una red llena de desechos pl\u00e1sticos y la leyenda \u201cSenado: es su responsabilidad prohibir los pl\u00e1sticos\u201d, luego de que un tribunal orden\u00f3 al Congreso legislar para prohibir los pl\u00e1sticos de un solo uso.<div class=\"credit icon-left\"> \u00a9 Consuelo Pagaza \/ Greenpeace<\/div><\/figcaption><\/figure>\n\n<h3 class=\"wp-block-heading\">El papel de la sociedad civil en el logro del amparo<\/h3>\n\n<p>El amparo, interpuesto desde 2022 por <strong>Greenpeace M\u00e9xico, El Poder del Consumidor y la Red Mexicana de Acci\u00f3n Ecol\u00f3gica, integrante de la Colectiva Malditos Pl\u00e1sticos<\/strong>, retom\u00f3 diversos argumentos del Relator Especial de Naciones Unidas sobre sustancias t\u00f3xicas, uno de los cuales reconoce que <strong>\u201cnumerosos derechos civiles, pol\u00edticos, econ\u00f3micos, sociales y culturales se ven afectados por las sustancias t\u00f3xicas.&#8221;<\/strong> 3. Los pl\u00e1sticos contribuyen a este problema de <em>toxicidad <\/em>porque contaminan desde que se extrae la materia prima para producirlos, combustibles f\u00f3siles, hasta su disposici\u00f3n final.<\/p>\n\n<p><strong>Este amparo representa un logro para la sociedad civil que llevamos a\u00f1os buscando solucionar la contaminaci\u00f3n pl\u00e1stica a trav\u00e9s de la prohibici\u00f3n de los pl\u00e1sticos de un solo uso que ocasionan este problema.<\/strong> Hasta ahora, el Congreso de la Uni\u00f3n no ha escuchado nuestras alertas ni nuestras propuestas en la materia, por ello esperamos que esta decisi\u00f3n judicial sirva para que la nueva Legislatura entienda la gravedad del problema y act\u00fae con urgencia a trav\u00e9s de una reforma a la Ley General para la Prevenci\u00f3n y Gesti\u00f3n Integral de los Residuos (LGPGIR) que lleve a la prohibici\u00f3n de estos pl\u00e1sticos y a hacer responsables a las empresas que los producen y comercializan.<\/p>\n\n<figure class=\"wp-block-image size-large\"><img decoding=\"async\" src=\"https:\/\/www.greenpeace.org\/static\/planet4-mexico-stateless\/2024\/09\/25b03833-gp0su2jgv-1024x683.jpg\" title=\"Activistas de Greenpeace M\u00e9xico se manifestaron a las afueras del Senado de la Rep\u00fablica con una red llena de desechos pl\u00e1sticos y la leyenda \u201cSenado: es su responsabilidad prohibir los pl\u00e1sticos\u201d, luego de que un tribunal orden\u00f3 al Congreso legislar para prohibir los pl\u00e1sticos de un solo uso.<div class=\"credit icon-left\"> \u00a9 Consuelo Pagaza \/ Greenpeace<\/div>&#8221; alt=&#8221;Staff de Greenpeace M\u00e9xico frente al Senado durante manifestaci\u00f3n.&#8221; class=&#8221;wp-image-54553&#8243;\/><figcaption class=\"wp-element-caption\">Activistas de Greenpeace M\u00e9xico se manifestaron a las afueras del Senado de la Rep\u00fablica con una red llena de desechos pl\u00e1sticos y la leyenda \u201cSenado: es su responsabilidad prohibir los pl\u00e1sticos\u201d, luego de que un tribunal orden\u00f3 al Congreso legislar para prohibir los pl\u00e1sticos de un solo uso.<div class=\"credit icon-left\"> \u00a9 Consuelo Pagaza \/ Greenpeace<\/div><\/figcaption><\/figure>\n\n<p>Sin embargo, si bien hemos logrado este amparo, <strong>la contaminaci\u00f3n por pl\u00e1sticos no se detendr\u00e1 hasta que el Congreso legisle esta prohibici\u00f3n<\/strong>, por ello, es muy importante que el Senado y la C\u00e1mara de Diputados conozcan esta sentencia&nbsp; y act\u00faen en consecuencia. No hay tiempo que perder para proteger los ecosistemas marinos y la salud de las personas de esta problem\u00e1tica ambiental.&nbsp;<\/p>\n\n<p>Greenpeace ha preparado una propuesta de reforma a la LGPGIR que puede servir de base para legislar la prohibici\u00f3n de pl\u00e1sticos de un solo uso, para poder presentarla en forma de iniciativa ciudadana <strong>les invitamos a sumar su firma por oc\u00e9anos libres de pl\u00e1sticos, necesitamos recolectar 130 mil firmas para que sea ley. Para sumarte visita nuestra<a href=\"https:\/\/www.greenpeace.org\/mexico\/campanas\/oceanos\/oceanos-sin-plasticos\/\"><mark style=\"background-color:rgba(0, 0, 0, 0)\" class=\"has-inline-color has-green-800-color\"> p\u00e1gina web<\/mark><\/a>.<\/strong><\/p>\n\n<h2 class=\"wp-block-heading\">Referencias<\/h2>\n\n<ol class=\"wp-block-list\">\n<li>Para m\u00e1s informaci\u00f3n, v\u00e9ase por ejemplo: Tekman M. , Walther B., Peter C. , Gutow L. , Bergmann M. (2022) <em>Impacts Of Plastic Pollution In The Oceans&nbsp;On Marine Species, Biodiversity And Ecosystems<\/em> (Study). Disponible en: <a href=\"https:\/\/www.wwf.de\/fileadmin\/fm-wwf\/Publikationen-PDF\/Plastik\/WWF-Impacts_of_plastic_pollution_in_the_ocean_on_marine_species__biodiversity_and_ecosystems.pdf\">https:\/\/www.wwf.de\/fileadmin\/fm-wwf\/Publikationen-PDF\/Plastik\/WWF-Impacts_of_plastic_pollution_in_the_ocean_on_marine_species__biodiversity_and_ecosystems.pdf<\/a><\/li>\n\n\n\n<li>&nbsp;Para m\u00e1s informaci\u00f3n v\u00e9ase por ejemplo: IANS (2023), <em>Nanoplastics may promote conditions for Parkinson\u2019s<\/em>, <em>dementia<\/em>:Study. Disponible en: <a href=\"https:\/\/www.lokmattimes.com\/international\/nanoplastics-may-promote-conditions-for-parkinsons-dementia-study\/am\">https:\/\/www.lokmattimes.com\/international\/nanoplastics-may-promote-conditions-for-parkinsons-dementia-study\/am<\/a>;&nbsp;&nbsp;EARTHDAY.ORC (2023). Charron A., Wunsh J., Lightcap L., Tagliavia T., Ellis A. Health. BABES VS. PLASTICS. Disponible en: <a href=\"https:\/\/www.earthday.org\/wp-content\/uploads\/2023\/11\/BVP-Report.pdf\">https:\/\/www.earthday.org\/wp-content\/uploads\/2023\/11\/BVP-Report.pdf<\/a><\/li>\n\n\n\n<li>Orellana, Marcos. Informe del Relator Especial sobre las implicaciones para los derechos humanos de la gestio\u0301n y eliminacio\u0301n ecolo\u0301gicamente racionales de las sustancias y los desechos peligrosos (A\/HRC\/36\/41). En&nbsp; https:\/\/documents.un.org\/doc\/undoc\/gen\/g17\/218\/46\/pdf\/g1721846.pdf&nbsp;&nbsp;<\/li>\n<\/ol>\n\n<h2 class=\"wp-block-heading\">Act\u00faa por un futuro sin pl\u00e1sticos.<\/h2>\n\t\t\t<section\n\t\t\tclass=\"boxout  \"\n\t\t\t\n\t\t>\n\t\t\t<a\n\t\t\t\tdata-ga-category=\"Take Action Boxout\"\n\t\t\t\tdata-ga-action=\"Image\"\n\t\t\t\tdata-ga-label=\"n\/a\"\n\t\t\t\tclass=\"cover-card-overlay\"\n\t\t\t\thref=\"https:\/\/www.greenpeace.org\/mexico\/campanas\/oceanos\/oceanos-sin-plasticos\/\" \n\t\t\t><\/a>\n\t\t\t\t\t\t\t<img\n\t\t\t\t\t\tsrc=\"https:\/\/www.greenpeace.org\/static\/planet4-mexico-stateless\/2024\/06\/89d2bf96-26-oceanos-gg-e1719266120289-1024x683.jpg\"\n\t\t\t\t\t\tsrcset=\"https:\/\/www.greenpeace.org\/static\/planet4-mexico-stateless\/2024\/06\/89d2bf96-26-oceanos-gg-e1719266120289-300x200.jpg 300w, https:\/\/www.greenpeace.org\/static\/planet4-mexico-stateless\/2024\/06\/89d2bf96-26-oceanos-gg-e1719266120289-1024x683.jpg 1024w, https:\/\/www.greenpeace.org\/static\/planet4-mexico-stateless\/2024\/06\/89d2bf96-26-oceanos-gg-e1719266120289-768x512.jpg 768w, https:\/\/www.greenpeace.org\/static\/planet4-mexico-stateless\/2024\/06\/89d2bf96-26-oceanos-gg-e1719266120289-1536x1025.jpg 1536w, https:\/\/www.greenpeace.org\/static\/planet4-mexico-stateless\/2024\/06\/89d2bf96-26-oceanos-gg-e1719266120289-510x340.jpg 510w, https:\/\/www.greenpeace.org\/static\/planet4-mexico-stateless\/2024\/06\/89d2bf96-26-oceanos-gg-e1719266120289-2048x1366.jpg 2048w\"\n\t\t\t\t\t\tsizes=\"(min-width: 1000px) 358px, (min-width: 780px) 313px, 88px\"\n\t\t\t\t\t\talt=\"Lanzamiento de iniciativa ciudadana por Greenpeace M\u00e9xico que busca cambiar la legislaci\u00f3n mexicana para detener la contaminaci\u00f3n pl\u00e1stica.\" title=\"Lanzamiento de iniciativa ciudadana por Greenpeace M\u00e9xico que busca cambiar la legislaci\u00f3n mexicana para detener la contaminaci\u00f3n pl\u00e1stica.\"\n\t\t\t\t\/>\n            \t\t\t<div class=\"boxout-content\">\n\t\t\t\t\t\t\t\t\t<a\n\t\t\t\t\t\tclass=\"boxout-heading medium\"\n\t\t\t\t\t\tdata-ga-category=\"Take Action Boxout\"\n\t\t\t\t\t\tdata-ga-action=\"Title\"\n\t\t\t\t\t\tdata-ga-label=\"n\/a\"\n\t\t\t\t\t\thref=\"https:\/\/www.greenpeace.org\/mexico\/campanas\/oceanos\/oceanos-sin-plasticos\/\"\n\t\t\t\t\t\t\n\t\t\t\t\t>\n\t\t\t\t\t\tConoce nuestra iniciativa ciudadana.\n\t\t\t\t\t<\/a>\n\t\t\t\t\t\t\t\t\t\t\t\t\t<p class=\"boxout-excerpt\">Suma tu voz al llamado por detener la contaminaci\u00f3n pl\u00e1stica en M\u00e9xico.<\/p>\n\t\t\t\t                                    <a\n                        class=\"btn btn-primary\"\n                        data-ga-category=\"Take Action Boxout\"\n                        data-ga-action=\"Call to Action\"\n                        data-ga-label=\"n\/a\"\n                        href=\"https:\/\/www.greenpeace.org\/mexico\/campanas\/oceanos\/oceanos-sin-plasticos\/\"\n                        \n                    >\n                        Quiero saber m\u00e1s.\n                    <\/a>\n                \t\t\t<\/div>\n\t\t\t\t\t<\/section>\n\t","protected":false},"excerpt":{"rendered":"<p>Tribunal ordena al Congreso prohibir pl\u00e1sticos de un solo uso por su impacto ambiental y en la salud. Greenpeace impulsa iniciativa ciudadana.<\/p>\n","protected":false},"author":79,"featured_media":54552,"comment_status":"open","ping_status":"open","sticky":false,"template":"","format":"standard","meta":{"ep_exclude_from_search":false,"p4_og_title":"Decisi\u00f3n judicial contra los pl\u00e1sticos.","p4_og_description":"Tribunal ordena al Congreso prohibir pl\u00e1sticos de un solo uso por su impacto ambiental y en la salud. Greenpeace impulsa iniciativa ciudadana.","p4_og_image":"https:\/\/www.greenpeace.org\/static\/planet4-mexico-stateless\/2024\/09\/78e912d9-gp0su2jhm-scaled.jpg","p4_og_image_id":"54552","p4_seo_canonical_url":"","p4_campaign_name":"Plastic Free Future","p4_local_project":"","p4_basket_name":"Plastics","p4_department":"","footnotes":""},"categories":[45],"tags":[62,68],"p4-page-type":[14],"class_list":["post-54550","post","type-post","status-publish","format-standard","has-post-thumbnail","hentry","category-plasticos","tag-victorias","tag-mexico-sin-plasticos","p4-page-type-blog"],"_links":{"self":[{"href":"https:\/\/www.greenpeace.org\/mexico\/wp-json\/wp\/v2\/posts\/54550","targetHints":{"allow":["GET"]}}],"collection":[{"href":"https:\/\/www.greenpeace.org\/mexico\/wp-json\/wp\/v2\/posts"}],"about":[{"href":"https:\/\/www.greenpeace.org\/mexico\/wp-json\/wp\/v2\/types\/post"}],"author":[{"embeddable":true,"href":"https:\/\/www.greenpeace.org\/mexico\/wp-json\/wp\/v2\/users\/79"}],"replies":[{"embeddable":true,"href":"https:\/\/www.greenpeace.org\/mexico\/wp-json\/wp\/v2\/comments?post=54550"}],"version-history":[{"count":4,"href":"https:\/\/www.greenpeace.org\/mexico\/wp-json\/wp\/v2\/posts\/54550\/revisions"}],"predecessor-version":[{"id":58071,"href":"https:\/\/www.greenpeace.org\/mexico\/wp-json\/wp\/v2\/posts\/54550\/revisions\/58071"}],"wp:featuredmedia":[{"embeddable":true,"href":"https:\/\/www.greenpeace.org\/mexico\/wp-json\/wp\/v2\/media\/54552"}],"wp:attachment":[{"href":"https:\/\/www.greenpeace.org\/mexico\/wp-json\/wp\/v2\/media?parent=54550"}],"wp:term":[{"taxonomy":"category","embeddable":true,"href":"https:\/\/www.greenpeace.org\/mexico\/wp-json\/wp\/v2\/categories?post=54550"},{"taxonomy":"post_tag","embeddable":true,"href":"https:\/\/www.greenpeace.org\/mexico\/wp-json\/wp\/v2\/tags?post=54550"},{"taxonomy":"p4-page-type","embeddable":true,"href":"https:\/\/www.greenpeace.org\/mexico\/wp-json\/wp\/v2\/p4-page-type?post=54550"}],"curies":[{"name":"wp","href":"https:\/\/api.w.org\/{rel}","templated":true}]}}