{"id":54597,"date":"2024-10-11T14:14:18","date_gmt":"2024-10-11T19:14:18","guid":{"rendered":"https:\/\/www-dev.greenpeace.org\/mexico\/?p=54597"},"modified":"2025-07-22T12:31:47","modified_gmt":"2025-07-22T17:31:47","slug":"semarnat-aprueba-nuevo-proyecto-turistico-en-cabo-pulmo","status":"publish","type":"post","link":"https:\/\/www.greenpeace.org\/mexico\/informacion-prensa\/54597\/semarnat-aprueba-nuevo-proyecto-turistico-en-cabo-pulmo\/","title":{"rendered":"Semarnat aprueba nuevo proyecto tur\u00edstico en Cabo Pulmo"},"content":{"rendered":"\n<p>La Secretar\u00eda de Medio Ambiente y Recursos Naturales (Semarnat) autoriz\u00f3 de nuevo un proyecto tur\u00edstico en el \u00c1rea Natural Protegida (ANP) Parque Nacional Cabo Pulmo, a pesar de que la Comisi\u00f3n Nacional de \u00c1reas Naturales Protegidas (Conanp) dijo que no era compatible por las posibles afectaciones al Parque marino, denunciaron Greenpeace M\u00e9xico y la Coalici\u00f3n Cabo Pulmo Vivo.&nbsp;<\/p>\n\n<p>La Semarnat aprob\u00f3 la construcci\u00f3n de un complejo tur\u00edstico y residencial en una superficie de 68.6 hect\u00e1reas. El proyecto \u201cLa Abundancia\u201d promovido por Gre El Rinc\u00f3n S de RL de CV, invade 500 metros cuadrados de la zona costera del Parque Nacional&nbsp; Cabo Pulmo, incluye un hotel, viviendas residenciales, un club de playa, vialidades, servicios y un \u00e1rea comercial. Para abastecer de agua al complejo, se pretende utilizar agua del acu\u00edfero de Cabo Pulmo (el cual ya presenta d\u00e9ficits y no alcanza a abastecer las necesidades de la comunidad actual), adem\u00e1s de la construcci\u00f3n de una desaladora. Se estima que durante la operaci\u00f3n del complejo se generar\u00e1n 2,279.32 kg\/d\u00eda de residuos s\u00f3lidos, lo que equivale a un total de 832 toneladas\/a\u00f1o.<\/p>\n\n<h2 class=\"wp-block-heading\">Opiniones encontradas sobre la compatibilidad ambiental del proyecto<\/h2>\n\n<p>A pesar de que la Conanp, al ser consultada por la Semarnat, declar\u00f3 que el proyecto &#8220;No resulta compatible con el Decreto de creaci\u00f3n y Programa de Manejo del Parque Nacional Cabo Pulmo, debido a las posibles afectaciones a los objetivos de conservaci\u00f3n del ANP y sus ecosistemas\u201d, el gobierno de Baja California Sur lo declar\u00f3 &#8220;Factible en Materia Ambiental&#8221;. Esta contradicci\u00f3n entre la opini\u00f3n de la Conanp, responsable de la protecci\u00f3n del Parque Nacional, y la decisi\u00f3n del gobierno estatal, genera preocupaci\u00f3n sobre la protecci\u00f3n de este importante ecosistema. Cabe mencionar que la aprobaci\u00f3n del proyecto se dio a conocer el d\u00eda 10 de octubre a trav\u00e9s de la p\u00e1gina de la Semarnat, sin embargo, la autorizaci\u00f3n tiene fecha del 12 de septiembre, es decir, se emiti\u00f3 en la administraci\u00f3n pasada.&nbsp;<\/p>\n\n<p>Aleira Lara, directora de campa\u00f1as de Greenpeace M\u00e9xico, expres\u00f3 su profunda preocupaci\u00f3n por la aprobaci\u00f3n del complejo tur\u00edstico en Cabo Pulmo y urgi\u00f3 a la Secretar\u00eda de Medio Ambiente y Recursos Naturales, Alicia B\u00e1rcena, a reconsiderar esta decisi\u00f3n que pone en riesgo un ecosistema de vital importancia.<\/p>\n\n<h3 class=\"wp-block-heading\">Cabo Pulmo: historia de conservaci\u00f3n frente a amenazas tur\u00edsticas\u00a0<\/h3>\n\n<p>&#8220;Hacemos un llamado a Alicia B\u00e1rcena para resarcir este error ambiental al aprobar el complejo tur\u00edstico en Cabo Pulmo, y no dar continuidad a la destrucci\u00f3n de ecosistemas vulnerables como ocurri\u00f3 en la administraci\u00f3n pasada&#8221;, declar\u00f3 Lara. &#8220;El parque marino de Cabo Pulmo es una joya natural que tenemos que conservar&#8221;.<\/p>\n\n<p>En 1995, Cabo Pulmo fue declarado un \u00c1rea Natural Protegida, bajo la categor\u00eda de Parque Marino Nacional y alberga diversas especies migratorias, como tiburones ballena, mantarrayas gigantes, ballenas jorobadas, tortugas marinas y tiburones. La historia de este parque marino ha estado marcada por la lucha de la comunidad local, comunidades vecinas y una coalici\u00f3n de organizaciones no gubernamentales contra los intereses de explotaci\u00f3n de grandes compa\u00f1\u00edas que han pretendido implementar un modelo de turismo depredador. La construcci\u00f3n de este nuevo proyecto representa una grave amenaza para el Parque, uno de los m\u00e1s importantes del Golfo de California.<\/p>\n\n<figure class=\"wp-block-image\"><img decoding=\"async\" src=\"https:\/\/lh7-rt.googleusercontent.com\/docsz\/AD_4nXdeXs7jwMr8aeS1nBUug7seRjEDjCjaExlhorgK_pqXGe4QdKDaVHctNEQJZVx1zCCjiY110nToCm2mc95AqKYtd3ftXi0mSxxmEnezgTkj-GL1SNfMIui_UQWp4jN1RalGSZ_Czo7-YFYxCCiOPFTtb6Q?key=bKn3RsRq7yiJqY-vFi80Aw\" alt=\"Mapa de una fracci\u00f3n del proyecto &quot;La abundancia&quot; dentro del Parque Nacional Cabo Pulmo.\"\/><figcaption class=\"wp-element-caption\">Fracci\u00f3n del proyecto dentro del Parque Nacional Cabo Pulmo<\/figcaption><\/figure>\n","protected":false},"excerpt":{"rendered":"<p>Semarnat aprueba complejo tur\u00edstico en Cabo Pulmo pese a riesgos ambientales; organizaciones alertan sobre impacto en ecosistema protegido.<\/p>\n","protected":false},"author":29,"featured_media":54598,"comment_status":"open","ping_status":"open","sticky":false,"template":"","format":"standard","meta":{"ep_exclude_from_search":false,"p4_og_title":"Semarnat aprueba nuevo proyecto tur\u00edstico en Cabo Pulmo","p4_og_description":"Semarnat aprueba complejo tur\u00edstico en Cabo Pulmo pese a riesgos ambientales; organizaciones alertan sobre impacto en ecosistema protegido.","p4_og_image":"https:\/\/www.greenpeace.org\/static\/planet4-mexico-stateless\/2024\/10\/9a9c0ab6-gp019ha_pressmedia-2500px-2.jpg","p4_og_image_id":"54598","p4_seo_canonical_url":"","p4_campaign_name":"","p4_local_project":"","p4_basket_name":"","p4_department":"","footnotes":""},"categories":[44],"tags":[66,57],"p4-page-type":[16],"class_list":["post-54597","post","type-post","status-publish","format-standard","has-post-thumbnail","hentry","category-oceanos","tag-cabo-pulmo","tag-turismo","p4-page-type-informacion-prensa"],"_links":{"self":[{"href":"https:\/\/www.greenpeace.org\/mexico\/wp-json\/wp\/v2\/posts\/54597","targetHints":{"allow":["GET"]}}],"collection":[{"href":"https:\/\/www.greenpeace.org\/mexico\/wp-json\/wp\/v2\/posts"}],"about":[{"href":"https:\/\/www.greenpeace.org\/mexico\/wp-json\/wp\/v2\/types\/post"}],"author":[{"embeddable":true,"href":"https:\/\/www.greenpeace.org\/mexico\/wp-json\/wp\/v2\/users\/29"}],"replies":[{"embeddable":true,"href":"https:\/\/www.greenpeace.org\/mexico\/wp-json\/wp\/v2\/comments?post=54597"}],"version-history":[{"count":3,"href":"https:\/\/www.greenpeace.org\/mexico\/wp-json\/wp\/v2\/posts\/54597\/revisions"}],"predecessor-version":[{"id":55176,"href":"https:\/\/www.greenpeace.org\/mexico\/wp-json\/wp\/v2\/posts\/54597\/revisions\/55176"}],"wp:featuredmedia":[{"embeddable":true,"href":"https:\/\/www.greenpeace.org\/mexico\/wp-json\/wp\/v2\/media\/54598"}],"wp:attachment":[{"href":"https:\/\/www.greenpeace.org\/mexico\/wp-json\/wp\/v2\/media?parent=54597"}],"wp:term":[{"taxonomy":"category","embeddable":true,"href":"https:\/\/www.greenpeace.org\/mexico\/wp-json\/wp\/v2\/categories?post=54597"},{"taxonomy":"post_tag","embeddable":true,"href":"https:\/\/www.greenpeace.org\/mexico\/wp-json\/wp\/v2\/tags?post=54597"},{"taxonomy":"p4-page-type","embeddable":true,"href":"https:\/\/www.greenpeace.org\/mexico\/wp-json\/wp\/v2\/p4-page-type?post=54597"}],"curies":[{"name":"wp","href":"https:\/\/api.w.org\/{rel}","templated":true}]}}