{"id":54893,"date":"2025-03-18T17:58:10","date_gmt":"2025-03-18T22:58:10","guid":{"rendered":"https:\/\/www-dev.greenpeace.org\/mexico\/?p=54893"},"modified":"2025-08-01T14:39:49","modified_gmt":"2025-08-01T19:39:49","slug":"este-pez-diablo-conquisto-corazones-en-todo-el-mundo-pero-el-futuro-de-su-especie-pende-de-un-hilo","status":"publish","type":"post","link":"https:\/\/www.greenpeace.org\/mexico\/blog\/54893\/este-pez-diablo-conquisto-corazones-en-todo-el-mundo-pero-el-futuro-de-su-especie-pende-de-un-hilo\/","title":{"rendered":"Este Pez Diablo conquist\u00f3 corazones en todo el mundo, pero el futuro de su especie pende de un hilo"},"content":{"rendered":"\n<p>Emergiendo de las profundidades oce\u00e1nicas hacia el reino de los humanos, un raro diablo marino negro nada hacia la luz del mundo de arriba. <strong>El pez diablo suele vivir en las profundidades marinas, hasta 1.500 metros por debajo de la superficie del agua, donde no llega el sol.<\/strong> Las im\u00e1genes virales de su ascenso causaron furor en todo el mundo.<\/p>\n\n<p>El pez salt\u00f3 a la fama al aparecer en las pantallas de todo el planeta, inspirando r\u00e1pidamente el arte, convirti\u00e9ndose en una sensaci\u00f3n de Internet y en noticia internacional. Capt\u00f3 los corazones del mundo e inspir\u00f3 curiosidad por un lugar tan virgen, tan rico en vida y tan inexplorado que desde hace tiempo atrae la atenci\u00f3n mundial de cient\u00edficos y ecologistas.&nbsp;<\/p>\n\n<figure class=\"wp-block-image size-full\"><img loading=\"lazy\" decoding=\"async\" width=\"900\" height=\"601\" src=\"https:\/\/www.greenpeace.org\/static\/planet4-mexico-stateless\/2025\/03\/f509cea9-anglerfish-pic-please-keep-credit-or-credit-condrik-tenerife.jpeg\" title=\"Fotograf\u00eda de un pez diablo.\" alt=\"Fotograf\u00eda marina de un pez diablo.\" class=\"wp-image-54896\" srcset=\"https:\/\/www.greenpeace.org\/static\/planet4-mexico-stateless\/2025\/03\/f509cea9-anglerfish-pic-please-keep-credit-or-credit-condrik-tenerife.jpeg 900w, https:\/\/www.greenpeace.org\/static\/planet4-mexico-stateless\/2025\/03\/f509cea9-anglerfish-pic-please-keep-credit-or-credit-condrik-tenerife-300x200.jpeg 300w, https:\/\/www.greenpeace.org\/static\/planet4-mexico-stateless\/2025\/03\/f509cea9-anglerfish-pic-please-keep-credit-or-credit-condrik-tenerife-768x513.jpeg 768w, https:\/\/www.greenpeace.org\/static\/planet4-mexico-stateless\/2025\/03\/f509cea9-anglerfish-pic-please-keep-credit-or-credit-condrik-tenerife-510x340.jpeg 510w\" sizes=\"auto, (max-width: 900px) 100vw, 900px\" \/><figcaption class=\"wp-element-caption\">Pez Diablo Negro<div class=\"credit icon-left\"> \u00a9 Condrick Tenerfie<\/div><\/figcaption><\/figure>\n\n<p>El Pez Diablo ha despertado asombro y admiraci\u00f3n en muchos de nosotros: una misteriosa criatura que existe en las profundidades marinas, fuera del alcance de las manos humanas.<\/p>\n\n<p>Pero la verdad es que no est\u00e1 realmente fuera del alcance de la destrucci\u00f3n humana, ya que <strong>una industria pretende convertir las profundidades marinas en un yacimiento minero industrial, y podr\u00eda aprobarse en menos de seis meses.<\/strong><\/p>\n\n<h2 class=\"wp-block-heading\">\u00bfQu\u00e9 es la miner\u00eda submarina?<\/h2>\n\n<p><strong>La miner\u00eda en aguas profundas es una nueva industria destructiva que pretende extraer metales y minerales de los fondos marinos.<\/strong> Est\u00e1 <em>a punto<\/em> de comenzar en la zona de Clarion-Clipperton, en el Oc\u00e9ano Pac\u00edfico, donde<strong> empresas como <em>The Metals Company<\/em> planean dejar caer maquinaria de acero gigante y trituradora para desgarrar el fondo oce\u00e1nico virgen.<\/strong><\/p>\n\n<p><strong>Si se permite su inicio, la miner\u00eda de aguas profundas da\u00f1ar\u00eda los oc\u00e9anos irreparablemente, llevando posiblemente a la extinci\u00f3n a innumerables especies. <\/strong>Las familias de especies de pez diablo se enfrentar\u00edan a este torbellino de destrucci\u00f3n. Tambi\u00e9n podr\u00eda alterar los ecosistemas m\u00e1s amplios del oc\u00e9ano de los que dependen millones de personas que viven en el Oc\u00e9ano Pac\u00edfico.<\/p>\n\n<p><strong>Uno de los riesgos m\u00e1s aterradores en lo que se refiere a la miner\u00eda submarina es que no podemos comprender plenamente los riesgos. <\/strong>S\u00f3lo conocemos una m\u00ednima parte de lo que hay en las profundidades marinas y cada a\u00f1o descubrimos cosas nuevas, como un nuevo pez en la zona Clarion-Clipperton el a\u00f1o pasado.<\/p>\n\n<figure class=\"wp-block-image size-large\"><img loading=\"lazy\" decoding=\"async\" width=\"1024\" height=\"744\" src=\"https:\/\/www.greenpeace.org\/static\/planet4-mexico-stateless\/2025\/03\/0c1aa34b-gp0su3t9t_medium-res-with-credit-line-1200px-1024x744.jpg\" alt=\"\" class=\"wp-image-54897\" srcset=\"https:\/\/www.greenpeace.org\/static\/planet4-mexico-stateless\/2025\/03\/0c1aa34b-gp0su3t9t_medium-res-with-credit-line-1200px-1024x744.jpg 1024w, https:\/\/www.greenpeace.org\/static\/planet4-mexico-stateless\/2025\/03\/0c1aa34b-gp0su3t9t_medium-res-with-credit-line-1200px-300x218.jpg 300w, https:\/\/www.greenpeace.org\/static\/planet4-mexico-stateless\/2025\/03\/0c1aa34b-gp0su3t9t_medium-res-with-credit-line-1200px-768x558.jpg 768w, https:\/\/www.greenpeace.org\/static\/planet4-mexico-stateless\/2025\/03\/0c1aa34b-gp0su3t9t_medium-res-with-credit-line-1200px-468x340.jpg 468w, https:\/\/www.greenpeace.org\/static\/planet4-mexico-stateless\/2025\/03\/0c1aa34b-gp0su3t9t_medium-res-with-credit-line-1200px.jpg 1200w\" sizes=\"auto, (max-width: 1024px) 100vw, 1024px\" \/><figcaption class=\"wp-element-caption\">Calamar fresa, Histioteuthis heteropsis, una especie de calamar ojo de gallo bioluminiscente, en las profundidades marinas, Oc\u00e9ano Pac\u00edfico Oriental.<div class=\"credit icon-left\"> \u00a9Blue Planet Archive \/ David Wrobel<\/div><\/figcaption><\/figure>\n\n<p><strong>Lo que sabemos de las profundidades marinas es asombroso: a kil\u00f3metros de profundidad viven criaturas m\u00e1gicas como el pez diablo negro, el calamar fresa, el pulpo gigante, el colmillejo y muchas otras. <\/strong>Todas estas criaturas se han adaptado a su entorno \u00fanico, un entorno que se ver\u00eda amenazado por la miner\u00eda submarina.<\/p>\n\n<h2 class=\"wp-block-heading\">\u00bfCu\u00e1ndo podr\u00eda empezar la miner\u00eda submarina? (Spoiler: demasiado pronto)<\/h2>\n\n<p><strong>La explotaci\u00f3n minera en los fondos marinos no ha comenzado, pero no es por falta de intentos de la industria.<\/strong> En estos momentos, pol\u00edticos de todo el mundo se re\u00fanen en la Autoridad Internacional de los Fondos Marinos (ISA) para debatir el futuro de la explotaci\u00f3n minera en los fondos marinos del Pac\u00edfico.<\/p>\n\n<p><strong>El impulso contra la miner\u00eda de aguas profundas es cada vez mayor: 32 pa\u00edses piden ahora una pausa o la prohibici\u00f3n de la miner\u00eda de aguas profundas. <\/strong>Varios pa\u00edses del Pac\u00edfico, como Palaos, Vanuatu y Samoa, se han convertido en l\u00edderes de la protecci\u00f3n de los oc\u00e9anos.<\/p>\n\n<h2 class=\"wp-block-heading\">\u00bfC\u00f3mo podemos proteger las profundidades marinas?<\/h2>\n\n<p><strong>La protecci\u00f3n de las criaturas de las profundidades empieza con que nuestros gobiernos se conviertan en protectores de los oc\u00e9anos.&nbsp;<\/strong><\/p>\n\n<figure class=\"wp-block-image size-large\"><img decoding=\"async\" src=\"https:\/\/www.greenpeace.org\/static\/planet4-mexico-stateless\/2025\/03\/a6bf4ef9-gp0styhef_medium-res-with-credit-line-1200px-1024x684.jpg\" title=\"Activistas de Greenpeace Internacional de todo el mundo han remado y protestado en torno de un buque de perforaci\u00f3n especializado en alta mar que actualmente recopila datos para la empresa puntera en miner\u00eda de aguas profundas, The Metals Company, en su \u00faltima expedici\u00f3n antes de presentar la primera solicitud del mundo para explotar el lecho marino del oc\u00e9ano Pac\u00edfico.<div class=\"credit icon-left\"> \u00a9 Mart\u00edn Katz<\/div>&#8221; alt=&#8221;Activistas de Greenpeace M\u00e9xico en una balsa sosteniendo el mensaje &quot;Alto a la miner\u00eda submarina&quot;, de fondo un buque de perforaci\u00f3n de The Metals Company.&#8221; class=&#8221;wp-image-54894&#8243;\/><figcaption class=\"wp-element-caption\">Activistas de Greenpeace Internacional de todo el mundo han remado y protestado en torno de un buque de perforaci\u00f3n especializado en alta mar que actualmente recopila datos para la empresa puntera en miner\u00eda de aguas profundas, The Metals Company, en su \u00faltima expedici\u00f3n antes de presentar la primera solicitud del mundo para explotar el lecho marino del oc\u00e9ano Pac\u00edfico.<div class=\"credit icon-left\"> \u00a9 Mart\u00edn Katz<\/div><\/figcaption><\/figure>\n\n<p>Por el momento todav\u00eda no hay miner\u00eda submarina en alta mar. Pero mientras los pol\u00edticos se re\u00fanen para debatir el futuro de la miner\u00eda en los fondos marinos, ahora es un momento crucial para instar a tu gobierno a que pida una moratoria firmando la petici\u00f3n.&nbsp;<\/p>\n\n<p><strong>Debemos alzar nuestras voces para proteger las profundidades. El pez diablo depende de ello.<\/strong><\/p>\n\t\t\t<section\n\t\t\tclass=\"boxout  \"\n\t\t\t\n\t\t>\n\t\t\t<a\n\t\t\t\tdata-ga-category=\"Take Action Boxout\"\n\t\t\t\tdata-ga-action=\"Image\"\n\t\t\t\tdata-ga-label=\"n\/a\"\n\t\t\t\tclass=\"cover-card-overlay\"\n\t\t\t\thref=\"https:\/\/act.gp\/3FzW2vH\" \n\t\t\t><\/a>\n\t\t\t\t\t\t\t<img\n\t\t\t\t\t\tsrc=\"https:\/\/www.greenpeace.org\/static\/planet4-mexico-stateless\/2024\/05\/2d360ecc-gp0stx4xw_medium-res-with-credit-line-1200px-1024x683.jpg\"\n\t\t\t\t\t\tsrcset=\"https:\/\/www.greenpeace.org\/static\/planet4-mexico-stateless\/2024\/05\/2d360ecc-gp0stx4xw_medium-res-with-credit-line-1200px-300x200.jpg 300w, https:\/\/www.greenpeace.org\/static\/planet4-mexico-stateless\/2024\/05\/2d360ecc-gp0stx4xw_medium-res-with-credit-line-1200px-1024x683.jpg 1024w, https:\/\/www.greenpeace.org\/static\/planet4-mexico-stateless\/2024\/05\/2d360ecc-gp0stx4xw_medium-res-with-credit-line-1200px-768x512.jpg 768w, https:\/\/www.greenpeace.org\/static\/planet4-mexico-stateless\/2024\/05\/2d360ecc-gp0stx4xw_medium-res-with-credit-line-1200px-510x340.jpg 510w, https:\/\/www.greenpeace.org\/static\/planet4-mexico-stateless\/2024\/05\/2d360ecc-gp0stx4xw_medium-res-with-credit-line-1200px.jpg 1200w\"\n\t\t\t\t\t\tsizes=\"(min-width: 1000px) 358px, (min-width: 780px) 313px, 88px\"\n\t\t\t\t\t\talt=\"\" title=\"\"\n\t\t\t\t\/>\n            \t\t\t<div class=\"boxout-content\">\n\t\t\t\t\t\t\t\t\t<a\n\t\t\t\t\t\tclass=\"boxout-heading medium\"\n\t\t\t\t\t\tdata-ga-category=\"Take Action Boxout\"\n\t\t\t\t\t\tdata-ga-action=\"Title\"\n\t\t\t\t\t\tdata-ga-label=\"n\/a\"\n\t\t\t\t\t\thref=\"https:\/\/act.gp\/3FzW2vH\"\n\t\t\t\t\t\t\n\t\t\t\t\t>\n\t\t\t\t\t\t\u00a1Protege la vida en el fondo marino!\n\t\t\t\t\t<\/a>\n\t\t\t\t\t\t\t\t\t\t\t\t\t<p class=\"boxout-excerpt\">Usa tu voz para pedir un alto a los planes destructivos de la miner\u00eda submarina.<\/p>\n\t\t\t\t                                    <a\n                        class=\"btn btn-primary\"\n                        data-ga-category=\"Take Action Boxout\"\n                        data-ga-action=\"Call to Action\"\n                        data-ga-label=\"n\/a\"\n                        href=\"https:\/\/act.gp\/3FzW2vH\"\n                        \n                    >\n                        Firma aqu\u00ed\n                    <\/a>\n                \t\t\t<\/div>\n\t\t\t\t\t<\/section>\n\t","protected":false},"excerpt":{"rendered":"<p>El Pez Diablo, una especie fascinante de las profundidades marinas, enfrenta la amenaza de la miner\u00eda submarina. Su futuro depende de la protecci\u00f3n de los oc\u00e9anos.<\/p>\n","protected":false},"author":79,"featured_media":54896,"comment_status":"open","ping_status":"open","sticky":false,"template":"","format":"standard","meta":{"ep_exclude_from_search":false,"p4_og_title":"Este Pez Diablo conquist\u00f3 corazones en todo el mundo, pero el futuro de su especie pende de un hilo.","p4_og_description":"El Pez Diablo, una especie fascinante de las profundidades marinas, enfrenta la amenaza de la miner\u00eda submarina. Su futuro depende de la protecci\u00f3n de los oc\u00e9anos.","p4_og_image":"https:\/\/www.greenpeace.org\/static\/planet4-mexico-stateless\/2025\/03\/f509cea9-anglerfish-pic-please-keep-credit-or-credit-condrik-tenerife.jpeg","p4_og_image_id":"54896","p4_seo_canonical_url":"","p4_campaign_name":"Stop Deep Sea Mining","p4_local_project":"","p4_basket_name":"","p4_department":"","footnotes":""},"categories":[44],"tags":[65,42],"p4-page-type":[14],"class_list":["post-54893","post","type-post","status-publish","format-standard","has-post-thumbnail","hentry","category-oceanos","tag-mineria-submarina","tag-animales-en-peligro","p4-page-type-blog"],"_links":{"self":[{"href":"https:\/\/www.greenpeace.org\/mexico\/wp-json\/wp\/v2\/posts\/54893","targetHints":{"allow":["GET"]}}],"collection":[{"href":"https:\/\/www.greenpeace.org\/mexico\/wp-json\/wp\/v2\/posts"}],"about":[{"href":"https:\/\/www.greenpeace.org\/mexico\/wp-json\/wp\/v2\/types\/post"}],"author":[{"embeddable":true,"href":"https:\/\/www.greenpeace.org\/mexico\/wp-json\/wp\/v2\/users\/79"}],"replies":[{"embeddable":true,"href":"https:\/\/www.greenpeace.org\/mexico\/wp-json\/wp\/v2\/comments?post=54893"}],"version-history":[{"count":4,"href":"https:\/\/www.greenpeace.org\/mexico\/wp-json\/wp\/v2\/posts\/54893\/revisions"}],"predecessor-version":[{"id":60124,"href":"https:\/\/www.greenpeace.org\/mexico\/wp-json\/wp\/v2\/posts\/54893\/revisions\/60124"}],"wp:featuredmedia":[{"embeddable":true,"href":"https:\/\/www.greenpeace.org\/mexico\/wp-json\/wp\/v2\/media\/54896"}],"wp:attachment":[{"href":"https:\/\/www.greenpeace.org\/mexico\/wp-json\/wp\/v2\/media?parent=54893"}],"wp:term":[{"taxonomy":"category","embeddable":true,"href":"https:\/\/www.greenpeace.org\/mexico\/wp-json\/wp\/v2\/categories?post=54893"},{"taxonomy":"post_tag","embeddable":true,"href":"https:\/\/www.greenpeace.org\/mexico\/wp-json\/wp\/v2\/tags?post=54893"},{"taxonomy":"p4-page-type","embeddable":true,"href":"https:\/\/www.greenpeace.org\/mexico\/wp-json\/wp\/v2\/p4-page-type?post=54893"}],"curies":[{"name":"wp","href":"https:\/\/api.w.org\/{rel}","templated":true}]}}