{"id":56715,"date":"2025-04-25T00:47:15","date_gmt":"2025-04-25T05:47:15","guid":{"rendered":"https:\/\/www-dev.greenpeace.org\/mexico\/?p=56715"},"modified":"2025-08-11T18:46:43","modified_gmt":"2025-08-11T23:46:43","slug":"apoyo-total-a-la-lucha-ciudadana-de-bacalar-ante-la-suspension-de-las-obras-de-la-sedena","status":"publish","type":"post","link":"https:\/\/www.greenpeace.org\/mexico\/informacion-prensa\/56715\/apoyo-total-a-la-lucha-ciudadana-de-bacalar-ante-la-suspension-de-las-obras-de-la-sedena\/","title":{"rendered":"Apoyo total a la lucha ciudadana de Bacalar ante la suspensi\u00f3n de las obras de la Sedena"},"content":{"rendered":"\n<p><strong>Ciudad de M\u00e9xico, a 25 de abril de 2025 <\/strong>&#8211; Desde Greenpeace M\u00e9xico expresamos nuestro apoyo a la lucha ciudadana en Bacalar y celebramos la suspensi\u00f3n provisional concedida el pasado 22 de abril por un Juez de Distrito en Quintana Roo, a las obras de construcci\u00f3n que la Secretar\u00eda de la Defensa Nacional (Sedena) realiza en la zona federal de la Laguna de Bacalar.<\/p>\n\n<figure class=\"wp-block-image size-large\"><img loading=\"lazy\" decoding=\"async\" width=\"1024\" height=\"683\" src=\"https:\/\/www.greenpeace.org\/static\/planet4-mexico-stateless\/2025\/06\/1d311d44-bacalar-1024x683.jpg\" title=\"Fotograf\u00eda a\u00e9rea de la Laguna de Bacalar.\" alt=\"Fotograf\u00eda a\u00e9rea de la Laguna de Bacalar.\" class=\"wp-image-56716\" srcset=\"https:\/\/www.greenpeace.org\/static\/planet4-mexico-stateless\/2025\/06\/1d311d44-bacalar-1024x683.jpg 1024w, https:\/\/www.greenpeace.org\/static\/planet4-mexico-stateless\/2025\/06\/1d311d44-bacalar-300x200.jpg 300w, https:\/\/www.greenpeace.org\/static\/planet4-mexico-stateless\/2025\/06\/1d311d44-bacalar-768x512.jpg 768w, https:\/\/www.greenpeace.org\/static\/planet4-mexico-stateless\/2025\/06\/1d311d44-bacalar-1536x1025.jpg 1536w, https:\/\/www.greenpeace.org\/static\/planet4-mexico-stateless\/2025\/06\/1d311d44-bacalar-2048x1366.jpg 2048w, https:\/\/www.greenpeace.org\/static\/planet4-mexico-stateless\/2025\/06\/1d311d44-bacalar-510x340.jpg 510w\" sizes=\"auto, (max-width: 1024px) 100vw, 1024px\" \/><\/figure>\n\n<p>Esta medida es un paso significativo en la defensa ambiental y un logro de la ciudadan\u00eda y organizaciones que han alzado la voz para defender el equilibrio ecol\u00f3gico, el patrimonio cultural y el derecho a un medio ambiente sano.<\/p>\n\n<p>Los colectivos Proyecto Justicia Com\u00fan (PROJUC) y Defendiendo el Derecho a un Medio Ambiente Sano, A.C. (DMAS), promovieron un amparo para detener estas obras, respaldados por la ciudadan\u00eda organizada. Por su parte, Greenpeace M\u00e9xico se sum\u00f3 a una Denuncia Popular ante la Profepa, en conjunto con organizaciones de Quintana Roo.<\/p>\n\n<p>La construcci\u00f3n, iniciada en enero de este a\u00f1o, fue denunciada por no contar con los permisos ambientales necesarios, como la Manifestaci\u00f3n de Impacto Ambiental (MIA), ni haber pasado por un proceso de consulta p\u00fablica a la comunidad.&nbsp;<\/p>\n\n<p>El proceso de dragado con maquinaria pesada podr\u00eda ocasionar da\u00f1os ambientales irreversibles a la laguna de los siete colores, adem\u00e1s de las afectaciones propias de la construcci\u00f3n y uso del inmueble.&nbsp;<\/p>\n\n<p>Hasta el momento, la Sedena se ha limitado a alegar que su construcci\u00f3n est\u00e1 exenta de presentar la Manifestaci\u00f3n de Impacto Ambiental que la ley ordena, mientras que la Semarnat alega que se trata de una intervenci\u00f3n que no genera desequilibrio ecol\u00f3gico, pero sin mayor justificaci\u00f3n o pruebas que respalden tal afirmaci\u00f3n. [1]<\/p>\n\n<p>Si bien, esta suspensi\u00f3n es un paso importante en la lucha ciudadana por la preservaci\u00f3n de la laguna de Bacalar,&nbsp; ser\u00e1 hasta el 28 de abril cuando se celebre una audiencia incidental, en la cual se definir\u00e1 si se otorga la suspensi\u00f3n definitiva, lo cual implicar\u00eda detener la construcci\u00f3n de la Sedena hasta que se dicte la sentencia del Amparo.<\/p>\n\n<p>Hacemos un llamado a la legalidad y la transparencia por parte de las autoridades encargadas de salvaguardar la integridad de la laguna y del medio ambiente. Es indispensable que se realice una revisi\u00f3n profunda sobre los impactos ambientales del proyecto, y que se garantice la participaci\u00f3n informada de la comunidad.<\/p>\n\n<p>Reiteramos nuestra solidaridad con el pueblo de Bacalar y con todas las personas que defienden el derecho a un ambiente sano en la regi\u00f3n. Seguiremos atentos al proceso judicial y sumando voces para que este precedente se traduzca en justicia ecol\u00f3gica y respeto pleno a la legalidad y los derechos de las comunidades.<\/p>\n\n<p>Notas:<\/p>\n\n<ol class=\"wp-block-list\">\n<li>Comunicado: Semarnat informa sobre proyecto de remodelaci\u00f3n en Bacalar. https:\/\/www.gob.mx\/semarnat\/prensa\/semarnat-informa-sobre-proyecto-de-remodelacion-en-bacalar?idiom=es<\/li>\n<\/ol>\n\n<p><\/p>\n","protected":false},"excerpt":{"rendered":"<p>Apoyo a Bacalar: ciudadan\u00eda logra suspensi\u00f3n provisional de obras de la Sedena para proteger la laguna y exigir respeto al medio ambiente.<\/p>\n","protected":false},"author":82,"featured_media":56716,"comment_status":"open","ping_status":"open","sticky":false,"template":"","format":"standard","meta":{"ep_exclude_from_search":false,"p4_og_title":"Apoyo total a la lucha ciudadana de Bacalar ante la suspensi\u00f3n de las obras de la Sedena","p4_og_description":"Apoyo a Bacalar: ciudadan\u00eda logra suspensi\u00f3n provisional de obras de la Sedena para proteger la laguna y exigir respeto al medio ambiente","p4_og_image":"https:\/\/www.greenpeace.org\/static\/planet4-mexico-stateless\/2025\/06\/1d311d44-bacalar.jpg","p4_og_image_id":"56716","p4_seo_canonical_url":"","p4_campaign_name":"","p4_local_project":"","p4_basket_name":"","p4_department":"","footnotes":""},"categories":[40],"tags":[53,58],"p4-page-type":[16],"class_list":["post-56715","post","type-post","status-publish","format-standard","has-post-thumbnail","hentry","category-selva-maya","tag-perdida-de-ecosistemas","tag-inmobiliaria","p4-page-type-informacion-prensa"],"_links":{"self":[{"href":"https:\/\/www.greenpeace.org\/mexico\/wp-json\/wp\/v2\/posts\/56715","targetHints":{"allow":["GET"]}}],"collection":[{"href":"https:\/\/www.greenpeace.org\/mexico\/wp-json\/wp\/v2\/posts"}],"about":[{"href":"https:\/\/www.greenpeace.org\/mexico\/wp-json\/wp\/v2\/types\/post"}],"author":[{"embeddable":true,"href":"https:\/\/www.greenpeace.org\/mexico\/wp-json\/wp\/v2\/users\/82"}],"replies":[{"embeddable":true,"href":"https:\/\/www.greenpeace.org\/mexico\/wp-json\/wp\/v2\/comments?post=56715"}],"version-history":[{"count":4,"href":"https:\/\/www.greenpeace.org\/mexico\/wp-json\/wp\/v2\/posts\/56715\/revisions"}],"predecessor-version":[{"id":58052,"href":"https:\/\/www.greenpeace.org\/mexico\/wp-json\/wp\/v2\/posts\/56715\/revisions\/58052"}],"wp:featuredmedia":[{"embeddable":true,"href":"https:\/\/www.greenpeace.org\/mexico\/wp-json\/wp\/v2\/media\/56716"}],"wp:attachment":[{"href":"https:\/\/www.greenpeace.org\/mexico\/wp-json\/wp\/v2\/media?parent=56715"}],"wp:term":[{"taxonomy":"category","embeddable":true,"href":"https:\/\/www.greenpeace.org\/mexico\/wp-json\/wp\/v2\/categories?post=56715"},{"taxonomy":"post_tag","embeddable":true,"href":"https:\/\/www.greenpeace.org\/mexico\/wp-json\/wp\/v2\/tags?post=56715"},{"taxonomy":"p4-page-type","embeddable":true,"href":"https:\/\/www.greenpeace.org\/mexico\/wp-json\/wp\/v2\/p4-page-type?post=56715"}],"curies":[{"name":"wp","href":"https:\/\/api.w.org\/{rel}","templated":true}]}}