{"id":56880,"date":"2025-05-18T10:30:34","date_gmt":"2025-05-18T15:30:34","guid":{"rendered":"https:\/\/www-dev.greenpeace.org\/mexico\/?p=56880"},"modified":"2025-06-25T09:36:04","modified_gmt":"2025-06-25T14:36:04","slug":"greenpeace-mexico-32-anos-de-lucha-logros-y-agradecimiento","status":"publish","type":"post","link":"https:\/\/www.greenpeace.org\/mexico\/blog\/56880\/greenpeace-mexico-32-anos-de-lucha-logros-y-agradecimiento\/","title":{"rendered":"Greenpeace M\u00e9xico, 32 a\u00f1os de lucha, logros y agradecimiento"},"content":{"rendered":"\n<p>Este mayo, <strong>Greenpeace M\u00e9xico<\/strong> cumple 32 a\u00f1os de existencia. Este <strong>aniversario<\/strong> es la conmemoraci\u00f3n de una historia de lucha, compromiso, logros y mucho agradecimiento a decenas de personas que, con su voz, tiempo, acciones y recursos, han hecho posible la defensa activa del medio ambiente en nuestro pa\u00eds.&nbsp;<\/p>\n\n<p>A lo largo de estas tres d\u00e9cadas, Greenpeace M\u00e9xico ha enfrentado grandes desaf\u00edos, pero tambi\u00e9n alcanz\u00f3 logros hist\u00f3ricos gracias al apoyo incansable de sus socios, voluntarios y activistas.<\/p>\n\n<figure class=\"wp-block-image size-large\"><img loading=\"lazy\" decoding=\"async\" width=\"693\" height=\"1024\" src=\"https:\/\/www.greenpeace.org\/static\/planet4-mexico-stateless\/2025\/06\/08b7f90d-greenpeace-mexico-historia-693x1024.jpg\" title=\"Activista de Greenpeace M\u00e9xico prestando primeros auxilios a la Estatua de Diana, el s\u00edmbolo de la ciudad, con una m\u00e1scara de gas.\" alt=\"Activista de Greenpeace M\u00e9xico prestando primeros auxilios a la Estatua de Diana, el s\u00edmbolo de la ciudad, con una m\u00e1scara de gas. \" class=\"wp-image-56881\"\/><figcaption class=\"wp-element-caption\">Un escalador de Greenpeace prest\u00f3 primeros auxilios a la Estatua de Diana, el s\u00edmbolo de la ciudad, con una m\u00e1scara de gas, el 18 de mayo de 1993.<div class=\"credit icon-left\"> \u00a9 Greenpeace \/ Miguel \u00c1ngel De Quevedo<\/div><\/figcaption><\/figure>\n\n<p>Hoy es momento de mirar atr\u00e1s con orgullo y dar gracias, porque sin las personas comprometidas con la vida, con los oc\u00e9anos, con los bosques, con la <a href=\"https:\/\/www.greenpeace.org\/mexico\/noticia\/55550\/apoyo-total-a-la-lucha-ciudadana-de-bacalar-ante-la-suspension-de-las-obras-de-la-sedena\/\"><strong>selva maya<\/strong><\/a>, con los animales y con un planeta sano, nada de esto habr\u00eda sido posible.<\/p>\n\n<h2 class=\"wp-block-heading\"><strong>\u00bfQu\u00e9 hace Greenpeace en M\u00e9xico?<\/strong><\/h2>\n\n<p>Desde su llegada en 1993, Greenpeace M\u00e9xico se ha mantenido fiel a su misi\u00f3n: proteger el medio ambiente y promover un cambio de fondo en las pol\u00edticas, pr\u00e1cticas industriales y cultura social que han puesto en riesgo a nuestros ecosistemas.&nbsp;<\/p>\n\n<p>En un pa\u00eds tan biodiverso como M\u00e9xico, esta labor no pod\u00eda esperar. La riqueza natural ha sido tomada como bot\u00edn por industrias extractivistas, pol\u00edticos y corporaciones, y el medio ambiente ha sido tratado como mercanc\u00eda o basurero.<\/p>\n\n<p>Greenpeace M\u00e9xico naci\u00f3 para confrontar esas injusticias. Y desde antes de iniciar formalmente operaciones en M\u00e9xico, lo ha hecho con acciones pac\u00edficas, pero contundentes, <strong>campa\u00f1as<\/strong> basadas en la ciencia, participaci\u00f3n ciudadana y, sobre todo, en el poder de su gente.<\/p>\n\n<figure class=\"wp-block-image size-large\"><img loading=\"lazy\" decoding=\"async\" width=\"1024\" height=\"669\" src=\"https:\/\/www.greenpeace.org\/static\/planet4-mexico-stateless\/2025\/06\/0fb2e8ae-greenpeace-mexico-inicios-1024x669.jpg\" title=\"Activistas de Greenpeace M\u00e9xico en lanchas protestan contra planta petroqu\u00edmica Pajaritos. Coatzacoalcos, M\u00e9xico. Se lee: Rios limpios, t\u00f3xicos no.\" alt=\"Activistas de Greenpeace M\u00e9xico en lanchas protestan contra planta petroqu\u00edmica Pajaritos. Coatzacoalcos, M\u00e9xico. Se lee: Rios limpios, t\u00f3xicos no.\" class=\"wp-image-56882\" srcset=\"https:\/\/www.greenpeace.org\/static\/planet4-mexico-stateless\/2025\/06\/0fb2e8ae-greenpeace-mexico-inicios-1024x669.jpg 1024w, https:\/\/www.greenpeace.org\/static\/planet4-mexico-stateless\/2025\/06\/0fb2e8ae-greenpeace-mexico-inicios-300x196.jpg 300w, https:\/\/www.greenpeace.org\/static\/planet4-mexico-stateless\/2025\/06\/0fb2e8ae-greenpeace-mexico-inicios-768x502.jpg 768w, https:\/\/www.greenpeace.org\/static\/planet4-mexico-stateless\/2025\/06\/0fb2e8ae-greenpeace-mexico-inicios-510x333.jpg 510w, https:\/\/www.greenpeace.org\/static\/planet4-mexico-stateless\/2025\/06\/0fb2e8ae-greenpeace-mexico-inicios.jpg 1200w\" sizes=\"auto, (max-width: 1024px) 100vw, 1024px\" \/><figcaption class=\"wp-element-caption\">Acci\u00f3n de Greenpeace contra planta petroqu\u00edmica Pajaritos. Coatzacoalcos, M\u00e9xico. 14 de febrero, 1996.<div class=\"credit icon-left\"> \u00a9 Greenpeace \/ Ram\u00edrez<\/div><\/figcaption><\/figure>\n\n<p>Socios, socias, activistas y <a href=\"https:\/\/www.greenpeace.org\/mexico\/participa\/voluntariado\/\" target=\"_blank\" rel=\"noreferrer noopener\"><strong>voluntariado de Greenpeace M\u00e9xico<\/strong><\/a> son el coraz\u00f3n de cada logro. Sirvan estas l\u00edneas para darles las gracias, pues sin su compromiso, generosidad y tiempo, esta organizaci\u00f3n no habr\u00eda podido trabajar de forma independiente y mantener su fuerza moral.<\/p>\n\n<p>El voluntariado ha sido el motor de muchas de las campa\u00f1as que han cambiado el rumbo de decisiones da\u00f1inas. Personas que, sin esperar nada a cambio, ponen cuerpo, mente y alma para salvar al planeta. Gracias a ustedes, Greenpeace M\u00e9xico es hoy una red activa de m\u00e1s de 150 mil personas que act\u00faan desde 10 grupos locales en todo el pa\u00eds.<\/p>\n\n<p>Socios y socias, con sus <strong>donativos<\/strong>, han sostenido esta labor d\u00eda tras d\u00eda. De peso en peso, de firma en firma, han sumado fuerza a una lucha global por la <strong>justicia ambiental<\/strong>. Adem\u00e1s, los activistas, con valent\u00eda y determinaci\u00f3n, han escalado astas, enfrentado trenes y visitado enormes basureros, generando im\u00e1genes que han dado la vuelta al mundo, tocando corazones y encendiendo conciencias.<\/p>\n\t\t\t<section\n\t\t\tclass=\"boxout  \"\n\t\t\t\n\t\t>\n\t\t\t<a\n\t\t\t\tdata-ga-category=\"Take Action Boxout\"\n\t\t\t\tdata-ga-action=\"Image\"\n\t\t\t\tdata-ga-label=\"n\/a\"\n\t\t\t\tclass=\"cover-card-overlay\"\n\t\t\t\thref=\"https:\/\/donacion.greenpeace.org.mx\/page\/dona-hoy?utm_content=AniversarioGPMX250527010106&amp;utm_medium=blog&amp;utm_source=greenpeace.org&amp;utm_campaign=institucional&amp;hs_resource__c=Fundraising\" target=\"_blank\"\n\t\t\t><\/a>\n\t\t\t\t\t\t\t<img\n\t\t\t\t\t\tsrc=\"https:\/\/www.greenpeace.org\/static\/planet4-mexico-stateless\/2023\/07\/d4be0d9e-arctic_sunrise_gpmx-edited-1024x769.jpg\"\n\t\t\t\t\t\tsrcset=\"https:\/\/www.greenpeace.org\/static\/planet4-mexico-stateless\/2023\/07\/d4be0d9e-arctic_sunrise_gpmx-edited-300x225.jpg 300w, https:\/\/www.greenpeace.org\/static\/planet4-mexico-stateless\/2023\/07\/d4be0d9e-arctic_sunrise_gpmx-edited-1024x769.jpg 1024w, https:\/\/www.greenpeace.org\/static\/planet4-mexico-stateless\/2023\/07\/d4be0d9e-arctic_sunrise_gpmx-edited-768x577.jpg 768w, https:\/\/www.greenpeace.org\/static\/planet4-mexico-stateless\/2023\/07\/d4be0d9e-arctic_sunrise_gpmx-edited-453x340.jpg 453w, https:\/\/www.greenpeace.org\/static\/planet4-mexico-stateless\/2023\/07\/d4be0d9e-arctic_sunrise_gpmx-edited.jpg 1497w\"\n\t\t\t\t\t\tsizes=\"(min-width: 1000px) 358px, (min-width: 780px) 313px, 88px\"\n\t\t\t\t\t\talt=\"Toma a\u00e9rea panor\u00e1mica del Arctic Sunrise con voluntarios y comunidad en la zona.\" title=\"Toma a\u00e9rea panor\u00e1mica del Arctic Sunrise con voluntarios y comunidad en la zona.\"\n\t\t\t\t\/>\n            \t\t\t<div class=\"boxout-content\">\n\t\t\t\t\t\t\t\t\t<a\n\t\t\t\t\t\tclass=\"boxout-heading medium\"\n\t\t\t\t\t\tdata-ga-category=\"Take Action Boxout\"\n\t\t\t\t\t\tdata-ga-action=\"Title\"\n\t\t\t\t\t\tdata-ga-label=\"n\/a\"\n\t\t\t\t\t\thref=\"https:\/\/donacion.greenpeace.org.mx\/page\/dona-hoy?utm_content=AniversarioGPMX250527010106&amp;utm_medium=blog&amp;utm_source=greenpeace.org&amp;utm_campaign=institucional&amp;hs_resource__c=Fundraising\"\n\t\t\t\t\t\ttarget=\"_blank\"\n\t\t\t\t\t>\n\t\t\t\t\t\tHacemos esto contigo\n\t\t\t\t\t<\/a>\n\t\t\t\t\t\t\t\t\t\t\t\t\t<p class=\"boxout-excerpt\">Un mundo m\u00e1s verde y justo es posible porque hay personas que creen y act\u00faan.<\/p>\n\t\t\t\t                                    <a\n                        class=\"btn btn-primary\"\n                        data-ga-category=\"Take Action Boxout\"\n                        data-ga-action=\"Call to Action\"\n                        data-ga-label=\"n\/a\"\n                        href=\"https:\/\/donacion.greenpeace.org.mx\/page\/dona-hoy?utm_content=AniversarioGPMX250527010106&amp;utm_medium=blog&amp;utm_source=greenpeace.org&amp;utm_campaign=institucional&amp;hs_resource__c=Fundraising\"\n                        target=\"_blank\"\n                    >\n                        S\u00famate\n                    <\/a>\n                \t\t\t<\/div>\n\t\t\t\t\t<\/section>\n\t\n<h3 class=\"wp-block-heading\"><strong>Greenpeace objetivos y acciones&nbsp;<\/strong><\/h3>\n\n<p>32 a\u00f1os despu\u00e9s, la misi\u00f3n sigue m\u00e1s viva que nunca, pues el planeta enfrenta una de las crisis ambientales m\u00e1s graves de su historia. El <a href=\"https:\/\/www.un.org\/es\/climatechange\/what-is-climate-change#:~:text=El%20cambio%20clim%C3%A1tico%20se%20refiere,solar%20o%20erupciones%20volc%C3%A1nicas%20grandes.\" target=\"_blank\" rel=\"noreferrer noopener\"><strong>cambio clim\u00e1tico<\/strong><\/a>, la p\u00e9rdida de biodiversidad, la contaminaci\u00f3n y la injusticia ambiental son desaf\u00edos que requieren una transformaci\u00f3n profunda de nuestros sistemas econ\u00f3micos y sociales.<\/p>\n\n<figure class=\"wp-block-image size-large\"><img loading=\"lazy\" decoding=\"async\" width=\"1024\" height=\"683\" src=\"https:\/\/www.greenpeace.org\/static\/planet4-mexico-stateless\/2025\/06\/fe66a515-greenpeace-mexico-1998-1024x683.jpg\" title=\"Activistas de Greenpeace M\u00e9xico sentados con carteles en los que se lee &quot;La frontera no es el basurero de Estados Unidos&quot; durante protesta contra el vertedero de residuos nucleares de Sierra Blanca.\" alt=\"Activistas de Greenpeace M\u00e9xico en lanchas protestan contra planta petroqu\u00edmica Pajaritos. Coatzacoalcos, M\u00e9xico. Se lee: Rios limpios, t\u00f3xicos no.\" class=\"wp-image-56883\" srcset=\"https:\/\/www.greenpeace.org\/static\/planet4-mexico-stateless\/2025\/06\/fe66a515-greenpeace-mexico-1998-1024x683.jpg 1024w, https:\/\/www.greenpeace.org\/static\/planet4-mexico-stateless\/2025\/06\/fe66a515-greenpeace-mexico-1998-300x200.jpg 300w, https:\/\/www.greenpeace.org\/static\/planet4-mexico-stateless\/2025\/06\/fe66a515-greenpeace-mexico-1998-768x512.jpg 768w, https:\/\/www.greenpeace.org\/static\/planet4-mexico-stateless\/2025\/06\/fe66a515-greenpeace-mexico-1998-510x340.jpg 510w, https:\/\/www.greenpeace.org\/static\/planet4-mexico-stateless\/2025\/06\/fe66a515-greenpeace-mexico-1998.jpg 1200w\" sizes=\"auto, (max-width: 1024px) 100vw, 1024px\" \/><figcaption class=\"wp-element-caption\">Activistas de Greenpeace M\u00e9xico protestan contra el vertedero de residuos nucleares de Sierra Blanca, 18 de septiembre, 1998.<div class=\"credit icon-left\"> \u00a9 Greenpeace \/ Roberto L\u00f3pez<\/div><\/figcaption><\/figure>\n\n<p>Greenpeace M\u00e9xico no solo denuncia, tambi\u00e9n propone. Su enfoque por la <strong>justicia clim\u00e1tica<\/strong> reconoce que no puede haber un planeta sano sin una sociedad justa. Las luchas medioambientales est\u00e1n ligadas a los <strong>derechos humanos<\/strong>, a la equidad y a la participaci\u00f3n activa de todas las personas.<\/p>\n\n<p>Ante este panorama, Greenpeace M\u00e9xico no se detiene, ya que las <strong>campa\u00f1as<\/strong> activas reflejan la urgencia de seguir luchando:<\/p>\n\n<ul class=\"wp-block-list\">\n<li>Contra de la <strong>miner\u00eda submarina<\/strong> debido a que se trata de una pr\u00e1ctica destructiva que amenaza la vida en el fondo marino. Greenpeace impulsa una moratoria global para proteger los oc\u00e9anos de esta nueva industria.<\/li>\n<\/ul>\n\n<ul class=\"wp-block-list\">\n<li><strong>Protecci\u00f3n de la Selva Maya<\/strong>, el pulm\u00f3n verde del sureste de M\u00e9xico, el cual est\u00e1 siendo devastado por megaproyectos e intereses econ\u00f3micos. Greenpeace M\u00e9xico documenta, denuncia y se moviliza en su defensa.<\/li>\n<\/ul>\n\n<ul class=\"wp-block-list\">\n<li><strong>Oc\u00e9anos sin pl\u00e1sticos<\/strong>, una lucha urgente, pues cada a\u00f1o millones de toneladas de pl\u00e1stico contaminan los oc\u00e9anos, matando fauna marina.<\/li>\n<\/ul>\n\n<ul class=\"wp-block-list\">\n<li><strong>Justicia energ\u00e9tica<\/strong>, apoyamos a comunidades desplazadas por los efectos del cambio clim\u00e1tico y exigimos una estrategia nacional de mitigaci\u00f3n y adaptaci\u00f3n, as\u00ed como el impulso de energ\u00edas renovables, social y ambientalmente justas.<\/li>\n<\/ul>\n\n<figure class=\"wp-block-image size-large\"><img loading=\"lazy\" decoding=\"async\" width=\"1024\" height=\"684\" src=\"https:\/\/www.greenpeace.org\/static\/planet4-mexico-stateless\/2025\/05\/6113a852-alto-mineria-aguas-profundas-tmc-1024x684.jpg\" title=\"Activistas de Greenpeace en kayaks protestan pac\u00edficamente frente al buque MV COCO en el Oc\u00e9ano Pac\u00edfico; sostienen mantas que dicen \u201cStop Deep Sea Mining\u201d.\" alt=\"Activistas de Greenpeace en kayaks protestan pac\u00edficamente frente al buque MV COCO en el Oc\u00e9ano Pac\u00edfico; sostienen mantas que dicen \u201cStop Deep Sea Mining\u201d.\" class=\"wp-image-55865\" srcset=\"https:\/\/www.greenpeace.org\/static\/planet4-mexico-stateless\/2025\/05\/6113a852-alto-mineria-aguas-profundas-tmc-1024x684.jpg 1024w, https:\/\/www.greenpeace.org\/static\/planet4-mexico-stateless\/2025\/05\/6113a852-alto-mineria-aguas-profundas-tmc-300x200.jpg 300w, https:\/\/www.greenpeace.org\/static\/planet4-mexico-stateless\/2025\/05\/6113a852-alto-mineria-aguas-profundas-tmc-768x513.jpg 768w, https:\/\/www.greenpeace.org\/static\/planet4-mexico-stateless\/2025\/05\/6113a852-alto-mineria-aguas-profundas-tmc-510x340.jpg 510w, https:\/\/www.greenpeace.org\/static\/planet4-mexico-stateless\/2025\/05\/6113a852-alto-mineria-aguas-profundas-tmc.jpg 1200w\" sizes=\"auto, (max-width: 1024px) 100vw, 1024px\" \/><figcaption class=\"wp-element-caption\">Activistas de Greenpeace M\u00e9xico protestan en torno de un buque de perforaci\u00f3n especializado en alta mar que actualmente recopila datos para la empresa puntera en miner\u00eda de aguas profundas, The Metals Company, 23 de noviembre, 2023.<div class=\"credit icon-left\"> \u00a9 Martin Katz \/ Greenpeace<\/div><\/figcaption><\/figure>\n\n<p>Estas campa\u00f1as nos recuerdan que a\u00fan queda mucho por hacer, pero tambi\u00e9n que, con el respaldo de la ciudadan\u00eda, es posible cambiar el rumbo. Por ello, refrenda su compromiso con la defensa del medio ambiente, de la vida, de las comunidades y del futuro.<\/p>\n\n<p>Y al hablar de esta historia es imposible dejar de lado, los logros que la organizaci\u00f3n ha mantenido en estos a\u00f1os, siendo algunos de los m\u00e1s relevantes:&nbsp;<\/p>\n\n<ul class=\"wp-block-list\">\n<li>1993. Se detuvo un cargamento de 530 toneladas de desechos t\u00f3xicos en San Luis Potos\u00ed.&nbsp;<\/li>\n<\/ul>\n\n<ul class=\"wp-block-list\">\n<li>2002. Se estableci\u00f3 el Santuario Ballenero Mexicano, protegiendo a miles de cet\u00e1ceos que visitan las costas mexicanas.<\/li>\n<\/ul>\n\n<ul class=\"wp-block-list\">\n<li>2008. Se desenmascar\u00f3 el fracaso del programa Pro\u00e1rbol, que nunca fren\u00f3 la deforestaci\u00f3n como promet\u00eda.<\/li>\n<\/ul>\n\n<ul class=\"wp-block-list\">\n<li>2012. Junto con la comunidad de Cabo Pulmo, se logr\u00f3 cancelar el megaproyecto tur\u00edstico Cabo Cort\u00e9s, salvando uno de los arrecifes m\u00e1s importantes del pa\u00eds.<\/li>\n<\/ul>\n\n<ul class=\"wp-block-list\">\n<li>2017. Se fren\u00f3 una propuesta de Ley de Biodiversidad que pon\u00eda en riesgo especies y abr\u00eda la puerta a la privatizaci\u00f3n de los recursos gen\u00e9ticos.<\/li>\n<\/ul>\n\n<ul class=\"wp-block-list\">\n<li>2020. Se prohibi\u00f3 el uso de ma\u00edz transg\u00e9nico y glifosato, protegiendo las variedades nativas del grano base de nuestra alimentaci\u00f3n.<\/li>\n<\/ul>\n\n<ul class=\"wp-block-list\">\n<li>2021. Se logr\u00f3 modificar las Normas Oficiales Mexicanas sobre calidad del aire, garantizando un aire m\u00e1s limpio para todas las personas.<\/li>\n<\/ul>\n\n<p>Cabe destacar que cada uno de estos logros fue posible gracias a una comunidad organizada, informada y activa. Y cada victoria no solo representa una meta alcanzada, sino una esperanza renovada.<\/p>\n\n<figure class=\"wp-block-image size-large\"><img loading=\"lazy\" decoding=\"async\" width=\"1024\" height=\"683\" src=\"https:\/\/www.greenpeace.org\/static\/planet4-mexico-stateless\/2025\/06\/52f5b22c-greenpeace-cabo-cortes-1024x683.jpg\" title=\"Activistas de Greenpeace M\u00e9xico escalando el Palacio Nacional mientras cuelgan una manta en la que se lee &quot;Calder\u00f3n: \u00a1Cancela Cabo Cort\u00e9s!&quot; en protesta al proyecto tur\u00edstico que amenazaba la reserva marina en Cabo Pulmo.\" alt=\"Activistas de Greenpeace M\u00e9xico escalando el Palacio Nacional mientras cuelgan una manta en la que se lee &quot;Calder\u00f3n: \u00a1Cancela Cabo Cort\u00e9s!&quot; en protesta al proyecto tur\u00edstico que amenazaba la reserva marina en Cabo Pulmo.\" class=\"wp-image-56885\" srcset=\"https:\/\/www.greenpeace.org\/static\/planet4-mexico-stateless\/2025\/06\/52f5b22c-greenpeace-cabo-cortes-1024x683.jpg 1024w, https:\/\/www.greenpeace.org\/static\/planet4-mexico-stateless\/2025\/06\/52f5b22c-greenpeace-cabo-cortes-300x200.jpg 300w, https:\/\/www.greenpeace.org\/static\/planet4-mexico-stateless\/2025\/06\/52f5b22c-greenpeace-cabo-cortes-768x512.jpg 768w, https:\/\/www.greenpeace.org\/static\/planet4-mexico-stateless\/2025\/06\/52f5b22c-greenpeace-cabo-cortes-510x340.jpg 510w, https:\/\/www.greenpeace.org\/static\/planet4-mexico-stateless\/2025\/06\/52f5b22c-greenpeace-cabo-cortes.jpg 1200w\" sizes=\"auto, (max-width: 1024px) 100vw, 1024px\" \/><figcaption class=\"wp-element-caption\">Activistas de Greenpeace M\u00e9xico suben al edificio de gobierno para protestar contra el expresidente colgando una pancarta con el mensaje &#8220;Calder\u00f3n: \u00a1Cancela Cabo Cort\u00e9s!&#8221; para exigir al expresidente Felipe Calder\u00f3n que revoque el mayor proyecto tur\u00edstico depredador que amenaza la reserva marina en Cabo Pulmo, Baja California Sur. 27 de marzo, 2012.<div class=\"credit icon-left\"> \u00a9 Iv\u00e1n Castaneira \/ Greenpeace<\/div><\/figcaption><\/figure>\n\n<h2 class=\"wp-block-heading\"><strong>\u00bfC\u00f3mo puedes apoyar a Greenpeace M\u00e9xico?<\/strong><\/h2>\n\n<p>Si te preguntas c\u00f3mo sumar tu voz y acci\u00f3n a esta causa, aqu\u00ed tienes algunas formas:<\/p>\n\n<ul class=\"wp-block-list\">\n<li>Firma peticiones: al firmar, usas tu voz para exigir cambios, cada firma cuenta.<\/li>\n<\/ul>\n\n<ul class=\"wp-block-list\">\n<li>Haz <strong>ciberactivismo<\/strong>: comparte informaci\u00f3n, difunde campa\u00f1as, deja comentarios en redes y ayuda a presionar a empresas y gobiernos.<\/li>\n<\/ul>\n\n<ul class=\"wp-block-list\">\n<li>Haz voluntariado: participa en acciones locales, sensibiliza a tu comunidad y levanta la voz.<\/li>\n<\/ul>\n\n<ul class=\"wp-block-list\">\n<li><a href=\"https:\/\/donacion.greenpeace.org.mx\/page\/dona-hoy?utm_content=ParticipaDona240705112738&amp;utm_medium=pagina_de_campa%C3%B1a&amp;utm_source=actua.greenpeace.org.mx&amp;utm_campaign=donacion&amp;hs_resource__c=Fundraising\" target=\"_blank\" rel=\"noreferrer noopener\"><strong>Haz un donativo<\/strong><\/a><\/li>\n<\/ul>\n\n<p>Es importante recordar que cada gesto cuenta, cada voz suma, cada paso construye. Celebrar 32 a\u00f1os de Greenpeace M\u00e9xico es celebrar la fuerza de la gente y honrar a quienes han decidido actuar, luchar, resistir y construir alternativas.<\/p>\n\n<p>Gracias a ti, que firmas peticiones.<\/p>\n\n<p>Gracias a ti, que sales a la calle con una manta.<\/p>\n\n<p>Gracias a ti, que donas cada mes con esperanza.<\/p>\n\n<p>Gracias a ti, que compartes una noticia o defiendes un \u00e1rbol.<\/p>\n\n<p>Juntos y juntas, hemos logrado mucho, pero lo m\u00e1s importante: seguimos caminando. <strong>\u00a1\u00danete a Greenpeace M\u00e9xico!<\/strong><\/p>\n","protected":false},"excerpt":{"rendered":"<p>Greenpeace M\u00e9xico celebra 32 a\u00f1os de lucha y esperanza, agradeciendo a quienes con su apoyo han hecho posible defender la vida y el planeta.<\/p>\n","protected":false},"author":82,"featured_media":56881,"comment_status":"open","ping_status":"open","sticky":false,"template":"","format":"standard","meta":{"ep_exclude_from_search":false,"p4_og_title":"Greenpeace M\u00e9xico, 32 a\u00f1os de lucha, logros y agradecimiento","p4_og_description":"Greenpeace M\u00e9xico celebra 32 a\u00f1os de lucha y esperanza, agradeciendo a quienes con su apoyo han hecho posible defender la vida y el planeta.","p4_og_image":"https:\/\/www.greenpeace.org\/static\/planet4-mexico-stateless\/2025\/06\/08b7f90d-greenpeace-mexico-historia-e1750088574265.jpg","p4_og_image_id":"56881","p4_seo_canonical_url":"","p4_campaign_name":"","p4_local_project":"","p4_basket_name":"","p4_department":"","footnotes":""},"categories":[43],"tags":[21,61],"p4-page-type":[14],"class_list":["post-56880","post","type-post","status-publish","format-standard","has-post-thumbnail","hentry","category-sobre-greenpeace","tag-activismo","tag-donacion","p4-page-type-blog"],"_links":{"self":[{"href":"https:\/\/www.greenpeace.org\/mexico\/wp-json\/wp\/v2\/posts\/56880","targetHints":{"allow":["GET"]}}],"collection":[{"href":"https:\/\/www.greenpeace.org\/mexico\/wp-json\/wp\/v2\/posts"}],"about":[{"href":"https:\/\/www.greenpeace.org\/mexico\/wp-json\/wp\/v2\/types\/post"}],"author":[{"embeddable":true,"href":"https:\/\/www.greenpeace.org\/mexico\/wp-json\/wp\/v2\/users\/82"}],"replies":[{"embeddable":true,"href":"https:\/\/www.greenpeace.org\/mexico\/wp-json\/wp\/v2\/comments?post=56880"}],"version-history":[{"count":4,"href":"https:\/\/www.greenpeace.org\/mexico\/wp-json\/wp\/v2\/posts\/56880\/revisions"}],"predecessor-version":[{"id":58041,"href":"https:\/\/www.greenpeace.org\/mexico\/wp-json\/wp\/v2\/posts\/56880\/revisions\/58041"}],"wp:featuredmedia":[{"embeddable":true,"href":"https:\/\/www.greenpeace.org\/mexico\/wp-json\/wp\/v2\/media\/56881"}],"wp:attachment":[{"href":"https:\/\/www.greenpeace.org\/mexico\/wp-json\/wp\/v2\/media?parent=56880"}],"wp:term":[{"taxonomy":"category","embeddable":true,"href":"https:\/\/www.greenpeace.org\/mexico\/wp-json\/wp\/v2\/categories?post=56880"},{"taxonomy":"post_tag","embeddable":true,"href":"https:\/\/www.greenpeace.org\/mexico\/wp-json\/wp\/v2\/tags?post=56880"},{"taxonomy":"p4-page-type","embeddable":true,"href":"https:\/\/www.greenpeace.org\/mexico\/wp-json\/wp\/v2\/p4-page-type?post=56880"}],"curies":[{"name":"wp","href":"https:\/\/api.w.org\/{rel}","templated":true}]}}