{"id":56986,"date":"2025-06-10T15:37:29","date_gmt":"2025-06-10T20:37:29","guid":{"rendered":"https:\/\/www-dev.greenpeace.org\/mexico\/?p=56986"},"modified":"2025-06-18T15:43:47","modified_gmt":"2025-06-18T20:43:47","slug":"honramos-la-memoria-y-el-trabajo-de-dante-gutierrez-reyes-camarografo-de-canal-once","status":"publish","type":"post","link":"https:\/\/www.greenpeace.org\/mexico\/noticia\/56986\/honramos-la-memoria-y-el-trabajo-de-dante-gutierrez-reyes-camarografo-de-canal-once\/","title":{"rendered":"Honramos la memoria y el trabajo de Dante Guti\u00e9rrez Reyes, camar\u00f3grafo de Canal Once\u00a0"},"content":{"rendered":"\n<figure class=\"wp-block-image size-large\"><img loading=\"lazy\" decoding=\"async\" width=\"1024\" height=\"768\" src=\"https:\/\/www.greenpeace.org\/static\/planet4-mexico-stateless\/2025\/06\/13240fab-dante-gutierrez-1024x768.jpeg\" title=\"Fotograf\u00eda de Dante Guti\u00e9rrez, fot\u00f3grafo del Canal Once, usando su c\u00e1mara.\" alt=\"Fotograf\u00eda de Dante Guti\u00e9rrez, fot\u00f3grafo del Canal Once, usando su c\u00e1mara.\" class=\"wp-image-56987\" srcset=\"https:\/\/www.greenpeace.org\/static\/planet4-mexico-stateless\/2025\/06\/13240fab-dante-gutierrez-1024x768.jpeg 1024w, https:\/\/www.greenpeace.org\/static\/planet4-mexico-stateless\/2025\/06\/13240fab-dante-gutierrez-300x225.jpeg 300w, https:\/\/www.greenpeace.org\/static\/planet4-mexico-stateless\/2025\/06\/13240fab-dante-gutierrez-768x576.jpeg 768w, https:\/\/www.greenpeace.org\/static\/planet4-mexico-stateless\/2025\/06\/13240fab-dante-gutierrez-453x340.jpeg 453w, https:\/\/www.greenpeace.org\/static\/planet4-mexico-stateless\/2025\/06\/13240fab-dante-gutierrez.jpeg 1536w\" sizes=\"auto, (max-width: 1024px) 100vw, 1024px\" \/><figcaption><div class=\"credit icon-left\"> \u00a9 Canal Once<\/div><\/figcaption><\/figure>\n\n<p><\/p>\n\n<p>El equipo de Greenpeace M\u00e9xico lamenta profundamente el fallecimiento de Dante Guti\u00e9rrez Reyes, compa\u00f1ero camar\u00f3grafo de Canal Once, a quien tuvimos el privilegio de conocer y contar con su talento y profesionalismo para documentar el trabajo de la organizaci\u00f3n.&nbsp;<\/p>\n\n<p>Como parte de su labor period\u00edstica, los recientes 4 y 5 de junio, realiz\u00f3 la cobertura del Festival de Papalotes Monumentales organizado por Greenpeace M\u00e9xico en la playa del Holi, en Puerto Vallarta, Jalisco, as\u00ed como de la jornada de limpieza de playas convocada por la Secretar\u00eda de Medio Ambiente y Recursos Naturales (Semarnat)&nbsp; a la que nuestra organizaci\u00f3n se sum\u00f3 con el objetivo de conjuntar esfuerzos para combatir el problema de la contaminaci\u00f3n por pl\u00e1sticos en nuestros oc\u00e9anos.&nbsp;&nbsp;&nbsp;<\/p>\n\n<p>En esta cobertura y todas las que realiz\u00f3 a lo largo de 16 a\u00f1os de carrera dentro de Canal Once, Dante mostr\u00f3 una gran sensibilidad como camar\u00f3grafo. A trav\u00e9s de su lente, hizo el registro visual de la visita del Papa en M\u00e9xico, tres Festivales Cervantinos completos y el Festival de la Lectura en Yucat\u00e1n, entre muchos otros eventos de gran relevancia.&nbsp;<\/p>\n\n<p>Honramos la memoria de Dante y le agradecemos infinitamente su apoyo e inter\u00e9s por sumar su voluntad a nuestra labor firme y permanente de la defensa y protecci\u00f3n de nuestros oc\u00e9anos y la vida que albergan. Esta tambi\u00e9n fue su lucha.<\/p>\n\n<p>Enviamos nuestras condolencias y un abrazo solidario a su familia,&nbsp; compa\u00f1eras y compa\u00f1eros, amistades y todas las personas que le conocieron y le aprecian.&nbsp;<\/p>\n\n<p>Descansa en paz, Dante Guti\u00e9rrez. 1985-2025<\/p>\n","protected":false},"excerpt":{"rendered":"<p>Greenpeace honra la memoria de Dante Guti\u00e9rrez, camar\u00f3grafo de Canal Once, por su trabajo en la defensa de los oc\u00e9anos y el medio ambiente.<\/p>\n","protected":false},"author":82,"featured_media":56987,"comment_status":"open","ping_status":"open","sticky":false,"template":"","format":"standard","meta":{"ep_exclude_from_search":false,"p4_og_title":"Honramos la memoria y el trabajo de Dante Guti\u00e9rrez Reyes, camar\u00f3grafo de Canal Once\u00a0","p4_og_description":"Greenpeace honra la memoria de Dante Guti\u00e9rrez, camar\u00f3grafo de Canal Once, por su trabajo en la defensa de los oc\u00e9anos y el medio ambiente.","p4_og_image":"https:\/\/www.greenpeace.org\/static\/planet4-mexico-stateless\/2025\/06\/13240fab-dante-gutierrez.jpeg","p4_og_image_id":"56987","p4_seo_canonical_url":"","p4_campaign_name":"","p4_local_project":"","p4_basket_name":"","p4_department":"","footnotes":""},"categories":[43],"tags":[],"p4-page-type":[71],"class_list":["post-56986","post","type-post","status-publish","format-standard","has-post-thumbnail","hentry","category-sobre-greenpeace","p4-page-type-noticia"],"_links":{"self":[{"href":"https:\/\/www.greenpeace.org\/mexico\/wp-json\/wp\/v2\/posts\/56986","targetHints":{"allow":["GET"]}}],"collection":[{"href":"https:\/\/www.greenpeace.org\/mexico\/wp-json\/wp\/v2\/posts"}],"about":[{"href":"https:\/\/www.greenpeace.org\/mexico\/wp-json\/wp\/v2\/types\/post"}],"author":[{"embeddable":true,"href":"https:\/\/www.greenpeace.org\/mexico\/wp-json\/wp\/v2\/users\/82"}],"replies":[{"embeddable":true,"href":"https:\/\/www.greenpeace.org\/mexico\/wp-json\/wp\/v2\/comments?post=56986"}],"version-history":[{"count":1,"href":"https:\/\/www.greenpeace.org\/mexico\/wp-json\/wp\/v2\/posts\/56986\/revisions"}],"predecessor-version":[{"id":56988,"href":"https:\/\/www.greenpeace.org\/mexico\/wp-json\/wp\/v2\/posts\/56986\/revisions\/56988"}],"wp:featuredmedia":[{"embeddable":true,"href":"https:\/\/www.greenpeace.org\/mexico\/wp-json\/wp\/v2\/media\/56987"}],"wp:attachment":[{"href":"https:\/\/www.greenpeace.org\/mexico\/wp-json\/wp\/v2\/media?parent=56986"}],"wp:term":[{"taxonomy":"category","embeddable":true,"href":"https:\/\/www.greenpeace.org\/mexico\/wp-json\/wp\/v2\/categories?post=56986"},{"taxonomy":"post_tag","embeddable":true,"href":"https:\/\/www.greenpeace.org\/mexico\/wp-json\/wp\/v2\/tags?post=56986"},{"taxonomy":"p4-page-type","embeddable":true,"href":"https:\/\/www.greenpeace.org\/mexico\/wp-json\/wp\/v2\/p4-page-type?post=56986"}],"curies":[{"name":"wp","href":"https:\/\/api.w.org\/{rel}","templated":true}]}}