{"id":59088,"date":"2025-07-01T12:16:03","date_gmt":"2025-07-01T17:16:03","guid":{"rendered":"https:\/\/www-dev.greenpeace.org\/mexico\/?p=59088"},"modified":"2025-07-07T12:22:38","modified_gmt":"2025-07-07T17:22:38","slug":"que-es-julio-sin-plastico-que-hacer-y-como-puedes-sumarte","status":"publish","type":"post","link":"https:\/\/www.greenpeace.org\/mexico\/blog\/59088\/que-es-julio-sin-plastico-que-hacer-y-como-puedes-sumarte\/","title":{"rendered":"Qu\u00e9 es Julio sin Pl\u00e1stico, qu\u00e9 hacer y c\u00f3mo puedes sumarte"},"content":{"rendered":"\n<p>La <a href=\"https:\/\/www.greenpeace.org\/mexico\/noticia\/54619\/la-contaminacion-por-plasticos-no-se-detendra-hasta-que-el-congreso-legisle-su-prohibicion\/\" target=\"_blank\" rel=\"noreferrer noopener\"><strong>contaminaci\u00f3n por pl\u00e1sticos<\/strong><\/a> es una de las crisis ambientales m\u00e1s urgentes de nuestro tiempo. En especial, la producci\u00f3n masiva y el consumo excesivo de pl\u00e1sticos de un solo uso \u2014como botellas, bolsas, envases, popotes y utensilios desechables\u2014 gener\u00f3 un impacto devastador en nuestros oc\u00e9anos, suelos y biodiversidad. Ante este escenario, en 2011, la ecologista australiana Rebecca Prince-Ruiz decidi\u00f3 crear la <strong>campa\u00f1a<\/strong> <strong>Julio sin pl\u00e1stico<\/strong>, te contamos qu\u00e9 es y c\u00f3mo puedes sumarte.<\/p>\n\n<figure class=\"wp-block-image size-large\"><img loading=\"lazy\" decoding=\"async\" width=\"1024\" height=\"683\" src=\"https:\/\/www.greenpeace.org\/static\/planet4-mexico-stateless\/2025\/04\/2405b0bf-basura-plasticos-playa-1024x683.jpg\" title=\"Residuos de pl\u00e1stico en la playa de Canggu, Bali.\" alt=\"Residuos de pl\u00e1stico en la playa de Canggu, Bali.\" class=\"wp-image-55481\" srcset=\"https:\/\/www.greenpeace.org\/static\/planet4-mexico-stateless\/2025\/04\/2405b0bf-basura-plasticos-playa-1024x683.jpg 1024w, https:\/\/www.greenpeace.org\/static\/planet4-mexico-stateless\/2025\/04\/2405b0bf-basura-plasticos-playa-300x200.jpg 300w, https:\/\/www.greenpeace.org\/static\/planet4-mexico-stateless\/2025\/04\/2405b0bf-basura-plasticos-playa-768x512.jpg 768w, https:\/\/www.greenpeace.org\/static\/planet4-mexico-stateless\/2025\/04\/2405b0bf-basura-plasticos-playa-510x340.jpg 510w, https:\/\/www.greenpeace.org\/static\/planet4-mexico-stateless\/2025\/04\/2405b0bf-basura-plasticos-playa.jpg 1200w\" sizes=\"auto, (max-width: 1024px) 100vw, 1024px\" \/><\/figure>\n\n<p>Todo comenz\u00f3 con una decisi\u00f3n personal. Tras visitar una planta de reciclaje y ver monta\u00f1as de basura acumulada, <strong>Rebecca Prince-Ruiz<\/strong> entendi\u00f3 que reciclar no era suficiente: el verdadero problema era la producci\u00f3n y el consumo desmedido de pl\u00e1sticos.<\/p>\n\n<p>A partir de esa experiencia, decidi\u00f3 pasar un mes sin utilizar pl\u00e1sticos de un solo uso y compartir el reto con su entorno. Lo que empez\u00f3 con apenas 40 personas se convirti\u00f3 en una iniciativa global: <a href=\"https:\/\/www.greenpeace.org\/argentina\/blog\/problemas\/contaminacion\/unite-a-julio-sin-plastico-8-habitos-para-lograr-un-gran-impacto\/\" target=\"_blank\" rel=\"noreferrer noopener\"><strong>Julio sin Pl\u00e1stico<\/strong><\/a>, un movimiento que hoy moviliza a m\u00e1s de 100 millones de personas en casi 190 pa\u00edses.<\/p>\n\n<h2 class=\"wp-block-heading\"><strong>\u00bfQu\u00e9 es julio sin pl\u00e1stico?<\/strong><\/h2>\n\n<p>M\u00e1s all\u00e1 del reto personal, Julio sin pl\u00e1stico representa una oportunidad para transformar la forma en que consumimos, para cuestionar el exceso de empaques y objetos que duran minutos en nuestras manos, pero siglos en el ambiente.&nbsp;<\/p>\n\n<figure class=\"wp-block-image size-large\"><img loading=\"lazy\" decoding=\"async\" width=\"1024\" height=\"683\" src=\"https:\/\/www.greenpeace.org\/static\/planet4-mexico-stateless\/2025\/07\/f817f2a4-plasticos-playa-1024x683.jpg\" title=\"Un par de manos sostienen un pu\u00f1ado de residuos pl\u00e1sticos.\" alt=\"Un par de manos sostienen un pu\u00f1ado de residuos pl\u00e1sticos.\" class=\"wp-image-59090\" srcset=\"https:\/\/www.greenpeace.org\/static\/planet4-mexico-stateless\/2025\/07\/f817f2a4-plasticos-playa-1024x683.jpg 1024w, https:\/\/www.greenpeace.org\/static\/planet4-mexico-stateless\/2025\/07\/f817f2a4-plasticos-playa-300x200.jpg 300w, https:\/\/www.greenpeace.org\/static\/planet4-mexico-stateless\/2025\/07\/f817f2a4-plasticos-playa-768x512.jpg 768w, https:\/\/www.greenpeace.org\/static\/planet4-mexico-stateless\/2025\/07\/f817f2a4-plasticos-playa-510x340.jpg 510w, https:\/\/www.greenpeace.org\/static\/planet4-mexico-stateless\/2025\/07\/f817f2a4-plasticos-playa.jpg 1200w\" sizes=\"auto, (max-width: 1024px) 100vw, 1024px\" \/><figcaption class=\"wp-element-caption\">Residuos pl\u00e1sticos encontrados en una playa de Australia.<div class=\"credit icon-left\"> \u00a9 Greenpeace<\/div><\/figcaption><\/figure>\n\n<p><strong>Julio sin Pl\u00e1stico<\/strong> nos recuerda que el problema est\u00e1 en el modelo de producci\u00f3n y consumo en masa as\u00ed como en la cultura del usar y desechar que&nbsp; han convertido a los pl\u00e1sticos de un solo uso en un residuo omnipresente. La participaci\u00f3n individual es clave pero tambi\u00e9n <strong>es urgente que las empresas dejen de saturar el mercado con envases innecesarios y productos dise\u00f1ados para durar minutos.<\/strong><\/p>\n\n<p>Desde llevar tu propia taza o recipiente al comprar alimentos, hasta hacer tus propios productos de limpieza o cambiar el jab\u00f3n l\u00edquido por barra, la campa\u00f1a Julio sin Pl\u00e1stico promueve h\u00e1bitos sencillos, pero transformadores. No se trata de desechar lo que ya tienes para comprar nuevos <em>kits eco-friendly<\/em>, sino de usar lo que tienes con inteligencia y responsabilidad.<\/p>\n\n<p>Adem\u00e1s de promover cambios individuales, la campa\u00f1a Julio sin Pl\u00e1stico busca generar presi\u00f3n colectiva para que empresas y gobiernos asuman su responsabilidad y se comprometan con soluciones reales. Es un movimiento ci\ufffdno que exige cambios estructurales: menos producci\u00f3n de pl\u00e1sticos, m\u00e1s regulaci\u00f3n, y la firma de tratados globales que limiten los residuos.<\/p>\n\n<figure class=\"wp-block-image size-large\"><img loading=\"lazy\" decoding=\"async\" width=\"1024\" height=\"794\" src=\"https:\/\/www.greenpeace.org\/static\/planet4-mexico-stateless\/2025\/04\/b2aa866d-sofia-tratado-global-plasticos-1024x794.jpg\" title=\"La influencer y apne\u00edsta colombiana Sof\u00eda G\u00f3mez exigiendo un Tratado Global de Pl\u00e1sticos.\" alt=\"La influencer y apne\u00edsta colombiana Sof\u00eda G\u00f3mez exigiendo un Tratado Global de Pl\u00e1sticos.\" class=\"wp-image-55474\" srcset=\"https:\/\/www.greenpeace.org\/static\/planet4-mexico-stateless\/2025\/04\/b2aa866d-sofia-tratado-global-plasticos-1024x794.jpg 1024w, https:\/\/www.greenpeace.org\/static\/planet4-mexico-stateless\/2025\/04\/b2aa866d-sofia-tratado-global-plasticos-300x233.jpg 300w, https:\/\/www.greenpeace.org\/static\/planet4-mexico-stateless\/2025\/04\/b2aa866d-sofia-tratado-global-plasticos-768x595.jpg 768w, https:\/\/www.greenpeace.org\/static\/planet4-mexico-stateless\/2025\/04\/b2aa866d-sofia-tratado-global-plasticos-439x340.jpg 439w, https:\/\/www.greenpeace.org\/static\/planet4-mexico-stateless\/2025\/04\/b2aa866d-sofia-tratado-global-plasticos.jpg 1200w\" sizes=\"auto, (max-width: 1024px) 100vw, 1024px\" \/><figcaption class=\"wp-element-caption\">Greenpeace hace un llamado a proteger nuestro oc\u00e9ano de la contaminaci\u00f3n pl\u00e1stica, mediante un tratado s\u00f3lido contra el pl\u00e1stico y la reducci\u00f3n de al menos el 75 % de su producci\u00f3n. \u00a1Tratado Global de Pl\u00e1sticos YA!<div class=\"credit icon-left\"> \u00a9 Diana Rey Melo \/ Greenpeace<\/div><\/figcaption><\/figure>\n\n<p>Los participantes pueden <a href=\"https:\/\/www.plasticfreejuly.org\/take-the-challenge\/?gad_source=1&amp;gad_campaignid=20148389225&amp;gbraid=0AAAAAClc-DXF_sw1RYrE_HvyWd-KM1u7O&amp;gclid=CjwKCAjwmenCBhA4EiwAtVjzmv7ASwqdxAiu4ygUQuHFi2tuPaMizwhGf8kpyqJm615NVPWbMM9S2BoCwxgQAvD_BwE\" target=\"_blank\" rel=\"noreferrer noopener\"><strong>inscribirse a Julio sin pl\u00e1stico<\/strong><\/a><strong> <\/strong>y seguir el proceso a trav\u00e9s del sitio web o las redes sociales, recibiendo consignas semanales para guiar su <strong>desplastificaci\u00f3n<\/strong>. El objetivo principal es alcanzar a m\u00e1s de 4,500 personas, invit\u00e1ndolos a ser protagonistas del cambio y no solo espectadores. Te contamos por qu\u00e9 debes sumarte.<\/p>\n\n<h2 class=\"wp-block-heading\"><strong>\u00bfQu\u00e9 hacer para dejar de usar pl\u00e1sticos ?<\/strong><\/h2>\n\n<p><strong>Reducir el uso de pl\u00e1sticos<\/strong> de un solo uso es fundamental para proteger nuestro planeta. Estos productos, dise\u00f1ados para usarse solo unos minutos, pueden tardar siglos en degradarse, contaminando oc\u00e9anos, suelos y afectando la salud de miles de especies, incluida la de los seres humanos.&nbsp;<\/p>\n\n<p>Tomar medidas adecuadas no solo ayuda a frenar la crisis ambiental, sino que promueve un estilo de vida m\u00e1s consciente, sostenible y respetuoso con los ecosistemas que hacen posible la vida en la Tierra. Cada cambio, por peque\u00f1o que parezca, es crucial, estas son algunas acciones con las que te puedes sumar a Julio sin pl\u00e1stico:<\/p>\n\n<ul class=\"wp-block-list\">\n<li>Si compras alimentos o bebidas preparadas, lleva tus propias bolsas, vasos y recipientes reutilizables.<\/li>\n\n\n\n<li>Haz tus propios productos de limpieza con vinagre y bicarbonato, o compra a granel.<\/li>\n\n\n\n<li>Haz tus propios jugos y yogurt (y almacenalos en frascos de vidrio).<\/li>\n\n\n\n<li>Usa escobas de palma o fibras naturales en lugar de escobas pl\u00e1sticas.<\/li>\n\n\n\n<li>Evita el pan empacado: compra en panader\u00edas locales con tu bolsa de tela.<\/li>\n\n\n\n<li>Compra un bol\u00edgrafo recargable.<\/li>\n\n\n\n<li>Evita globos y cintas pl\u00e1sticas en celebraciones.<\/li>\n<\/ul>\n\n<figure class=\"wp-block-image size-large\"><img loading=\"lazy\" decoding=\"async\" width=\"1024\" height=\"683\" src=\"https:\/\/www.greenpeace.org\/static\/planet4-mexico-stateless\/2025\/07\/fd444c9a-sin-plastico-consumo-1024x683.jpg\" title=\"Fotograf\u00eda de dos personas cargando bolsas reutilizables durante sus compras en el mercado.\" alt=\"Fotograf\u00eda de dos personas cargando bolsas reutilizables durante sus compras en el mercado.\" class=\"wp-image-59089\" srcset=\"https:\/\/www.greenpeace.org\/static\/planet4-mexico-stateless\/2025\/07\/fd444c9a-sin-plastico-consumo-1024x683.jpg 1024w, https:\/\/www.greenpeace.org\/static\/planet4-mexico-stateless\/2025\/07\/fd444c9a-sin-plastico-consumo-300x200.jpg 300w, https:\/\/www.greenpeace.org\/static\/planet4-mexico-stateless\/2025\/07\/fd444c9a-sin-plastico-consumo-768x512.jpg 768w, https:\/\/www.greenpeace.org\/static\/planet4-mexico-stateless\/2025\/07\/fd444c9a-sin-plastico-consumo-510x340.jpg 510w, https:\/\/www.greenpeace.org\/static\/planet4-mexico-stateless\/2025\/07\/fd444c9a-sin-plastico-consumo.jpg 1200w\" sizes=\"auto, (max-width: 1024px) 100vw, 1024px\" \/><figcaption class=\"wp-element-caption\">Pr\u00e1cticas de compra sin pl\u00e1stico en un mercado de Se\u00fal<div class=\"credit icon-left\"> \u00a9 Jung Park \/ Greenpeace<\/div><\/figcaption><\/figure>\n\n<p>Este julio, te invitamos a dar un paso por el planeta y sumarte a Julio sin Pl\u00e1stico. Cada acci\u00f3n cuenta: desde rechazar una bolsa, hasta preparar tus propios insumos. Al reducir los pl\u00e1sticos de un solo uso, est\u00e1s <a href=\"https:\/\/www.greenpeace.org\/mexico\/noticia\/54402\/tribunal-colegiado-ordena-medidas-al-congreso-para-prohibicion-de-plasticos-de-un-solo-uso-en-el-pais\/\" target=\"_blank\" rel=\"noreferrer noopener\"><strong>protegiendo los oc\u00e9anos<\/strong><\/a>, la biodiversidad y el futuro de las pr\u00f3ximas generaciones. \u00a1\u00danete!<\/p>\n\t\t\t<section\n\t\t\tclass=\"boxout  \"\n\t\t\t\n\t\t>\n\t\t\t<a\n\t\t\t\tdata-ga-category=\"Take Action Boxout\"\n\t\t\t\tdata-ga-action=\"Image\"\n\t\t\t\tdata-ga-label=\"n\/a\"\n\t\t\t\tclass=\"cover-card-overlay\"\n\t\t\t\thref=\"https:\/\/actua.greenpeace.org.mx\/tratado-global-de-plasticos?utm_content=JulioSinPlasticosBlog250701054404&amp;utm_medium=blog&amp;utm_source=greenpeace.org&amp;utm_campaign=consumo%20responsable&amp;hs_resource__c=Fundraising\" target=\"_blank\"\n\t\t\t><\/a>\n\t\t\t\t\t\t\t<img\n\t\t\t\t\t\tsrc=\"https:\/\/www.greenpeace.org\/static\/planet4-mexico-stateless\/2025\/05\/5ca38874-contaminacion-plasticos.jpg\"\n\t\t\t\t\t\tsrcset=\"https:\/\/www.greenpeace.org\/static\/planet4-mexico-stateless\/2025\/05\/5ca38874-contaminacion-plasticos-300x200.jpg 300w, https:\/\/www.greenpeace.org\/static\/planet4-mexico-stateless\/2025\/05\/5ca38874-contaminacion-plasticos-768x512.jpg 768w, https:\/\/www.greenpeace.org\/static\/planet4-mexico-stateless\/2025\/05\/5ca38874-contaminacion-plasticos-510x340.jpg 510w, https:\/\/www.greenpeace.org\/static\/planet4-mexico-stateless\/2025\/05\/5ca38874-contaminacion-plasticos.jpg 800w\"\n\t\t\t\t\t\tsizes=\"(min-width: 1000px) 358px, (min-width: 780px) 313px, 88px\"\n\t\t\t\t\t\talt=\"Dos activistas de Greenpeace con trajes y mascarillas de protecci\u00f3n est\u00e1n de pie entre una monta\u00f1a de pl\u00e1sticos y basura, sosteniendo mantas que dicen &quot;Maldito pl\u00e1stico&quot;.\" title=\"Dos activistas de Greenpeace con trajes y mascarillas de protecci\u00f3n est\u00e1n de pie entre una monta\u00f1a de pl\u00e1sticos y basura, sosteniendo mantas que dicen &quot;Maldito pl\u00e1stico&quot;.\"\n\t\t\t\t\/>\n            \t\t\t<div class=\"boxout-content\">\n\t\t\t\t\t\t\t\t\t<a\n\t\t\t\t\t\tclass=\"boxout-heading medium\"\n\t\t\t\t\t\tdata-ga-category=\"Take Action Boxout\"\n\t\t\t\t\t\tdata-ga-action=\"Title\"\n\t\t\t\t\t\tdata-ga-label=\"n\/a\"\n\t\t\t\t\t\thref=\"https:\/\/actua.greenpeace.org.mx\/tratado-global-de-plasticos?utm_content=JulioSinPlasticosBlog250701054404&amp;utm_medium=blog&amp;utm_source=greenpeace.org&amp;utm_campaign=consumo%20responsable&amp;hs_resource__c=Fundraising\"\n\t\t\t\t\t\ttarget=\"_blank\"\n\t\t\t\t\t>\n\t\t\t\t\t\tFirma por un mundo sin pl\u00e1sticos\n\t\t\t\t\t<\/a>\n\t\t\t\t\t\t\t\t\t\t\t\t\t<p class=\"boxout-excerpt\">Exige un tratado global que detenga la contaminaci\u00f3n desde su origen.<\/p>\n\t\t\t\t                                    <a\n                        class=\"btn btn-primary\"\n                        data-ga-category=\"Take Action Boxout\"\n                        data-ga-action=\"Call to Action\"\n                        data-ga-label=\"n\/a\"\n                        href=\"https:\/\/actua.greenpeace.org.mx\/tratado-global-de-plasticos?utm_content=JulioSinPlasticosBlog250701054404&amp;utm_medium=blog&amp;utm_source=greenpeace.org&amp;utm_campaign=consumo%20responsable&amp;hs_resource__c=Fundraising\"\n                        target=\"_blank\"\n                    >\n                        S\u00famate al cambio\n                    <\/a>\n                \t\t\t<\/div>\n\t\t\t\t\t<\/section>\n\t","protected":false},"excerpt":{"rendered":"<p>Julio sin Pl\u00e1stico es un movimiento global para dejar los pl\u00e1sticos de un solo uso. Descubre c\u00f3mo sumarte y proteger el planeta con acciones simples.<\/p>\n","protected":false},"author":82,"featured_media":59090,"comment_status":"open","ping_status":"open","sticky":false,"template":"","format":"standard","meta":{"ep_exclude_from_search":false,"p4_og_title":"Qu\u00e9 es Julio sin Pl\u00e1stico, qu\u00e9 hacer y c\u00f3mo puedes sumarte","p4_og_description":"Julio sin Pl\u00e1stico es un movimiento global para dejar los pl\u00e1sticos de un solo uso. Descubre c\u00f3mo sumarte y proteger el planeta con acciones simples.","p4_og_image":"https:\/\/www.greenpeace.org\/static\/planet4-mexico-stateless\/2025\/07\/f817f2a4-plasticos-playa.jpg","p4_og_image_id":"59090","p4_seo_canonical_url":"","p4_campaign_name":"","p4_local_project":"","p4_basket_name":"","p4_department":"","footnotes":""},"categories":[45],"tags":[67,70],"p4-page-type":[14],"class_list":["post-59088","post","type-post","status-publish","format-standard","has-post-thumbnail","hentry","category-plasticos","tag-tratado-global-de-plasticos","tag-tips-y-guias","p4-page-type-blog"],"_links":{"self":[{"href":"https:\/\/www.greenpeace.org\/mexico\/wp-json\/wp\/v2\/posts\/59088","targetHints":{"allow":["GET"]}}],"collection":[{"href":"https:\/\/www.greenpeace.org\/mexico\/wp-json\/wp\/v2\/posts"}],"about":[{"href":"https:\/\/www.greenpeace.org\/mexico\/wp-json\/wp\/v2\/types\/post"}],"author":[{"embeddable":true,"href":"https:\/\/www.greenpeace.org\/mexico\/wp-json\/wp\/v2\/users\/82"}],"replies":[{"embeddable":true,"href":"https:\/\/www.greenpeace.org\/mexico\/wp-json\/wp\/v2\/comments?post=59088"}],"version-history":[{"count":1,"href":"https:\/\/www.greenpeace.org\/mexico\/wp-json\/wp\/v2\/posts\/59088\/revisions"}],"predecessor-version":[{"id":59091,"href":"https:\/\/www.greenpeace.org\/mexico\/wp-json\/wp\/v2\/posts\/59088\/revisions\/59091"}],"wp:featuredmedia":[{"embeddable":true,"href":"https:\/\/www.greenpeace.org\/mexico\/wp-json\/wp\/v2\/media\/59090"}],"wp:attachment":[{"href":"https:\/\/www.greenpeace.org\/mexico\/wp-json\/wp\/v2\/media?parent=59088"}],"wp:term":[{"taxonomy":"category","embeddable":true,"href":"https:\/\/www.greenpeace.org\/mexico\/wp-json\/wp\/v2\/categories?post=59088"},{"taxonomy":"post_tag","embeddable":true,"href":"https:\/\/www.greenpeace.org\/mexico\/wp-json\/wp\/v2\/tags?post=59088"},{"taxonomy":"p4-page-type","embeddable":true,"href":"https:\/\/www.greenpeace.org\/mexico\/wp-json\/wp\/v2\/p4-page-type?post=59088"}],"curies":[{"name":"wp","href":"https:\/\/api.w.org\/{rel}","templated":true}]}}