{"id":59203,"date":"2025-07-04T21:31:35","date_gmt":"2025-07-05T02:31:35","guid":{"rendered":"https:\/\/www-dev.greenpeace.org\/mexico\/?p=59203"},"modified":"2025-07-13T21:58:07","modified_gmt":"2025-07-14T02:58:07","slug":"que-son-las-sascaberas-y-por-que-son-tan-peligrosas","status":"publish","type":"post","link":"https:\/\/www.greenpeace.org\/mexico\/blog\/59203\/que-son-las-sascaberas-y-por-que-son-tan-peligrosas\/","title":{"rendered":"\u00bfQu\u00e9 son las sascaberas y por qu\u00e9 son tan peligrosas?"},"content":{"rendered":"\n<p>Las <strong>sascaberas<\/strong> son enormes excavaciones, similares a minas a cielo abierto, que se utilizan para extraer <strong>sascab<\/strong>: un material p\u00e9treo proveniente de la piedra caliza que forma el suelo de la <a href=\"https:\/\/www.greenpeace.org\/mexico\/noticia\/55599\/mexico-al-grito-de-selva-greenpeace-mexico-presenta-documental-sobre-la-devastacion-de-la-selva-en-la-peninsula-de-yucatan\/\" target=\"_blank\" rel=\"noreferrer noopener\">pen\u00ednsula de Yucat\u00e1n<\/a>. Su nombre viene del maya <em>sascab<\/em> o <em>sahcab<\/em>, que significa \u201ctierra blanca\u201d. Esta tierra es blanda, porosa y altamente valorada por la industria de la construcci\u00f3n.<\/p>\n\n<p>Aunque su extracci\u00f3n parece inofensiva, las sascaberas generan <strong>graves impactos ambientales, sociales y a la salud<\/strong>, que amenazan tanto a los ecosistemas como a las comunidades que habitan en las cercan\u00edas.<\/p>\n\n<figure class=\"wp-block-image size-large\"><img loading=\"lazy\" decoding=\"async\" width=\"1024\" height=\"683\" src=\"https:\/\/www.greenpeace.org\/static\/planet4-mexico-stateless\/2025\/07\/8e05d4ea-mina-sascab-deforestacion-1024x683.jpg\" title=\"Vista a\u00e9rea de una mina en Yucat\u00e1n.\" alt=\"Vista a\u00e9rea de una mina en Yucat\u00e1n.\" class=\"wp-image-59204\" srcset=\"https:\/\/www.greenpeace.org\/static\/planet4-mexico-stateless\/2025\/07\/8e05d4ea-mina-sascab-deforestacion-1024x683.jpg 1024w, https:\/\/www.greenpeace.org\/static\/planet4-mexico-stateless\/2025\/07\/8e05d4ea-mina-sascab-deforestacion-300x200.jpg 300w, https:\/\/www.greenpeace.org\/static\/planet4-mexico-stateless\/2025\/07\/8e05d4ea-mina-sascab-deforestacion-768x512.jpg 768w, https:\/\/www.greenpeace.org\/static\/planet4-mexico-stateless\/2025\/07\/8e05d4ea-mina-sascab-deforestacion-510x340.jpg 510w, https:\/\/www.greenpeace.org\/static\/planet4-mexico-stateless\/2025\/07\/8e05d4ea-mina-sascab-deforestacion.jpg 1200w\" sizes=\"auto, (max-width: 1024px) 100vw, 1024px\" \/><figcaption class=\"wp-element-caption\">Vista a\u00e9rea de la mina sascabera Kuchel,  Samahil, Yucat\u00e1n.<div class=\"credit icon-left\"> \u00a9 Greenpeace \/ Prometeo Lucero<\/div><\/figcaption><\/figure>\n\n<h2 class=\"wp-block-heading\"><strong>\u00bfPor qu\u00e9 las sascaberas son una amenaza para el medio ambiente?<\/strong><\/h2>\n\n<p>La creciente demanda de sascab \u2014alimentada por desarrollos inmobiliarios, turismo masivo y megaproyectos como el <strong>Tren Maya<\/strong>\u2014 ha intensificado la apertura de sascaberas en la regi\u00f3n. Esto ha provocado:<\/p>\n\n<ul class=\"wp-block-list\">\n<li><strong>Deforestaci\u00f3n<\/strong>: la apertura de estos bancos implica la eliminaci\u00f3n total de la cobertura vegetal.<\/li>\n\n\n\n<li><strong>Destrucci\u00f3n de h\u00e1bitats<\/strong>: muchas especies como murci\u00e9lagos, boas o lagartijas end\u00e9micas pierden su hogar o mueren, por lo que son m\u00e1s vulnerables a entrar en peligro de extinci\u00f3n.<\/li>\n\n\n\n<li><strong>Erosi\u00f3n del suelo<\/strong>: al remover grandes vol\u00famenes de piedra, se debilita la estructura del terreno.<\/li>\n\n\n\n<li><strong>Riesgos al acu\u00edfero maya<\/strong>: muchas sascaberas est\u00e1n en contacto con el manto fre\u00e1tico, poniendo en peligro la <strong>fuente de agua dulce<\/strong> para comunidades humanas, fauna e incluso actividades agr\u00edcolas.<br><\/li>\n<\/ul>\n\n<figure class=\"wp-block-image size-large\"><img loading=\"lazy\" decoding=\"async\" width=\"1024\" height=\"683\" src=\"https:\/\/www.greenpeace.org\/static\/planet4-mexico-stateless\/2025\/07\/9820c419-mineria-selva-maya-deforestacion-1024x683.jpg\" title=\"Vista a\u00e9rea de la extracci\u00f3n minera en la mina sascab en San Francisco Paa Mul, Solidaridad, Quintana Roo.\" alt=\"Vista a\u00e9rea de la extracci\u00f3n minera en la mina sascab en San Francisco Paa Mul, Solidaridad, Quintana Roo.\" class=\"wp-image-59205\" srcset=\"https:\/\/www.greenpeace.org\/static\/planet4-mexico-stateless\/2025\/07\/9820c419-mineria-selva-maya-deforestacion-1024x683.jpg 1024w, https:\/\/www.greenpeace.org\/static\/planet4-mexico-stateless\/2025\/07\/9820c419-mineria-selva-maya-deforestacion-300x200.jpg 300w, https:\/\/www.greenpeace.org\/static\/planet4-mexico-stateless\/2025\/07\/9820c419-mineria-selva-maya-deforestacion-768x512.jpg 768w, https:\/\/www.greenpeace.org\/static\/planet4-mexico-stateless\/2025\/07\/9820c419-mineria-selva-maya-deforestacion-510x340.jpg 510w, https:\/\/www.greenpeace.org\/static\/planet4-mexico-stateless\/2025\/07\/9820c419-mineria-selva-maya-deforestacion.jpg 1200w\" sizes=\"auto, (max-width: 1024px) 100vw, 1024px\" \/><figcaption class=\"wp-element-caption\">Aerial view of mining extraction in the sascab mine in San Francisco Paa Mul, Solidaridad, Quintana Roo\r\nVista a\u00e9rea de la mina sascabera en San Francisco Paa Mul, Solidaridad, Quintana Roo.<\/figcaption><figcaption><div class=\"credit icon-left\"> \u00a9 Greenpeace \/ Prometeo Lucero<\/div><\/figcaption><\/figure>\n\n<p>En lugares como la sascabera de <strong>Xmatkuil<\/strong>, la explotaci\u00f3n ha sido tan agresiva que los vecinos denuncian el uso diario de explosivos, que generan vibraciones intensas que han causado da\u00f1os estructurales en al menos 40 viviendas cercanas, afectando paredes y techos.<\/p>\n\n<h2 class=\"wp-block-heading\"><strong>\u00bfCu\u00e1l es el impacto de las sascaberas en la salud humana?<\/strong><\/h2>\n\n<p>En zonas densamente pobladas como <strong>Canc\u00fan o el norte de M\u00e9rida<\/strong>, las sascaberas aumentan el riesgo de enfermedades respiratorias. Esto ocurre porque la <strong>extracci\u00f3n convierte la roca en <\/strong><a href=\"https:\/\/infolliteras.com\/2025\/01\/01\/uman-progreso-y-merida-con-la-peor-calidad-de-aire-debido-a-las-microparticulas-generadas-por-las-cementeras-caleras-sascaberas-concreteras\/\" target=\"_blank\" rel=\"noreferrer noopener\"><strong>micropart\u00edculas<\/strong><\/a> que quedan suspendidas en el aire y pueden ser inhaladas por las personas.<\/p>\n\n<p>Un estudio del <strong>Cinvestav Unidad M\u00e9rida<\/strong> confirm\u00f3 que las part\u00edculas liberadas por una sascabera est\u00e1n afectando a la comunidad de <strong>Flamboyanes<\/strong>, as\u00ed como a colonias cercanas. Pese a la gravedad, <strong>no existen actualmente indicadores que monitoreen esta forma de contaminaci\u00f3n<\/strong>.<\/p>\n\n<p>El problema se agrava en temporada de nortes o frentes fr\u00edos, cuando el viento ayuda a dispersar a\u00fan m\u00e1s las micropart\u00edculas, seg\u00fan datos de la <strong>Asociaci\u00f3n Maya Peninsular<\/strong>.<\/p>\n\n<h2 class=\"wp-block-heading\"><strong>\u00bfCu\u00e1ntas sascaberas existen en la pen\u00ednsula de Yucat\u00e1n?<\/strong><\/h2>\n\n<p>De acuerdo con datos de <strong>CartoCr\u00edtica<\/strong>, en la pen\u00ednsula de Yucat\u00e1n hay al menos <strong>9,978 hect\u00e1reas utilizadas como sascaberas<\/strong>. Esto representa miles de hect\u00e1reas de selva perdida, y una constante fuente de <strong>contaminaci\u00f3n ambiental y deterioro social<\/strong>.<\/p>\n\n<figure class=\"wp-block-image size-large\"><img loading=\"lazy\" decoding=\"async\" width=\"1024\" height=\"683\" src=\"https:\/\/www.greenpeace.org\/static\/planet4-mexico-stateless\/2025\/07\/0666b31f-mineria-sascab-deforestacion-1024x683.jpg\" title=\"Vista a\u00e9rea de la mina de sascab en Techoc, en las afueras de M\u00e9rida, Yucat\u00e1n.\" alt=\"Vista a\u00e9rea de la mina de sascab en Techoc, en las afueras de M\u00e9rida, Yucat\u00e1n.\n\" class=\"wp-image-59206\" srcset=\"https:\/\/www.greenpeace.org\/static\/planet4-mexico-stateless\/2025\/07\/0666b31f-mineria-sascab-deforestacion-1024x683.jpg 1024w, https:\/\/www.greenpeace.org\/static\/planet4-mexico-stateless\/2025\/07\/0666b31f-mineria-sascab-deforestacion-300x200.jpg 300w, https:\/\/www.greenpeace.org\/static\/planet4-mexico-stateless\/2025\/07\/0666b31f-mineria-sascab-deforestacion-768x512.jpg 768w, https:\/\/www.greenpeace.org\/static\/planet4-mexico-stateless\/2025\/07\/0666b31f-mineria-sascab-deforestacion-510x340.jpg 510w, https:\/\/www.greenpeace.org\/static\/planet4-mexico-stateless\/2025\/07\/0666b31f-mineria-sascab-deforestacion.jpg 1200w\" sizes=\"auto, (max-width: 1024px) 100vw, 1024px\" \/><figcaption class=\"wp-element-caption\">Vista a\u00e9rea de sascaberas en Techoc, a las afueras de M\u00e9rida, Yucat\u00e1n<div class=\"credit icon-left\"> \u00a9 Greenpeace \/ Prometeo Lucero<\/div><\/figcaption><\/figure>\n\n<p>El problema no solo est\u00e1 en su existencia, sino en la <strong>falta de regulaci\u00f3n y fiscalizaci\u00f3n<\/strong>. Se han documentado casos en los que funcionarios hicieron caso omiso a las recomendaciones t\u00e9cnicas y aprobaron permisos sin tomar en cuenta los impactos acumulativos.<\/p>\n\n<h2 class=\"wp-block-heading\"><strong>\u00bfQu\u00e9 exigimos ante esta devastaci\u00f3n?<\/strong><\/h2>\n\n<p>Desde Greenpeace exigimos a la <strong>Semarnat<\/strong>:<\/p>\n\n<ul class=\"wp-block-list\">\n<li>Detener las autorizaciones para nuevas sascaberas.<br><\/li>\n\n\n\n<li>Auditar rigurosamente los permisos existentes.<br><\/li>\n\n\n\n<li>Garantizar la protecci\u00f3n de la <strong>selva maya<\/strong> y su acu\u00edfero ante los intereses de la industria extractiva y desarrollos inmobiliarios.<\/li>\n<\/ul>\n\n<p>Las sascaberas est\u00e1n arrasando con la <strong>biodiversidad, el agua y el territorio<\/strong>. S\u00famate a la campa\u00f1a <em>M\u00e9xico al grito de Selva<\/em> y exige un alto a este modelo de <strong>depredaci\u00f3n ambiental<\/strong>.<\/p>\n\n<p>? Firma para defender la selva maya y frenar la destrucci\u00f3n causada por las sascaberas.<\/p>\n\t\t\t<section\n\t\t\tclass=\"boxout  \"\n\t\t\t\n\t\t>\n\t\t\t<a\n\t\t\t\tdata-ga-category=\"Take Action Boxout\"\n\t\t\t\tdata-ga-action=\"Image\"\n\t\t\t\tdata-ga-label=\"n\/a\"\n\t\t\t\tclass=\"cover-card-overlay\"\n\t\t\t\thref=\"https:\/\/actua.greenpeace.org.mx\/es-mx\/salvemos-la-biodiversidad-del-sureste?utm_content=SascaberasPeligrosasBlog250704051034&amp;utm_medium=blog&amp;utm_source=greenpeace.org&amp;utm_campaign=loss%20of%20ecosistems&amp;hs_resource__c=Fundraising\" target=\"_blank\"\n\t\t\t><\/a>\n\t\t\t\t\t\t\t<img\n\t\t\t\t\t\tsrc=\"https:\/\/www.greenpeace.org\/static\/planet4-mexico-stateless\/2025\/06\/a342d5e4-deforestacion-incendios-forestales-1024x683.jpg\"\n\t\t\t\t\t\tsrcset=\"https:\/\/www.greenpeace.org\/static\/planet4-mexico-stateless\/2025\/06\/a342d5e4-deforestacion-incendios-forestales-300x200.jpg 300w, https:\/\/www.greenpeace.org\/static\/planet4-mexico-stateless\/2025\/06\/a342d5e4-deforestacion-incendios-forestales-1024x683.jpg 1024w, https:\/\/www.greenpeace.org\/static\/planet4-mexico-stateless\/2025\/06\/a342d5e4-deforestacion-incendios-forestales-768x512.jpg 768w, https:\/\/www.greenpeace.org\/static\/planet4-mexico-stateless\/2025\/06\/a342d5e4-deforestacion-incendios-forestales-510x340.jpg 510w, https:\/\/www.greenpeace.org\/static\/planet4-mexico-stateless\/2025\/06\/a342d5e4-deforestacion-incendios-forestales.jpg 1200w\"\n\t\t\t\t\t\tsizes=\"(min-width: 1000px) 358px, (min-width: 780px) 313px, 88px\"\n\t\t\t\t\t\talt=\"Vista a\u00e9rea de incendios forestales en Nuevo Cana\u00e1n, Quintana Roo.\" title=\"Vista a\u00e9rea de incendios forestales en Nuevo Cana\u00e1n, Quintana Roo.\"\n\t\t\t\t\/>\n            \t\t\t<div class=\"boxout-content\">\n\t\t\t\t\t\t\t\t\t<a\n\t\t\t\t\t\tclass=\"boxout-heading medium\"\n\t\t\t\t\t\tdata-ga-category=\"Take Action Boxout\"\n\t\t\t\t\t\tdata-ga-action=\"Title\"\n\t\t\t\t\t\tdata-ga-label=\"n\/a\"\n\t\t\t\t\t\thref=\"https:\/\/actua.greenpeace.org.mx\/es-mx\/salvemos-la-biodiversidad-del-sureste?utm_content=SascaberasPeligrosasBlog250704051034&amp;utm_medium=blog&amp;utm_source=greenpeace.org&amp;utm_campaign=loss%20of%20ecosistems&amp;hs_resource__c=Fundraising\"\n\t\t\t\t\t\ttarget=\"_blank\"\n\t\t\t\t\t>\n\t\t\t\t\t\tExige alto a la destrucci\u00f3n\n\t\t\t\t\t<\/a>\n\t\t\t\t\t\t\t\t\t\t\t\t\t<p class=\"boxout-excerpt\">Las sascaberas se llevan el suelo, el agua y el futuro.<\/p>\n\t\t\t\t                                    <a\n                        class=\"btn btn-primary\"\n                        data-ga-category=\"Take Action Boxout\"\n                        data-ga-action=\"Call to Action\"\n                        data-ga-label=\"n\/a\"\n                        href=\"https:\/\/actua.greenpeace.org.mx\/es-mx\/salvemos-la-biodiversidad-del-sureste?utm_content=SascaberasPeligrosasBlog250704051034&amp;utm_medium=blog&amp;utm_source=greenpeace.org&amp;utm_campaign=loss%20of%20ecosistems&amp;hs_resource__c=Fundraising\"\n                        target=\"_blank\"\n                    >\n                        Firma para frenarlas\n                    <\/a>\n                \t\t\t<\/div>\n\t\t\t\t\t<\/section>\n\t\n<p><\/p>\n","protected":false},"excerpt":{"rendered":"<p>Las sascaberas destruyen la selva, contaminan el agua y afectan la salud. Descubre c\u00f3mo operan y por qu\u00e9 deben detenerse ya.<\/p>\n","protected":false},"author":82,"featured_media":59205,"comment_status":"open","ping_status":"open","sticky":false,"template":"","format":"standard","meta":{"ep_exclude_from_search":false,"p4_og_title":"\u00bfQu\u00e9 son las sascaberas y por qu\u00e9 son tan peligrosas?","p4_og_description":"Las sascaberas destruyen la selva, contaminan el agua y afectan la salud. Descubre c\u00f3mo operan y por qu\u00e9 deben detenerse ya.","p4_og_image":"https:\/\/www.greenpeace.org\/static\/planet4-mexico-stateless\/2025\/07\/9820c419-mineria-selva-maya-deforestacion.jpg","p4_og_image_id":"59205","p4_seo_canonical_url":"","p4_campaign_name":"","p4_local_project":"","p4_basket_name":"","p4_department":"","footnotes":""},"categories":[40],"tags":[58],"p4-page-type":[14],"class_list":["post-59203","post","type-post","status-publish","format-standard","has-post-thumbnail","hentry","category-selva-maya","tag-inmobiliaria","p4-page-type-blog"],"_links":{"self":[{"href":"https:\/\/www.greenpeace.org\/mexico\/wp-json\/wp\/v2\/posts\/59203","targetHints":{"allow":["GET"]}}],"collection":[{"href":"https:\/\/www.greenpeace.org\/mexico\/wp-json\/wp\/v2\/posts"}],"about":[{"href":"https:\/\/www.greenpeace.org\/mexico\/wp-json\/wp\/v2\/types\/post"}],"author":[{"embeddable":true,"href":"https:\/\/www.greenpeace.org\/mexico\/wp-json\/wp\/v2\/users\/82"}],"replies":[{"embeddable":true,"href":"https:\/\/www.greenpeace.org\/mexico\/wp-json\/wp\/v2\/comments?post=59203"}],"version-history":[{"count":2,"href":"https:\/\/www.greenpeace.org\/mexico\/wp-json\/wp\/v2\/posts\/59203\/revisions"}],"predecessor-version":[{"id":59208,"href":"https:\/\/www.greenpeace.org\/mexico\/wp-json\/wp\/v2\/posts\/59203\/revisions\/59208"}],"wp:featuredmedia":[{"embeddable":true,"href":"https:\/\/www.greenpeace.org\/mexico\/wp-json\/wp\/v2\/media\/59205"}],"wp:attachment":[{"href":"https:\/\/www.greenpeace.org\/mexico\/wp-json\/wp\/v2\/media?parent=59203"}],"wp:term":[{"taxonomy":"category","embeddable":true,"href":"https:\/\/www.greenpeace.org\/mexico\/wp-json\/wp\/v2\/categories?post=59203"},{"taxonomy":"post_tag","embeddable":true,"href":"https:\/\/www.greenpeace.org\/mexico\/wp-json\/wp\/v2\/tags?post=59203"},{"taxonomy":"p4-page-type","embeddable":true,"href":"https:\/\/www.greenpeace.org\/mexico\/wp-json\/wp\/v2\/p4-page-type?post=59203"}],"curies":[{"name":"wp","href":"https:\/\/api.w.org\/{rel}","templated":true}]}}