{"id":59209,"date":"2025-07-07T21:59:26","date_gmt":"2025-07-08T02:59:26","guid":{"rendered":"https:\/\/www-dev.greenpeace.org\/mexico\/?p=59209"},"modified":"2025-08-11T18:44:44","modified_gmt":"2025-08-11T23:44:44","slug":"greenpeace-vuelca-material-petreo-frente-a-la-semarnat-y-exige-no-mas-calicas-en-la-selva-maya","status":"publish","type":"post","link":"https:\/\/www.greenpeace.org\/mexico\/informacion-prensa\/59209\/greenpeace-vuelca-material-petreo-frente-a-la-semarnat-y-exige-no-mas-calicas-en-la-selva-maya\/","title":{"rendered":"Greenpeace vuelca material p\u00e9treo frente a la SEMARNAT y exige:\u00a0 \u00a1No m\u00e1s Calicas en la Selva Maya!"},"content":{"rendered":"\n<figure class=\"wp-block-image size-large\"><img loading=\"lazy\" decoding=\"async\" width=\"1024\" height=\"683\" src=\"https:\/\/www.greenpeace.org\/static\/planet4-mexico-stateless\/2025\/07\/d159fb31-semarnat-calica-selva-maya-1024x683.jpg\" title=\"Activistas de Greenpeace escalan y arrojan material p\u00e9treo frente a SEMARNAT, se observan carteles que dicen: &quot;Semarnat: \u00a1No m\u00e1s calicas en la Selva Maya!&quot;\" alt=\"Activistas de Greenpeace escalan y arrojan material p\u00e9treo frente a SEMARNAT, se observan carteles que dicen: &quot;Semarnat: \u00a1No m\u00e1s calicas en la Selva Maya!&quot;\" class=\"wp-image-59210\" srcset=\"https:\/\/www.greenpeace.org\/static\/planet4-mexico-stateless\/2025\/07\/d159fb31-semarnat-calica-selva-maya-1024x683.jpg 1024w, https:\/\/www.greenpeace.org\/static\/planet4-mexico-stateless\/2025\/07\/d159fb31-semarnat-calica-selva-maya-300x200.jpg 300w, https:\/\/www.greenpeace.org\/static\/planet4-mexico-stateless\/2025\/07\/d159fb31-semarnat-calica-selva-maya-768x512.jpg 768w, https:\/\/www.greenpeace.org\/static\/planet4-mexico-stateless\/2025\/07\/d159fb31-semarnat-calica-selva-maya-510x340.jpg 510w, https:\/\/www.greenpeace.org\/static\/planet4-mexico-stateless\/2025\/07\/d159fb31-semarnat-calica-selva-maya.jpg 1200w\" sizes=\"auto, (max-width: 1024px) 100vw, 1024px\" \/><figcaption class=\"wp-element-caption\">Como parte de la campa\u00f1a \u201cM\u00e9xico al Grito de la Selva\u201d, activistas de la organizaci\u00f3n ambiental Greenpeace M\u00e9xico se manifestaron la ma\u00f1ana de este lunes en la delegaci\u00f3n de la Secretar\u00eda de Medio Ambiente y Recursos Naturales (SEMARNAT) en Canc\u00fan, para exigir que la dependencia suspenda las autorizaciones para la explotaci\u00f3n de bancos de material p\u00e9treo en la selva maya, conocidos localmente como \u201csascaberas\u201d.<div class=\"credit icon-left\"> \u00a9 Gustavo Graf \/ Greenpeace<\/div><\/figcaption><\/figure>\n\n<ul class=\"wp-block-list\">\n<li> Haciendo alusi\u00f3n a la empresa Calica, responsable de tres d\u00e9cadas de devastaci\u00f3n, la                 organizaci\u00f3n demanda cancelar las autorizaciones de impacto ambiental otorgadas por SEMARNAT a CEMEX y otras empresas para extraer material p\u00e9treo en la regi\u00f3n  <\/li>\n\n\n\n<li>El proyecto de CEMEX amenaza con ocupar una superficie cercana a la mitad de Calica en el municipio de Tulum<\/li>\n\n\n\n<li>Su ejecuci\u00f3n afectar\u00eda de manera directa a la comunidad maya de Francisco Uh May y una basta zona de r\u00edos subterr\u00e1neos<\/li>\n<\/ul>\n\n<p>7 de julio de 2025, Canc\u00fan, Quintana Roo &#8211;&nbsp; En el marco de la campa\u00f1a \u201cM\u00e9xico al grito de Selva\u201d, activistas de la organizaci\u00f3n ambientalista Greenpeace M\u00e9xico realizaron una protesta la ma\u00f1ana de este lunes en la delegaci\u00f3n de la Secretar\u00eda de Medio Ambiente y Recursos Naturales (SEMARNAT) en Canc\u00fan, con el objetivo de exigir al organismo que detenga&nbsp; las autorizaciones para explotar&nbsp; bancos de material p\u00e9treo en la selva maya, conocidos localmente como \u201csascaberas\u201d.&nbsp;<\/p>\n\n<p>Entre estos, resaltaron la reciente autorizaci\u00f3n otorgada a CEMEX para deforestar y dinamitar cerca de 650 hect\u00e1reas de selva virgen en las inmediaciones de Tulum.&nbsp;&nbsp;<\/p>\n\n<p>Desde lo alto del edificio&nbsp; al que escalaron&nbsp; desde las primeras horas de la ma\u00f1ana, las personas activistas desplegaron una manta con el mensaje: \u201cSEMARNAT: \u00a1No m\u00e1s Calicas en la Selva Maya!\u201d,&nbsp; haciendo referencia al modelo operado por Calizas Industriales del Carmen (Calica), filial de la estadounidense Vulcan Materials Company, que operaba en una zona que&nbsp; fue declarada \u00c1rea Natural Protegida en 2024 tras tres d\u00e9cadas de destrucci\u00f3n en Playa del Carmen.<\/p>\n\n<p>La consigna desplegada responde a la alerta que hace Greenpeace sobre las sascaberas como origen de la devastaci\u00f3n de la Selva Maya y la contaminaci\u00f3n del acu\u00edfero.<\/p>\n\n<p>A la vez que volcaron&nbsp; material p\u00e9treo desde un cami\u00f3n frente a la entrada para evidenciar la explotaci\u00f3n que la instituci\u00f3n ambiental federal ha estado autorizando a escalas masivas.&nbsp;<\/p>\n\n<p>\u201cEste modelo contin\u00faa expandi\u00e9ndose por la pen\u00ednsula de Yucat\u00e1n, actualmente, con permisos otorgados a otras empresas como Cemex y a la SEDENA.\u201d, advirti\u00f3 Carlos Samayoa, coordinador de la campa\u00f1a M\u00e9xico al grito de Selva en Greenpeace M\u00e9xico.<\/p>\n\n<p>Las sascaberas han devastado cerca de 10 mil hect\u00e1reas de selva, impulsadas por el crecimiento inmobiliario descontrolado asociado al turismo masivo y por obras de megaproyectos como el Tren Maya.&nbsp;<\/p>\n\n<p>\u201cEstamos aqu\u00ed porque no podemos seguir perdiendo nuestra selva a este ritmo alarmante. La Semarnat tiene que poner un alto de verdad a la depredaci\u00f3n de la Selva Maya agudizada por las sascaberas que se valen de trascabos para arrancar \u00e1rboles, y de dinamita para hacer estallar en pedazos miles de hect\u00e1reas de ecosistemas llenos de vida. Parecer\u00eda que en lugar de terminar con esta devastaci\u00f3n, s\u00f3lo se nacionaliz\u00f3, y ahora se est\u00e1 autorizando a trasnacionales mexicanas como Cemex a seguir ese modelo mort\u00edfero que debe ser detenido cuanto antes\u201d, declar\u00f3 Carlos Samayoa.&nbsp;<\/p>\n\n<p>Greenpeace se\u00f1al\u00f3 que si bien la SEMARNAT reconoci\u00f3 recientemente los graves impactos ambientales del Tren Maya a los ecosistemas de la selva, es necesario que dicha instituci\u00f3n gubernamental abra sus puertas para trabajar en un plan detallado que culmine con la protecci\u00f3n integral de la Selva Maya y su acu\u00edfero que conforma la reserva de agua m\u00e1s grande de M\u00e9xico, concluyendo que estos ecosistemas representan un baluarte imprescindible frente a la crisis clim\u00e1tica.<\/p>\n\n<p><strong>Primero Calica, ahora CEMEX<\/strong><\/p>\n\n<p>CEMEX busca\u00a0 realizar cambios en el uso del suelo en terrenos forestales con la finalidad de iniciar la operaci\u00f3n de un banco de materiales, el cual, seg\u00fan la propia <a href=\"https:\/\/apps1.semarnat.gob.mx:8443\/dgiraDocs\/documentos\/qroo\/estudios\/2023\/23QR2023HD062.pdf\" target=\"_blank\" rel=\"noreferrer noopener\">Manifestaci\u00f3n de Impacto Ambiental de la iniciativa<\/a>, \u201cpermitir\u00e1 abastecer de materiales p\u00e9treos para toda la regi\u00f3n (&#8230;)\u00a0 en espec\u00edfico para el desarrollo de proyectos como lo son el Tren Maya, las estaciones, la industria inmobiliaria y tur\u00edstica, entre otros.\u201d\u00a0<\/p>\n\n<p>Este hecho remite a las operaciones extractivistas que en su momento fueron impulsadas por la empresa Calica.Sus trabajos de extracci\u00f3n de piedra caliza fueron detenidos y su mina clausurada por la Procuradur\u00eda Federal de Protecci\u00f3n al Ambiente (Profepa) aduciendo grave da\u00f1o ambiental, en 2022.&nbsp;<\/p>\n\n<p>Las alertas vuelven a encenderse, ahora bajo el protagonismo de CEMEX. Dentro de las advertencias que las organizaciones han hecho sobre los potenciales da\u00f1os socioambientales que implicar\u00edan sus actividades de extracci\u00f3n de material rocoso -a trav\u00e9s de la apertura de sascaberas-, destacan la afectaci\u00f3n directa de los habitantes de la localidad de Francisco Uh May, comunidad maya que ha se\u00f1alado que hasta ahora no han sido consultados de manera previa, libre ni <a href=\"https:\/\/www.proceso.com.mx\/reportajes\/2025\/5\/1\/extraccion-de-piedra-en-tulum-dan-cemex-lo-que-prohibieron-calica-350374.html\" target=\"_blank\" rel=\"noreferrer noopener\">informada<\/a>. Adem\u00e1s, su actuaci\u00f3n tambi\u00e9n traer\u00eda consecuencias graves para el sistema de r\u00edos subterr\u00e1neos que atraviesa el subsuelo del \u00e1rea propuesta por CEMEX para sus operaciones. De consumarse el proyecto de la cementera, sus trabajos se traducir\u00edan en el avasallamiento de 450 hect\u00e1reas que se sumar\u00edan a las casi 10 mil hect\u00e1reas de selva que ha sido talada para dar paso a bancos de material p\u00e9treo en la pen\u00ednsula, seg\u00fan datos de Cartocr\u00edtica.<\/p>\n\n<p>\u201cNecesitamos que los tomadores de decisiones, en sus diferentes niveles, pero sobre todo a escala federal, paren esta devastaci\u00f3n, para lo cual tiene que haber medidas m\u00e1s ambiciosas de protecci\u00f3n, tanto de lo que est\u00e1 arriba, en la superficie, como de lo que est\u00e1 abajo, en el subsuelo. Por eso es necesario que SEMARNAT nos escuche, pues pese a que cerraron Calica, el problema no ha terminado\u201d, a\u00f1adi\u00f3.<\/p>\n\n<p>Contacto para prensa: Sara Del Real al 55 40 84 53 20 y al correo <a href=\"mailto:sara.del.real@greenpeace.org\" target=\"_blank\" rel=\"noreferrer noopener\">sara.del.real@greenpeace.org<\/a>\u00a0<\/p>\n\n<p>Descarga de materiales <a href=\"https:\/\/media.greenpeace.org\/Detail\/27MZIFJR1O0A9\" data-type=\"link\" data-id=\"https:\/\/media.greenpeace.org\/Detail\/27MZIFJR1O0A9\" target=\"_blank\" rel=\"noreferrer noopener\">aqu\u00ed<\/a><\/p>\n","protected":false},"excerpt":{"rendered":"<p>Activistas exigen a SEMARNAT frenar permisos a CEMEX para explotar la Selva Maya y evitar repetir el modelo destructivo de Calica.<\/p>\n","protected":false},"author":82,"featured_media":59210,"comment_status":"open","ping_status":"open","sticky":false,"template":"","format":"standard","meta":{"ep_exclude_from_search":false,"p4_og_title":"Greenpeace vuelca material p\u00e9treo frente a la SEMARNAT y exige:\u00a0 \u00a1No m\u00e1s Calicas en la Selva Maya!","p4_og_description":"Activistas exigen a SEMARNAT frenar permisos a CEMEX para explotar la Selva Maya y evitar repetir el modelo destructivo de Calica.","p4_og_image":"https:\/\/www.greenpeace.org\/static\/planet4-mexico-stateless\/2025\/07\/d159fb31-semarnat-calica-selva-maya.jpg","p4_og_image_id":"59210","p4_seo_canonical_url":"","p4_campaign_name":"","p4_local_project":"","p4_basket_name":"","p4_department":"","footnotes":""},"categories":[40],"tags":[58,21],"p4-page-type":[16],"class_list":["post-59209","post","type-post","status-publish","format-standard","has-post-thumbnail","hentry","category-selva-maya","tag-inmobiliaria","tag-activismo","p4-page-type-informacion-prensa"],"_links":{"self":[{"href":"https:\/\/www.greenpeace.org\/mexico\/wp-json\/wp\/v2\/posts\/59209","targetHints":{"allow":["GET"]}}],"collection":[{"href":"https:\/\/www.greenpeace.org\/mexico\/wp-json\/wp\/v2\/posts"}],"about":[{"href":"https:\/\/www.greenpeace.org\/mexico\/wp-json\/wp\/v2\/types\/post"}],"author":[{"embeddable":true,"href":"https:\/\/www.greenpeace.org\/mexico\/wp-json\/wp\/v2\/users\/82"}],"replies":[{"embeddable":true,"href":"https:\/\/www.greenpeace.org\/mexico\/wp-json\/wp\/v2\/comments?post=59209"}],"version-history":[{"count":1,"href":"https:\/\/www.greenpeace.org\/mexico\/wp-json\/wp\/v2\/posts\/59209\/revisions"}],"predecessor-version":[{"id":59211,"href":"https:\/\/www.greenpeace.org\/mexico\/wp-json\/wp\/v2\/posts\/59209\/revisions\/59211"}],"wp:featuredmedia":[{"embeddable":true,"href":"https:\/\/www.greenpeace.org\/mexico\/wp-json\/wp\/v2\/media\/59210"}],"wp:attachment":[{"href":"https:\/\/www.greenpeace.org\/mexico\/wp-json\/wp\/v2\/media?parent=59209"}],"wp:term":[{"taxonomy":"category","embeddable":true,"href":"https:\/\/www.greenpeace.org\/mexico\/wp-json\/wp\/v2\/categories?post=59209"},{"taxonomy":"post_tag","embeddable":true,"href":"https:\/\/www.greenpeace.org\/mexico\/wp-json\/wp\/v2\/tags?post=59209"},{"taxonomy":"p4-page-type","embeddable":true,"href":"https:\/\/www.greenpeace.org\/mexico\/wp-json\/wp\/v2\/p4-page-type?post=59209"}],"curies":[{"name":"wp","href":"https:\/\/api.w.org\/{rel}","templated":true}]}}