{"id":59756,"date":"2025-07-14T15:41:09","date_gmt":"2025-07-14T20:41:09","guid":{"rendered":"https:\/\/www-dev.greenpeace.org\/mexico\/?p=59756"},"modified":"2025-08-11T18:44:35","modified_gmt":"2025-08-11T23:44:35","slug":"los-gobiernos-no-son-impotentes-ante-la-mineria-submarina-y-su-connivencia-con-trump","status":"publish","type":"post","link":"https:\/\/www.greenpeace.org\/mexico\/informacion-prensa\/59756\/los-gobiernos-no-son-impotentes-ante-la-mineria-submarina-y-su-connivencia-con-trump\/","title":{"rendered":"Los gobiernos no son impotentes ante la miner\u00eda submarina y su connivencia con Trump"},"content":{"rendered":"\n<p>Kingston, Jamaica &#8211; Los gobiernos a\u00fan tienen la oportunidad de proteger el futuro de las profundidades oce\u00e1nicas al reanudarse hoy la 30\u00aa Sesi\u00f3n de la Autoridad Internacional de los Fondos Marinos (AIF), en la que 37 de ellos piden ahora una moratoria de la explotaci\u00f3n minera de los fondos marinos, la \u00fanica v\u00eda cre\u00edble para resistir con decisi\u00f3n a la apropiaci\u00f3n depredadora por parte de las empresas y evitar los da\u00f1os irreversibles que la industria podr\u00eda desencadenar.<\/p>\n\n<figure class=\"wp-block-image size-full\"><img loading=\"lazy\" decoding=\"async\" width=\"1024\" height=\"684\" src=\"https:\/\/www.greenpeace.org\/static\/planet4-mexico-stateless\/2025\/05\/e5d042cc-mineria-aguas-profundas-protesta.jpg\" title=\"Activistas de Greenpeace Internacional de todo el mundo remando y protestando alrededor de MV COCO, un buque de perforaci\u00f3n offshore especializado que actualmente recopila datos para The Metals Company, l\u00edder en miner\u00eda en aguas profundas.\" alt=\"Activistas de Greenpeace Internacional de todo el mundo remando y protestando alrededor de MV COCO, un buque de perforaci\u00f3n offshore especializado que actualmente recopila datos para The Metals Company, l\u00edder en miner\u00eda en aguas profundas.\" class=\"wp-image-55850\" srcset=\"https:\/\/www.greenpeace.org\/static\/planet4-mexico-stateless\/2025\/05\/e5d042cc-mineria-aguas-profundas-protesta.jpg 1024w, https:\/\/www.greenpeace.org\/static\/planet4-mexico-stateless\/2025\/05\/e5d042cc-mineria-aguas-profundas-protesta-300x200.jpg 300w, https:\/\/www.greenpeace.org\/static\/planet4-mexico-stateless\/2025\/05\/e5d042cc-mineria-aguas-profundas-protesta-768x513.jpg 768w, https:\/\/www.greenpeace.org\/static\/planet4-mexico-stateless\/2025\/05\/e5d042cc-mineria-aguas-profundas-protesta-510x340.jpg 510w\" sizes=\"auto, (max-width: 1024px) 100vw, 1024px\" \/><figcaption><div class=\"credit icon-left\"> \u00a9 Martin Katz \/ Greenpeace<\/div><\/figcaption><\/figure>\n\n<p>Es la primera vez que los gobiernos se re\u00fanen para debatir sobre la miner\u00eda de aguas profundas desde que The Metals Company (TMC) present\u00f3 la primera solicitud para explotar comercialmente el lecho marino internacional. La medida fue impulsada por una orden ejecutiva firmada por el presidente de Estados Unidos, Donald Trump, destinada a acelerar las operaciones de miner\u00eda submarina tanto en aguas estadounidenses, como internacionales, y ha reforzado la oposici\u00f3n a la miner\u00eda en aguas profundas, no solo para proteger el medio ambiente, sino tambi\u00e9n para defender la cooperaci\u00f3n internacional y el derecho internacional[1].<\/p>\n\n<p>La activista de Greenpeace Internacional Louisa Casson, que asiste a la reuni\u00f3n, declar\u00f3: &#8220;Estamos siendo testigos de los peligros que surgen cuando las naciones adoptan medidas unilaterales sin tener en cuenta las consecuencias colectivas. Deber\u00edamos aprender de la naturaleza que los ecosistemas se colapsan sin cooperaci\u00f3n; nuestros sistemas globales est\u00e1n en peligro cuando no trabajamos juntos por el bien com\u00fan. Las profundidades marinas no deben ser v\u00edctimas de la apropiaci\u00f3n depredadora por parte de las empresas. Es hora de que los gobiernos de la ISA se comprometan a una moratoria: es la \u00fanica v\u00eda viable para evitar el da\u00f1o irreversible que desencadenar\u00eda la explotaci\u00f3n minera de los fondos marinos&#8221;.<\/p>\n\n<p>Casi 200 gobiernos han firmado la Convenci\u00f3n de las Naciones Unidas sobre el Derecho del Mar (CNUDM), a menudo denominada la \u00abconstituci\u00f3n de los oc\u00e9anos\u00bb, que establece un marco jur\u00eddico mundial que impide a los Estados adoptar medidas unilaterales para explotarlos.<\/p>\n\n<figure class=\"wp-block-image size-large\"><img loading=\"lazy\" decoding=\"async\" width=\"1024\" height=\"554\" src=\"https:\/\/www.greenpeace.org\/static\/planet4-mexico-stateless\/2025\/05\/29e40a6f-isa-alto-mineria-submarina-1024x554.jpg\" title=\"Proyecciones del Reino Unido contra la miner\u00eda en aguas profundas: &quot;Stop deep sea mining&quot; (alto a la miner\u00eda submarina)\" alt=\"Proyecciones del Reino Unido contra la miner\u00eda en aguas profundas: &quot;Stop deep sea mining&quot; (alto a la miner\u00eda submarina)\" class=\"wp-image-56082\" srcset=\"https:\/\/www.greenpeace.org\/static\/planet4-mexico-stateless\/2025\/05\/29e40a6f-isa-alto-mineria-submarina-1024x554.jpg 1024w, https:\/\/www.greenpeace.org\/static\/planet4-mexico-stateless\/2025\/05\/29e40a6f-isa-alto-mineria-submarina-300x162.jpg 300w, https:\/\/www.greenpeace.org\/static\/planet4-mexico-stateless\/2025\/05\/29e40a6f-isa-alto-mineria-submarina-768x415.jpg 768w, https:\/\/www.greenpeace.org\/static\/planet4-mexico-stateless\/2025\/05\/29e40a6f-isa-alto-mineria-submarina-510x276.jpg 510w, https:\/\/www.greenpeace.org\/static\/planet4-mexico-stateless\/2025\/05\/29e40a6f-isa-alto-mineria-submarina.jpg 1200w\" sizes=\"auto, (max-width: 1024px) 100vw, 1024px\" \/><figcaption class=\"wp-element-caption\">Se proyecta &#8220;Alto a la Miner\u00eda en Aguas Profundas&#8221; en los Acantilados Blancos de Dover, un llamado a detener la miner\u00eda en aguas profundas. La ISA ha abierto m\u00e1s de 1,5 millones de km\u00b2, un \u00e1rea cuatro veces mayor que Alemania,<\/figcaption><\/figure>\n\n<p>En sus \u00faltimas presentaciones financieras, TMC reconoci\u00f3 que es probable que muchos gobiernos y la ISA consideren cualquier permiso de miner\u00eda en aguas profundas emitido bajo la administraci\u00f3n Trump como una violaci\u00f3n del derecho internacional[2], lo que podr\u00eda dar lugar a demandas judiciales, no poder vender minerales y que las empresas se nieguen a trabajar con TMC en toda la cadena de suministro.<\/p>\n\n<p>Ya est\u00e1 aumentando la presi\u00f3n sobre Allseas, una empresa con sede en Suiza y una presencia significativa en los Pa\u00edses Bajos, que es propietaria del buque de miner\u00eda de aguas profundas y de la maquinaria de la que TMC pretende depender para sus operaciones comerciales, y es tambi\u00e9n uno de sus mayores accionistas. La semana pasada, activistas de Greenpeace colgaron una pancarta en las oficinas de Allseas en Delft, instando a la empresa a romper lazos con Trump[3].<\/p>\n\n<p>Recientemente, los medios de comunicaci\u00f3n neerlandeses informaron de que la ministra del Clima, Sophie Hermans, est\u00e1 planteando directamente a Allseas su preocupaci\u00f3n por su implicaci\u00f3n en TMC, mientras que el gobierno suizo subray\u00f3 sus expectativas de que las empresas registradas o activas en Suiza respeten el derecho y las normas internacionales[4][5] El director general de Allseas ha declarado que la empresa \u00abno har\u00eda nada ilegal\u00bb.<\/p>\n\n<p>Adem\u00e1s, la colaboraci\u00f3n estrat\u00e9gica de TMC con PAMCO est\u00e1 siendo objeto de un nuevo escrutinio, ya que la empresa japonesa de procesamiento de metales ha admitido que \u00abconsidera que el establecimiento del negocio a trav\u00e9s de una v\u00eda que se ha ganado la credibilidad internacional es una cuesti\u00f3n importante\u00bb[6].<\/p>\n\n<p>La ISA corre el riesgo de ceder a las presiones de las empresas, ya que el Presidente del Consejo, S.E. Duncan Laki, ha dado instrucciones a las partes de la ISA para que aceleren los debates en un intento de finalizar este a\u00f1o un C\u00f3digo Minero que allane el camino para el inicio de la miner\u00eda comercial de aguas profundas en los fondos marinos internacionales[7], entre las que se incluyen fuertes limitaciones de los tiempos de intervenci\u00f3n o el recurso a reuniones m\u00e1s reducidas en las que se excluya a los observadores. En respuesta, Greenpeace ha enviado una carta a la Secretaria General, Leticia Carvalho, advirti\u00e9ndole de que la AIS no debe recompensar los esfuerzos de la industria por precipitar la adopci\u00f3n del C\u00f3digo Minero[8] Varios gobiernos tambi\u00e9n han expresado su firme oposici\u00f3n, declarando: \u00abNos desvinculamos categ\u00f3ricamente de cualquier sugerencia o interpretaci\u00f3n de que el Consejo est\u00e9 obligado, legal o pol\u00edticamente, a adoptar la normativa antes de finales de a\u00f1o\u00bb[9] Otras ONG, pueblos ind\u00edgenas y algunos Estados tambi\u00e9n se han referido a la cuesti\u00f3n.<\/p>\n\n<p>Louisa Casson a\u00f1adi\u00f3: &#8220;Los gobiernos no son impotentes ante los mineros de aguas profundas que hacen un trato condenado al fracaso con Trump. Tienen tanto la autoridad como, ahora m\u00e1s que nunca, la responsabilidad de actuar. Con la creciente preocupaci\u00f3n cient\u00edfica, el aumento de la presi\u00f3n p\u00fablica y los riesgos sin precedentes para los fr\u00e1giles ecosistemas marinos, ha llegado el momento de un liderazgo valiente&#8221;.<\/p>\n\n<p>FIN<\/p>\n\n<p>Notas:<\/p>\n\n<p>[1] Orden ejecutiva de Trump<\/p>\n\n<p>[2] Rellenos financieros de TMC: \u00abel anuncio o la implementaci\u00f3n de esta estrategia puede causar tensiones regulatorias y pol\u00edticas adicionales, retrasar la toma de decisiones de la ISA o perjudicar nuestra capacidad para garantizar o mantener contratos de exploraci\u00f3n o un contrato de explotaci\u00f3n en el marco de la ISA y puede dar lugar a nuestra necesidad de participar en litigios costosos y lentos para hacer valer nuestros derechos\u00bb. Adem\u00e1s, las partes de la CNUDM y la ISA tienen la obligaci\u00f3n legal, en virtud de la CNUDM, de no reconocer ning\u00fan permiso de recuperaci\u00f3n comercial que se nos expida en virtud de la DSHMRA; es probable que muchas partes de la CNUDM y la ISA consideren dicho permiso como una violaci\u00f3n del derecho internacional, incluida la CNUDM, lo que podr\u00eda afectar a la percepci\u00f3n internacional del proyecto, y podr\u00eda tener implicaciones para la log\u00edstica, el procesamiento y el acceso al mercado en las partes de la CNUDM para los minerales del fondo marino extra\u00eddos con una licencia estadounidense y para los productos derivados que los contengan, o para las asociaciones en las que participen entidades extranjeras, y tambi\u00e9n podr\u00eda dar lugar a acciones, de conformidad con la CNUDM, contra TMC en virtud de las leyes nacionales de las partes de la CNUDM, cualquiera de las cuales o todas ellas podr\u00edan tener un efecto material adverso en nuestro negocio, situaci\u00f3n financiera, liquidez, resultados de operaciones y perspectivas. &#8220;<\/p>\n\n<p>[3] Comunicado de Greenpeace Pa\u00edses Bajos<\/p>\n\n<p>[4] El Gabinete neerland\u00e9s expresa su preocupaci\u00f3n por Allseas<\/p>\n\n<p>[5] El Gobierno suizo presiona a Allseas<\/p>\n\n<p>[6] Resultados financieros de Pacific Metals Company<\/p>\n\n<p>[7] Propuesta por el Presidente de la AIS, S.E. Duncan Laki<\/p>\n\n<p>[8] Carta a la Secretaria General Leticia Carvalho<\/p>\n\n<p>[9] Comunicaci\u00f3n de Chile, Costa Rica y Francia<\/p>\n\n<p>Contactos:<\/p>\n\n<p>Sol Gosetti, Coordinadora de Medios de la campa\u00f1a Stop Deep Sea Mining, Greenpeace Internacional: +34 664029407, sol.gosetti@greenpeace.org<\/p>\n\n<p>Servicio de prensa de Greenpeace Internacional: +31 (0) 20 718 2470 (disponible las 24 horas), pressdesk.int@greenpeace.org<\/p>\n\n<p><\/p>\n","protected":false},"excerpt":{"rendered":"<p>37 gobiernos piden una moratoria a la miner\u00eda en aguas profundas durante la 30\u00aa sesi\u00f3n de la AIF para evitar da\u00f1os irreversibles en los oc\u00e9anos<\/p>\n","protected":false},"author":82,"featured_media":56082,"comment_status":"open","ping_status":"open","sticky":false,"template":"","format":"standard","meta":{"ep_exclude_from_search":false,"p4_og_title":"Los gobiernos no son impotentes ante la miner\u00eda submarina y su connivencia con Trump","p4_og_description":"37 gobiernos piden una moratoria a la miner\u00eda en aguas profundas durante la 30\u00aa sesi\u00f3n de la AIF para evitar da\u00f1os irreversibles en los oc\u00e9anos","p4_og_image":"https:\/\/www.greenpeace.org\/static\/planet4-mexico-stateless\/2025\/05\/29e40a6f-isa-alto-mineria-submarina.jpg","p4_og_image_id":"56082","p4_seo_canonical_url":"","p4_campaign_name":"","p4_local_project":"","p4_basket_name":"","p4_department":"","footnotes":""},"categories":[44],"tags":[65,21],"p4-page-type":[16],"class_list":["post-59756","post","type-post","status-publish","format-standard","has-post-thumbnail","hentry","category-oceanos","tag-mineria-submarina","tag-activismo","p4-page-type-informacion-prensa"],"_links":{"self":[{"href":"https:\/\/www.greenpeace.org\/mexico\/wp-json\/wp\/v2\/posts\/59756","targetHints":{"allow":["GET"]}}],"collection":[{"href":"https:\/\/www.greenpeace.org\/mexico\/wp-json\/wp\/v2\/posts"}],"about":[{"href":"https:\/\/www.greenpeace.org\/mexico\/wp-json\/wp\/v2\/types\/post"}],"author":[{"embeddable":true,"href":"https:\/\/www.greenpeace.org\/mexico\/wp-json\/wp\/v2\/users\/82"}],"replies":[{"embeddable":true,"href":"https:\/\/www.greenpeace.org\/mexico\/wp-json\/wp\/v2\/comments?post=59756"}],"version-history":[{"count":1,"href":"https:\/\/www.greenpeace.org\/mexico\/wp-json\/wp\/v2\/posts\/59756\/revisions"}],"predecessor-version":[{"id":59763,"href":"https:\/\/www.greenpeace.org\/mexico\/wp-json\/wp\/v2\/posts\/59756\/revisions\/59763"}],"wp:featuredmedia":[{"embeddable":true,"href":"https:\/\/www.greenpeace.org\/mexico\/wp-json\/wp\/v2\/media\/56082"}],"wp:attachment":[{"href":"https:\/\/www.greenpeace.org\/mexico\/wp-json\/wp\/v2\/media?parent=59756"}],"wp:term":[{"taxonomy":"category","embeddable":true,"href":"https:\/\/www.greenpeace.org\/mexico\/wp-json\/wp\/v2\/categories?post=59756"},{"taxonomy":"post_tag","embeddable":true,"href":"https:\/\/www.greenpeace.org\/mexico\/wp-json\/wp\/v2\/tags?post=59756"},{"taxonomy":"p4-page-type","embeddable":true,"href":"https:\/\/www.greenpeace.org\/mexico\/wp-json\/wp\/v2\/p4-page-type?post=59756"}],"curies":[{"name":"wp","href":"https:\/\/api.w.org\/{rel}","templated":true}]}}