{"id":59769,"date":"2025-07-14T16:00:30","date_gmt":"2025-07-14T21:00:30","guid":{"rendered":"https:\/\/www-dev.greenpeace.org\/mexico\/?p=59769"},"modified":"2025-07-30T16:22:00","modified_gmt":"2025-07-30T21:22:00","slug":"activismo-por-que-lo-necesitamos-mas-que-nunca","status":"publish","type":"post","link":"https:\/\/www.greenpeace.org\/mexico\/blog\/59769\/activismo-por-que-lo-necesitamos-mas-que-nunca\/","title":{"rendered":"Activismo, por qu\u00e9 lo necesitamos m\u00e1s que nunca"},"content":{"rendered":"\n<p>El <strong>activismo<\/strong> es una acci\u00f3n colectiva, organizada, consciente y sostenida que busca generar un cambio positivo, una herramienta poderosa para <strong>denunciar injusticias<\/strong> y exigir cambios, pero tambi\u00e9n es uno de los blancos preferidos de las grandes corporaciones.&nbsp;<\/p>\n\n<p>Ser <strong>activista<\/strong> implica involucrarse de manera directa en acciones enfocadas a transformar injusticias, proteger derechos y promover el bienestar com\u00fan. El activismo visibiliza a las personas y comunidades vulnerables, alza la voz por sus demandas cuando los gobiernos y las grandes corporaciones no las escuchan.&nbsp;<\/p>\n\n<figure class=\"wp-block-image size-large\"><img loading=\"lazy\" decoding=\"async\" width=\"1024\" height=\"683\" src=\"https:\/\/www.greenpeace.org\/static\/planet4-mexico-stateless\/2025\/07\/6ca8580e-reinbow-warrior-barcos-greenpeace-1024x683.jpg\" title=\"Fotograf\u00eda del Rainbow Warrior, barco de Greenpeace, iluminado como un &quot;faro de resistencia&quot; en el que se lee &quot;No puedes hundir un arco\u00edris&quot;.\" alt=\"Fotograf\u00eda del Rainbow Warrior, barco de Greenpeace, iluminado como un &quot;faro de resistencia&quot; en el que se lee &quot;No puedes hundir un arco\u00edris&quot;.\" class=\"wp-image-59770\" srcset=\"https:\/\/www.greenpeace.org\/static\/planet4-mexico-stateless\/2025\/07\/6ca8580e-reinbow-warrior-barcos-greenpeace-1024x683.jpg 1024w, https:\/\/www.greenpeace.org\/static\/planet4-mexico-stateless\/2025\/07\/6ca8580e-reinbow-warrior-barcos-greenpeace-300x200.jpg 300w, https:\/\/www.greenpeace.org\/static\/planet4-mexico-stateless\/2025\/07\/6ca8580e-reinbow-warrior-barcos-greenpeace-768x512.jpg 768w, https:\/\/www.greenpeace.org\/static\/planet4-mexico-stateless\/2025\/07\/6ca8580e-reinbow-warrior-barcos-greenpeace-510x340.jpg 510w, https:\/\/www.greenpeace.org\/static\/planet4-mexico-stateless\/2025\/07\/6ca8580e-reinbow-warrior-barcos-greenpeace.jpg 1200w\" sizes=\"auto, (max-width: 1024px) 100vw, 1024px\" \/><figcaption class=\"wp-element-caption\">El Rainbow Warrior, uno de los barcos m\u00e1s emblem\u00e1ticos de Greenpeace, ha sido usado durante d\u00e9cadas como herramienta de activismo pac\u00edfico en defensa del planeta.<div class=\"credit icon-left\"> \u00a9 Paul Hilton \/ Greenpeace<\/div><\/figcaption><\/figure>\n\n<p>El problema se agrava cuando las empresas perfeccionan <strong>t\u00e1cticas corporativas<\/strong> para silenciar a quienes alzan la voz: desde la censura encubierta hasta la represi\u00f3n legal, pasando por la manipulaci\u00f3n medi\u00e1tica y la <strong>criminalizaci\u00f3n<\/strong> directa.<\/p>\n\n<p>Un art\u00edculo publicado por el diario brit\u00e1nico <em>The Guardian<\/em> en octubre de 2023 expuso estas estrategias de <a href=\"https:\/\/www.theguardian.com\/environment\/2023\/oct\/12\/how-criminalisation-is-being-used-to-silence-climate-activists-across-the-world\" target=\"_blank\" rel=\"noreferrer noopener\"><strong>intimidaci\u00f3n<\/strong><\/a>. Seg\u00fan la investigaci\u00f3n, es cada vez m\u00e1s com\u00fan que los gobiernos aprueben leyes antiprotestas para desalentar y reprimir el activismo ambiental.<\/p>\n\n<figure class=\"wp-block-image size-large\"><img loading=\"lazy\" decoding=\"async\" width=\"1024\" height=\"683\" src=\"https:\/\/www.greenpeace.org\/static\/planet4-mexico-stateless\/2025\/07\/6fb739e3-tiempo-de-resistir-greenpeace-slapp-1024x683.jpg\" title=\"Retrato de una activista de Greenpeace con cintas en la boca formando una X, haciendo alusi\u00f3n al silencio.\" alt=\"Retrato de una activista de Greenpeace con cintas en la boca formando una X, haciendo alusi\u00f3n al silencio.\" class=\"wp-image-59771\" srcset=\"https:\/\/www.greenpeace.org\/static\/planet4-mexico-stateless\/2025\/07\/6fb739e3-tiempo-de-resistir-greenpeace-slapp-1024x683.jpg 1024w, https:\/\/www.greenpeace.org\/static\/planet4-mexico-stateless\/2025\/07\/6fb739e3-tiempo-de-resistir-greenpeace-slapp-300x200.jpg 300w, https:\/\/www.greenpeace.org\/static\/planet4-mexico-stateless\/2025\/07\/6fb739e3-tiempo-de-resistir-greenpeace-slapp-768x512.jpg 768w, https:\/\/www.greenpeace.org\/static\/planet4-mexico-stateless\/2025\/07\/6fb739e3-tiempo-de-resistir-greenpeace-slapp-510x340.jpg 510w, https:\/\/www.greenpeace.org\/static\/planet4-mexico-stateless\/2025\/07\/6fb739e3-tiempo-de-resistir-greenpeace-slapp.jpg 1200w\" sizes=\"auto, (max-width: 1024px) 100vw, 1024px\" \/><figcaption class=\"wp-element-caption\">\u00a1No nos silenciar\u00e1n! Voluntarios de Greenpeace protestan contra las demandas SLAPP, usadas para intimidar a quienes defienden el planeta. Greenpeace USA ya fue llevada a juicio por su apoyo a las protestas ind\u00edgenas contra el oleoducto en Standing Rock. La demanda por casi 300 millones de d\u00f3lares buscaba callar el activismo, pero seguimos de pie.<div class=\"credit icon-left\"> \u00a9 Markus J. Feger \/ Greenpeace<\/div><\/figcaption><\/figure>\n\n<h2 class=\"wp-block-heading\"><strong>Greenpeace bajo ataque, la ofensiva legal de Energy Transfer<\/strong><\/h2>\n\n<p>Pese a la grave amenaza, Greenpeace contin\u00faa con su labor, como lo ha hecho desde 1971, para denunciar p\u00fablicamente la destrucci\u00f3n ambiental, sin miedo a enfrentarse a corporaciones y gobiernos.&nbsp;&nbsp;<\/p>\n\n<p>Uno de los casos m\u00e1s emblem\u00e1ticos es el de <strong>Greenpeace en Estados Unidos y Greenpeace Internacional<\/strong>, organizaciones que, tras participar en protestas pac\u00edficas contra el oleoducto Dakota Access en 2016, han sido perseguidas durante ocho a\u00f1os por <strong>Energy Transfer<\/strong>.&nbsp;<\/p>\n\n<p>El hostigamiento comenz\u00f3, cuando la ONG denunci\u00f3 que la construcci\u00f3n de un oleoducto amenazaba los suministros de agua y sitios sagrados de la <strong>reserva sioux de Standing Rock<\/strong>, localizada entre Dakota del Norte y Dakota del Sur, en Estados Unidos.<\/p>\n\n<figure class=\"wp-block-image size-large\"><img loading=\"lazy\" decoding=\"async\" width=\"790\" height=\"1024\" src=\"https:\/\/www.greenpeace.org\/static\/planet4-mexico-stateless\/2025\/07\/3c59c320-protestas-energy-transfer-estados-unidos-greenpeace-790x1024.jpg\" title=\"Fotograf\u00eda de un Teepee cerca de la Casa Blanca en Washington D.C. como parte de una acci\u00f3n en solidaridad con los pueblos ind\u00edgenas. En \u00e9l se lee &quot;El agua es vida&quot;.\" alt=\"Fotograf\u00eda de un Teepee cerca de la Casa Blanca en Washington D.C. como parte de una acci\u00f3n en solidaridad con los pueblos ind\u00edgenas. En \u00e9l se lee &quot;El agua es vida&quot;.\" class=\"wp-image-59772\" srcset=\"https:\/\/www.greenpeace.org\/static\/planet4-mexico-stateless\/2025\/07\/3c59c320-protestas-energy-transfer-estados-unidos-greenpeace-790x1024.jpg 790w, https:\/\/www.greenpeace.org\/static\/planet4-mexico-stateless\/2025\/07\/3c59c320-protestas-energy-transfer-estados-unidos-greenpeace-232x300.jpg 232w, https:\/\/www.greenpeace.org\/static\/planet4-mexico-stateless\/2025\/07\/3c59c320-protestas-energy-transfer-estados-unidos-greenpeace-768x995.jpg 768w, https:\/\/www.greenpeace.org\/static\/planet4-mexico-stateless\/2025\/07\/3c59c320-protestas-energy-transfer-estados-unidos-greenpeace-262x340.jpg 262w, https:\/\/www.greenpeace.org\/static\/planet4-mexico-stateless\/2025\/07\/3c59c320-protestas-energy-transfer-estados-unidos-greenpeace.jpg 926w\" sizes=\"auto, (max-width: 790px) 100vw, 790px\" \/><figcaption class=\"wp-element-caption\">Como parte de las protestas contra el oleoducto Dakota Access, activistas y aliados \u2014incluido Greenpeace\u2014 instalaron tipis frente al Monumento a Washington en 2017. Fue un acto pac\u00edfico y simb\u00f3lico para exigir respeto al agua, a los territorios sagrados y a los pueblos originarios.<div class=\"credit icon-left\"> \u00a9 Tim Aubry \/ Greenpeace<\/div><\/figcaption><\/figure>\n\n<p>Fue entonces que la empresa estadounidense acus\u00f3 a la ONG de incitar a la violencia, difamar su nombre y conspirar para cometer delitos en relaci\u00f3n con las protestas. En lugar de corregir sus pr\u00e1cticas, Energy Transfer, emprendi\u00f3 una ofensiva legal sin precedentes para aplastar la denuncia con demandas multimillonarias.<\/p>\n\n<p>En marzo de 2025, un jurado de Dakota del Norte declar\u00f3 a Greenpeace en Estados Unidos y Greenpeace Internacional culpables de difamaci\u00f3n, orden\u00e1ndole pagar m\u00e1s de 660 millones de d\u00f3lares a Energy Transfer. Esta condena injusta podr\u00eda sentar un peligroso precedente legal: si esta f\u00f3rmula funciona, otras empresas podr\u00edan aplastar cualquier forma de disidencia.<\/p>\n\n<p>En respuesta, Greenpeace Internacional invoc\u00f3 una nueva y poderosa ley de la Uni\u00f3n Europea, en los Pa\u00edses Bajos contra Energy Transfer por da\u00f1os y costos derivados de esta persecuci\u00f3n legal, la cual espera sentar un precedente en la defensa de ambientalistas.<\/p>\n\n<figure class=\"wp-block-image size-large\"><img loading=\"lazy\" decoding=\"async\" width=\"1024\" height=\"683\" src=\"https:\/\/www.greenpeace.org\/static\/planet4-mexico-stateless\/2025\/07\/29683d11-no-nos-silenciaran-tiempo-de-resistir-1024x683.jpg\" title=\"Fotograf\u00eda de un Teepee cerca de la Casa Blanca en Washington D.C. como parte de una acci\u00f3n en solidaridad con los pueblos ind\u00edgenas. En \u00e9l se lee &quot;El agua es vida&quot;.\" alt=\"Fotograf\u00eda de un Teepee cerca de la Casa Blanca en Washington D.C. como parte de una acci\u00f3n en solidaridad con los pueblos ind\u00edgenas. En \u00e9l se lee &quot;El agua es vida&quot;.\" class=\"wp-image-59773\" srcset=\"https:\/\/www.greenpeace.org\/static\/planet4-mexico-stateless\/2025\/07\/29683d11-no-nos-silenciaran-tiempo-de-resistir-1024x683.jpg 1024w, https:\/\/www.greenpeace.org\/static\/planet4-mexico-stateless\/2025\/07\/29683d11-no-nos-silenciaran-tiempo-de-resistir-300x200.jpg 300w, https:\/\/www.greenpeace.org\/static\/planet4-mexico-stateless\/2025\/07\/29683d11-no-nos-silenciaran-tiempo-de-resistir-768x512.jpg 768w, https:\/\/www.greenpeace.org\/static\/planet4-mexico-stateless\/2025\/07\/29683d11-no-nos-silenciaran-tiempo-de-resistir-510x340.jpg 510w, https:\/\/www.greenpeace.org\/static\/planet4-mexico-stateless\/2025\/07\/29683d11-no-nos-silenciaran-tiempo-de-resistir.jpg 1200w\" sizes=\"auto, (max-width: 1024px) 100vw, 1024px\" \/><figcaption class=\"wp-element-caption\">Energy Transfer: \u00a1No nos silenciar\u00e1n!<div class=\"credit icon-left\"> \u00a9 Ray Baseley \/ Greenpeace<\/div><\/figcaption><\/figure>\n\n<h2 class=\"wp-block-heading\"><strong>Urge detener las leyes antiprotesta&nbsp;<\/strong><\/h2>\n\n<p>La <strong>criminalizaci\u00f3n del activismo<\/strong> no es nueva. Durante siglos, quienes defienden la tierra han sido perseguidos mientras las grandes industrias enriquecen a costa del despojo. Hoy, esta represi\u00f3n se disfraza de legalidad.&nbsp;<\/p>\n\n<p>No es justicia, es censura \u00a1<strong>Basta de criminalizar al activismo<\/strong>!<\/p>\n\n<figure class=\"wp-block-image size-full\"><img loading=\"lazy\" decoding=\"async\" width=\"800\" height=\"533\" src=\"https:\/\/www.greenpeace.org\/static\/planet4-mexico-stateless\/2025\/07\/27fed8dc-millonarios-tiempo-de-resistir.jpg\" title=\"Activistas de Greenpeace Svalbard frente al lujoso yate Launchpad de Mark Zuckerberg, sostienen una manta en la que se lee el mensaje: Es tiempo de resistir, \u00a1Detengan la toma de control de los multimillonarios!.\" alt=\"Activistas de Greenpeace Svalbard frente al lujoso yate Launchpad de Mark Zuckerberg, sostienen una manta en la que se lee el mensaje: Es tiempo de resistir, \u00a1Detengan la toma de control de los multimillonarios!.\" class=\"wp-image-59774\" srcset=\"https:\/\/www.greenpeace.org\/static\/planet4-mexico-stateless\/2025\/07\/27fed8dc-millonarios-tiempo-de-resistir.jpg 800w, https:\/\/www.greenpeace.org\/static\/planet4-mexico-stateless\/2025\/07\/27fed8dc-millonarios-tiempo-de-resistir-300x200.jpg 300w, https:\/\/www.greenpeace.org\/static\/planet4-mexico-stateless\/2025\/07\/27fed8dc-millonarios-tiempo-de-resistir-768x512.jpg 768w, https:\/\/www.greenpeace.org\/static\/planet4-mexico-stateless\/2025\/07\/27fed8dc-millonarios-tiempo-de-resistir-510x340.jpg 510w\" sizes=\"auto, (max-width: 800px) 100vw, 800px\" \/><figcaption class=\"wp-element-caption\">\u00a1Es tiempo de resistir la toma de control de los multimillonarios!<div class=\"credit icon-left\"> \u00a9 Christian \u00c5slund \/ Greenpeac<\/div><\/figcaption><\/figure>\n\n<p>Por eso, es urgente fortalecer leyes antiprotestas en todo el mundo y proteger el derecho a defender el planeta sin miedo a represalias.<\/p>\n\n<p>Con tu ayuda, podemos resistir. Apoya nuestra lucha contra los abusos del poder corporativo.<\/p>\n\n<p>\u00a1Sumate! No dejemos que las grandes corporaciones tengan la \u00faltima palabra.<\/p>\n\t\t\t<section\n\t\t\tclass=\"boxout  \"\n\t\t\t\n\t\t>\n\t\t\t<a\n\t\t\t\tdata-ga-category=\"Take Action Boxout\"\n\t\t\t\tdata-ga-action=\"Image\"\n\t\t\t\tdata-ga-label=\"n\/a\"\n\t\t\t\tclass=\"cover-card-overlay\"\n\t\t\t\thref=\"https:\/\/actua.greenpeace.org.mx\/es-tiempo-de-resistir?utm_content=ActivismoTiempoDeResistirBlog250714030712&amp;utm_medium=blog&amp;utm_source=greenpeace.org&amp;utm_campaign=institucional&amp;hs_resource__c=Fundraising\" target=\"_blank\"\n\t\t\t><\/a>\n\t\t\t\t\t\t\t<img\n\t\t\t\t\t\tsrc=\"https:\/\/www.greenpeace.org\/static\/planet4-mexico-stateless\/2025\/06\/7e11b483-tiempo-de-resistir-greenpeace-1024x683.jpg\"\n\t\t\t\t\t\tsrcset=\"https:\/\/www.greenpeace.org\/static\/planet4-mexico-stateless\/2025\/06\/7e11b483-tiempo-de-resistir-greenpeace-300x200.jpg 300w, https:\/\/www.greenpeace.org\/static\/planet4-mexico-stateless\/2025\/06\/7e11b483-tiempo-de-resistir-greenpeace-1024x683.jpg 1024w, https:\/\/www.greenpeace.org\/static\/planet4-mexico-stateless\/2025\/06\/7e11b483-tiempo-de-resistir-greenpeace-768x512.jpg 768w, https:\/\/www.greenpeace.org\/static\/planet4-mexico-stateless\/2025\/06\/7e11b483-tiempo-de-resistir-greenpeace-510x340.jpg 510w, https:\/\/www.greenpeace.org\/static\/planet4-mexico-stateless\/2025\/06\/7e11b483-tiempo-de-resistir-greenpeace.jpg 1200w\"\n\t\t\t\t\t\tsizes=\"(min-width: 1000px) 358px, (min-width: 780px) 313px, 88px\"\n\t\t\t\t\t\talt=\"Activistas de Greenpeace protestan en Par\u00eds durante el Primero de Mayo, usando m\u00e1scaras de multimillonarios como Donald Trump y Mark Zuckerberg para denunciar el impacto del consumo de los ultrarricos en la crisis clim\u00e1tica.\" title=\"Activistas de Greenpeace protestan en Par\u00eds durante el Primero de Mayo, usando m\u00e1scaras de multimillonarios como Donald Trump y Mark Zuckerberg para denunciar el impacto del consumo de los ultrarricos en la crisis clim\u00e1tica.\"\n\t\t\t\t\/>\n            \t\t\t<div class=\"boxout-content\">\n\t\t\t\t\t\t\t\t\t<a\n\t\t\t\t\t\tclass=\"boxout-heading medium\"\n\t\t\t\t\t\tdata-ga-category=\"Take Action Boxout\"\n\t\t\t\t\t\tdata-ga-action=\"Title\"\n\t\t\t\t\t\tdata-ga-label=\"n\/a\"\n\t\t\t\t\t\thref=\"https:\/\/actua.greenpeace.org.mx\/es-tiempo-de-resistir?utm_content=ActivismoTiempoDeResistirBlog250714030712&amp;utm_medium=blog&amp;utm_source=greenpeace.org&amp;utm_campaign=institucional&amp;hs_resource__c=Fundraising\"\n\t\t\t\t\t\ttarget=\"_blank\"\n\t\t\t\t\t>\n\t\t\t\t\t\t\u00a1No nos van a silenciar!\n\t\t\t\t\t<\/a>\n\t\t\t\t\t\t\t\t\t\t\t\t\t<p class=\"boxout-excerpt\">Las corporaciones intentan silenciar la lucha por el planeta. \u00a1Es tiempo de resistir!<\/p>\n\t\t\t\t                                    <a\n                        class=\"btn btn-primary\"\n                        data-ga-category=\"Take Action Boxout\"\n                        data-ga-action=\"Call to Action\"\n                        data-ga-label=\"n\/a\"\n                        href=\"https:\/\/actua.greenpeace.org.mx\/es-tiempo-de-resistir?utm_content=ActivismoTiempoDeResistirBlog250714030712&amp;utm_medium=blog&amp;utm_source=greenpeace.org&amp;utm_campaign=institucional&amp;hs_resource__c=Fundraising\"\n                        target=\"_blank\"\n                    >\n                        S\u00famate\n                    <\/a>\n                \t\t\t<\/div>\n\t\t\t\t\t<\/section>\n\t\n<p><\/p>\n","protected":false},"excerpt":{"rendered":"<p>El activismo es una acci\u00f3n colectiva, organizada, consciente y sostenida que busca generar un cambio positivo, una herramienta poderosa para denunciar injusticias y exigir cambios, pero tambi\u00e9n es uno de&hellip;<\/p>\n","protected":false},"author":82,"featured_media":59774,"comment_status":"open","ping_status":"open","sticky":false,"template":"","format":"standard","meta":{"ep_exclude_from_search":false,"p4_og_title":"Activismo, por qu\u00e9 lo necesitamos m\u00e1s que nunca","p4_og_description":"El activismo es clave para defender el planeta, pero enfrenta amenazas legales y censura. Urge proteger a quienes alzan la voz. \u00a1No nos silenciar\u00e1n!","p4_og_image":"https:\/\/www.greenpeace.org\/static\/planet4-mexico-stateless\/2025\/07\/27fed8dc-millonarios-tiempo-de-resistir.jpg","p4_og_image_id":"59774","p4_seo_canonical_url":"","p4_campaign_name":"","p4_local_project":"","p4_basket_name":"","p4_department":"","footnotes":""},"categories":[43],"tags":[21,47],"p4-page-type":[14],"class_list":["post-59769","post","type-post","status-publish","format-standard","has-post-thumbnail","hentry","category-sobre-greenpeace","tag-activismo","tag-cambio-climatico","p4-page-type-blog"],"_links":{"self":[{"href":"https:\/\/www.greenpeace.org\/mexico\/wp-json\/wp\/v2\/posts\/59769","targetHints":{"allow":["GET"]}}],"collection":[{"href":"https:\/\/www.greenpeace.org\/mexico\/wp-json\/wp\/v2\/posts"}],"about":[{"href":"https:\/\/www.greenpeace.org\/mexico\/wp-json\/wp\/v2\/types\/post"}],"author":[{"embeddable":true,"href":"https:\/\/www.greenpeace.org\/mexico\/wp-json\/wp\/v2\/users\/82"}],"replies":[{"embeddable":true,"href":"https:\/\/www.greenpeace.org\/mexico\/wp-json\/wp\/v2\/comments?post=59769"}],"version-history":[{"count":1,"href":"https:\/\/www.greenpeace.org\/mexico\/wp-json\/wp\/v2\/posts\/59769\/revisions"}],"predecessor-version":[{"id":59775,"href":"https:\/\/www.greenpeace.org\/mexico\/wp-json\/wp\/v2\/posts\/59769\/revisions\/59775"}],"wp:featuredmedia":[{"embeddable":true,"href":"https:\/\/www.greenpeace.org\/mexico\/wp-json\/wp\/v2\/media\/59774"}],"wp:attachment":[{"href":"https:\/\/www.greenpeace.org\/mexico\/wp-json\/wp\/v2\/media?parent=59769"}],"wp:term":[{"taxonomy":"category","embeddable":true,"href":"https:\/\/www.greenpeace.org\/mexico\/wp-json\/wp\/v2\/categories?post=59769"},{"taxonomy":"post_tag","embeddable":true,"href":"https:\/\/www.greenpeace.org\/mexico\/wp-json\/wp\/v2\/tags?post=59769"},{"taxonomy":"p4-page-type","embeddable":true,"href":"https:\/\/www.greenpeace.org\/mexico\/wp-json\/wp\/v2\/p4-page-type?post=59769"}],"curies":[{"name":"wp","href":"https:\/\/api.w.org\/{rel}","templated":true}]}}