{"id":59827,"date":"2025-07-29T18:00:54","date_gmt":"2025-07-29T23:00:54","guid":{"rendered":"https:\/\/www-dev.greenpeace.org\/mexico\/?p=59827"},"modified":"2025-08-11T18:41:45","modified_gmt":"2025-08-11T23:41:45","slug":"greenpeace-mexico-se-manifiesta-frente-a-cancilleria-lleva-90-mil-voces-por-los-oceanos","status":"publish","type":"post","link":"https:\/\/www.greenpeace.org\/mexico\/informacion-prensa\/59827\/greenpeace-mexico-se-manifiesta-frente-a-cancilleria-lleva-90-mil-voces-por-los-oceanos\/","title":{"rendered":"Greenpeace M\u00e9xico se manifiesta frente a Canciller\u00eda, lleva 90 mil voces por los Oc\u00e9anos"},"content":{"rendered":"\n<ul class=\"wp-block-list\">\n<li>Con rompecabezas en forma de tortuga pide a la SRE ser una pieza clave en la protecci\u00f3n de estos ecosistemas<\/li>\n<\/ul>\n\n<ul class=\"wp-block-list\">\n<li>Es un llamado para que nuestro pa\u00eds adopte una posici\u00f3n fuerte para combatir el problema de la contaminaci\u00f3n por pl\u00e1sticos en las pr\u00f3ximas negociaciones del Tratado Global de Pl\u00e1sticos&nbsp;<\/li>\n<\/ul>\n\n<ul class=\"wp-block-list\">\n<li>La organizaci\u00f3n entreg\u00f3 un total de 90 mil firmas que apoyan la aprobaci\u00f3n de este Tratado que reduzca la producci\u00f3n de pl\u00e1sticos de un solo uso<\/li>\n<\/ul>\n\n<figure class=\"wp-block-image size-full\"><img loading=\"lazy\" decoding=\"async\" width=\"1024\" height=\"683\" src=\"https:\/\/www.greenpeace.org\/static\/planet4-mexico-stateless\/2025\/07\/95530b0e-oceanos-sin-plasticos-firmasa.jpg\" title=\"Fotograf\u00eda de activistas y staff de Greenpeace M\u00e9xico frente a la SRE sosteniendo una manta en la que se lee: 90 mil voces por un tratado de pl\u00e1sticos.\" alt=\"Fotograf\u00eda de activistas y staff de Greenpeace M\u00e9xico frente a la SRE sosteniendo una manta en la que se lee: 90 mil voces por un tratado de pl\u00e1sticos.\" class=\"wp-image-59828\" srcset=\"https:\/\/www.greenpeace.org\/static\/planet4-mexico-stateless\/2025\/07\/95530b0e-oceanos-sin-plasticos-firmasa.jpg 1024w, https:\/\/www.greenpeace.org\/static\/planet4-mexico-stateless\/2025\/07\/95530b0e-oceanos-sin-plasticos-firmasa-300x200.jpg 300w, https:\/\/www.greenpeace.org\/static\/planet4-mexico-stateless\/2025\/07\/95530b0e-oceanos-sin-plasticos-firmasa-768x512.jpg 768w, https:\/\/www.greenpeace.org\/static\/planet4-mexico-stateless\/2025\/07\/95530b0e-oceanos-sin-plasticos-firmasa-510x340.jpg 510w\" sizes=\"auto, (max-width: 1024px) 100vw, 1024px\" \/><figcaption class=\"wp-element-caption\">Entrega de firmas en la Secretar\u00eda de Relaciones Exteriores. <div class=\"credit icon-left\"> \u00a9 Paola Garc\u00eda\/Greenpeace<\/div><\/figcaption><\/figure>\n\n<p>Entrega de firmas en la Secretar\u00eda de Relaciones Exteriores. Foto: Paola Garc\u00eda\/Greenpeace<\/p>\n\n<p><strong>Ciudad de M\u00e9xico, 29 de julio de 2025<\/strong> &#8211; La organizaci\u00f3n ambientalista Greenpeace M\u00e9xico acudi\u00f3 esta ma\u00f1ana a la Secretar\u00eda de Relaciones Exteriores (SRE) para hacer un llamado contundente a que M\u00e9xico mantenga una posici\u00f3n ambiciosa durante la\u00a0 pr\u00f3xima ronda de negociaciones del Comit\u00e9 Intergubernamental de Negociaci\u00f3n (INC) para un tratado global sobre la contaminaci\u00f3n pl\u00e1stica, o Tratado Global de Pl\u00e1sticos.\u00a0<\/p>\n\n<p>Estas discusiones -que tendr\u00e1n lugar del 5 al 14 de agosto del presente a\u00f1o en Ginebra, Suiza- son pieza clave para que M\u00e9xico, a trav\u00e9s de la SRE, contin\u00fae impulsando la protecci\u00f3n de los oc\u00e9anos.&nbsp;<\/p>\n\n<p>\u201cEn estos momentos es necesario mostrar la mayor voluntad posible por parte del gobierno de M\u00e9xico para asegurar que se logre un Tratado fuerte que ponga l\u00edmites a la producci\u00f3n de pl\u00e1sticos y a las empresas contaminantes y que proteja la salud humana y la del planeta. Sabemos que M\u00e9xico ha manifestado p\u00fablicamente una posici\u00f3n favorable a este Tratado, pero la ambici\u00f3n no puede bajar, por ello debemos recordarles que Greenpeace y la ciudadan\u00eda mexicana estamos atentas a que se logre este Tratado a trav\u00e9s de la entrega de estas 90 mil firmas. Se trata de un mandato ciudadano\u201d, se\u00f1al\u00f3 Ornela Garelli, directora de Campa\u00f1as de Greenpeace M\u00e9xico.&nbsp;<\/p>\n\n<p>A trav\u00e9s de una protesta pac\u00edfica, la organizaci\u00f3n hizo entrega de un documento en el que se plasman 90 mil firmas de personas que han alzado su voz a favor de un Tratado de Pl\u00e1sticos que sea capaz de solucionar el problema de los pl\u00e1sticos durante todo su ciclo de vida, incluidos los de un s\u00f3lo uso y el da\u00f1o que generan a los ecosistemas&nbsp; y la salud humana.&nbsp;<\/p>\n\n<p><strong>Un Tratado Global de Pl\u00e1sticos para una Ley Anti-pl\u00e1sticos<\/strong><\/p>\n\n<p>Como parte de esta demanda, Greenpeace M\u00e9xico solicit\u00f3 tambi\u00e9n que la delegaci\u00f3n mexicana que ser\u00e1 part\u00edcipe en las pr\u00f3ximas negociaciones de la INC 5.2 (segunda parte de la quinta sesi\u00f3n del Comit\u00e9) garantice la consecuci\u00f3n de un Tratado jur\u00eddicamente vinculante que involucre desde la fase de extracci\u00f3n de petr\u00f3leo para la generaci\u00f3n de productos pl\u00e1sticos, hasta el tema de su disposici\u00f3n final, en vertederos y basureros a cielo abierto, generalmente t\u00f3xicos y con m\u00faltiples impactos sociales y ambientales.&nbsp;<\/p>\n\n<p>El prop\u00f3sito central de esta ronda ser\u00e1 continuar con las discusiones que no lograron concretar un acuerdo final durante la primera parte, la cual tuvo lugar en Busan, Corea del Sur, entre noviembre y diciembre del 2024. Para esta nueva fase, se espera contar con un escrito acabado del Tratado en el que se aborde el ciclo de vida completo del pl\u00e1stico, desde su producci\u00f3n hasta su eliminaci\u00f3n, y se incluyan medidas, tanto globales como nacionales, que generen cambios profundos en tales etapas.&nbsp;<\/p>\n\n<p>Este punto resulta imprescindible, pues es el elemento que reforzar\u00e1 las bases legales para que a nivel nacional sea posible adoptar medidas concretas para erradicar el problema de los pl\u00e1sticos de ra\u00edz, el cual involucra principalmente al sector empresarial e industrial de estos productos. Para ello, es necesario impulsar y asegurar la reforma a la Ley General para la Prevenci\u00f3n y Gesti\u00f3n Integral de los Residuos (LGPGIR) e implementar, con ello,&nbsp; una Ley Anti-pl\u00e1sticos que reduzca la contaminaci\u00f3n por pl\u00e1sticos a trav\u00e9s de los siguientes puntos clave:&nbsp;<\/p>\n\n<ol class=\"wp-block-list\">\n<li>la prohibici\u00f3n de los pl\u00e1sticos de un solo uso en todo el territorio nacional<\/li>\n\n\n\n<li>la Responsabilidad Extendida del Productor (REP), que se\u00f1ala que los productores e importadores de los productos pl\u00e1sticos se hagan cargo de la gesti\u00f3n completa de su ciclo de vida<\/li>\n\n\n\n<li>la promoci\u00f3n y adopci\u00f3n de sistemas de reutilizaci\u00f3n y refill como alternativa a los productos desechables<\/li>\n\n\n\n<li>la eliminaci\u00f3n de falsas soluciones, como la incineraci\u00f3n de residuos pl\u00e1sticos que s\u00f3lo genera m\u00e1s contaminaci\u00f3n<\/li>\n<\/ol>\n\n<p>\u201cLas empresas tienen que apostar por el ecodise\u00f1o pero tambi\u00e9n asumir responsabilidades mucho m\u00e1s amplias, como financiar la recolecci\u00f3n de los residuos o contar con sistemas de reutilizaci\u00f3n y refill implementados en sus productos\u201d, mencion\u00f3 Garelli.<\/p>\n\n<p>La modificaci\u00f3n a la LGPGIR sigue siendo vital, pues en el pasado, y hasta ahora, la&nbsp; ley existente no ha sido suficiente para combatir de manera real la problem\u00e1tica de la contaminaci\u00f3n por pl\u00e1sticos.<\/p>\n\n<p>\u201cDesde el inicio hemos buscado esta reforma legislativa, esta ley anti-pl\u00e1sticos, pero hasta ahora no se ha logrado porque tambi\u00e9n aqu\u00ed tiene mucho que ver el cabildeo de diferentes tipos de industrias; entonces es muy importante que las y los legisladores comiencen a hacer propuestas legislativas que realmente pongan en el centro la protecci\u00f3n del medioambiente y el bienestar de las personas\u201d, enfatiz\u00f3.<\/p>\n\n<p>\u201cTenemos que dejar atr\u00e1s la cultura del usar y tirar. Muchas veces consumimos botellas de pl\u00e1stico y otros productos desechables sin pensar de d\u00f3nde vienen o en d\u00f3nde van a terminar una vez que se ocupen. Y el problema no se acaba cuando tiramos esos residuos en el bote de basura sino que sigue m\u00e1s all\u00e1. Por ello es muy importante hacer esa reflexi\u00f3n individual y exigir a las empresas y los gobiernos cambios de ra\u00edz\u201d, concluy\u00f3.&nbsp;<\/p>\n\n<p>Al t\u00e9rmino de la jornada, tras concretar la entrega de firmas con representantes de la Direcci\u00f3n General de Temas Globales de la SRE, Garelli agreg\u00f3 que pudieron transmitirse las peticiones de la sociedad civil en torno a la exigencia de impulsar este Tratado de manera firme, pero hizo un llamado a tener en cuenta dos elementos fundamentales para que las negociaciones puedan dirigirse a buen puerto:&nbsp;<\/p>\n\n<p>\u201cnos preocupa ante todo la injerencia que el sector privado pueda tener en este proceso y es muy importante tener cuidado con el conflicto de inter\u00e9s que este hecho puede representar en las negociaciones. \u00c9stas tienen que poner el foco prioritario en la protecci\u00f3n del planeta y de las personas y no en los intereses de unos cuantos. Hacemos adem\u00e1s la alerta sobre la importancia de dejar fuera del Tratado falsas soluciones como la valorizaci\u00f3n energ\u00e9tica, la incineraci\u00f3n de residuos o el co-procesamiento, los cuales agravan la crisis clim\u00e1tica y da\u00f1an la salud de las personas.\u201d&nbsp;<\/p>\n\n<p>Para mayor informaci\u00f3n y entrevistas contactar a Sara Del Real, Oficial de Prensa de Greenpeace M\u00e9xico al 5540845320.&nbsp;<\/p>\n\n<p>Descarga de materiales <a href=\"https:\/\/media.greenpeace.org\/Detail\/27MZIFJRHAY T3\" data-type=\"link\" data-id=\"https:\/\/media.greenpeace.org\/Detail\/27MZIFJRHAYT3\" target=\"_blank\" rel=\"noreferrer noopener\">aqu\u00ed<\/a><\/p>\n\n<p><\/p>\n","protected":false},"excerpt":{"rendered":"<p>Greenpeace M\u00e9xico entreg\u00f3 90 mil firmas a la SRE para exigir que el pa\u00eds impulse un Tratado Global de Pl\u00e1sticos ambicioso y proteja el planeta.<\/p>\n","protected":false},"author":82,"featured_media":59828,"comment_status":"open","ping_status":"open","sticky":false,"template":"","format":"standard","meta":{"ep_exclude_from_search":false,"p4_og_title":"Greenpeace M\u00e9xico se manifiesta frente a Canciller\u00eda, lleva 90 mil voces por los Oc\u00e9anos","p4_og_description":"Greenpeace M\u00e9xico entreg\u00f3 90 mil firmas a la SRE para exigir que el pa\u00eds impulse un Tratado Global de Pl\u00e1sticos ambicioso y proteja el planeta.","p4_og_image":"https:\/\/www.greenpeace.org\/static\/planet4-mexico-stateless\/2025\/07\/95530b0e-oceanos-sin-plasticos-firmasa.jpg","p4_og_image_id":"59828","p4_seo_canonical_url":"","p4_campaign_name":"","p4_local_project":"","p4_basket_name":"","p4_department":"","footnotes":""},"categories":[45],"tags":[67,21],"p4-page-type":[16],"class_list":["post-59827","post","type-post","status-publish","format-standard","has-post-thumbnail","hentry","category-plasticos","tag-tratado-global-de-plasticos","tag-activismo","p4-page-type-informacion-prensa"],"_links":{"self":[{"href":"https:\/\/www.greenpeace.org\/mexico\/wp-json\/wp\/v2\/posts\/59827","targetHints":{"allow":["GET"]}}],"collection":[{"href":"https:\/\/www.greenpeace.org\/mexico\/wp-json\/wp\/v2\/posts"}],"about":[{"href":"https:\/\/www.greenpeace.org\/mexico\/wp-json\/wp\/v2\/types\/post"}],"author":[{"embeddable":true,"href":"https:\/\/www.greenpeace.org\/mexico\/wp-json\/wp\/v2\/users\/82"}],"replies":[{"embeddable":true,"href":"https:\/\/www.greenpeace.org\/mexico\/wp-json\/wp\/v2\/comments?post=59827"}],"version-history":[{"count":2,"href":"https:\/\/www.greenpeace.org\/mexico\/wp-json\/wp\/v2\/posts\/59827\/revisions"}],"predecessor-version":[{"id":60326,"href":"https:\/\/www.greenpeace.org\/mexico\/wp-json\/wp\/v2\/posts\/59827\/revisions\/60326"}],"wp:featuredmedia":[{"embeddable":true,"href":"https:\/\/www.greenpeace.org\/mexico\/wp-json\/wp\/v2\/media\/59828"}],"wp:attachment":[{"href":"https:\/\/www.greenpeace.org\/mexico\/wp-json\/wp\/v2\/media?parent=59827"}],"wp:term":[{"taxonomy":"category","embeddable":true,"href":"https:\/\/www.greenpeace.org\/mexico\/wp-json\/wp\/v2\/categories?post=59827"},{"taxonomy":"post_tag","embeddable":true,"href":"https:\/\/www.greenpeace.org\/mexico\/wp-json\/wp\/v2\/tags?post=59827"},{"taxonomy":"p4-page-type","embeddable":true,"href":"https:\/\/www.greenpeace.org\/mexico\/wp-json\/wp\/v2\/p4-page-type?post=59827"}],"curies":[{"name":"wp","href":"https:\/\/api.w.org\/{rel}","templated":true}]}}