{"id":60318,"date":"2025-08-09T09:00:00","date_gmt":"2025-08-09T14:00:00","guid":{"rendered":"https:\/\/www.greenpeace.org\/mexico\/?p=60318"},"modified":"2025-08-08T18:17:49","modified_gmt":"2025-08-08T23:17:49","slug":"la-lucha-por-la-justicia-ambiental-en-mexico-el-caso-de-la-peninsula-de-yucatan","status":"publish","type":"post","link":"https:\/\/www.greenpeace.org\/mexico\/blog\/60318\/la-lucha-por-la-justicia-ambiental-en-mexico-el-caso-de-la-peninsula-de-yucatan\/","title":{"rendered":"La lucha por la justicia ambiental en M\u00e9xico: el caso de la pen\u00ednsula de Yucat\u00e1n"},"content":{"rendered":"\n<p>La<strong> pen\u00ednsula de Yucat\u00e1n<\/strong> es uno de los casos m\u00e1s significativos de lucha por la<strong> justicia ambiental en M\u00e9xico<\/strong>. En esta regi\u00f3n confluyen m\u00faltiples problem\u00e1ticas socioambientales que afectan directamente a los <strong>pueblos ind\u00edgenas mayas<\/strong> y sus derechos.<\/p>\n\n<p>En el marco del <strong>D\u00eda Internacional de los Pueblos Ind\u00edgenas<\/strong>, es fundamental reconocer la lucha que estas comunidades han sostenido \u2014y siguen sosteniendo\u2014 por la defensa del territorio, el medio ambiente y su forma de vida. Una batalla que se ha intensificado durante la \u00faltima d\u00e9cada.<\/p>\n\n<figure class=\"wp-block-image size-large\"><img loading=\"lazy\" decoding=\"async\" width=\"1024\" height=\"683\" src=\"https:\/\/www.greenpeace.org\/static\/planet4-mexico-stateless\/2025\/08\/6f24393b-selva-maya-sascaberas-1024x683.jpg\" title=\"Activista de Greenpeace M\u00e9xico sostiene una manta en la que se lee &quot;Aqu\u00ed inicia la devastaci\u00f3n de la Selva Maya&quot;, frente a la SEMARNAT.\" alt=\"Activista de Greenpeace M\u00e9xico sostiene una manta en la que se lee &quot;Aqu\u00ed inicia la devastaci\u00f3n de la Selva Maya&quot;, frente a la SEMARNAT.\" class=\"wp-image-60319\" srcset=\"https:\/\/www.greenpeace.org\/static\/planet4-mexico-stateless\/2025\/08\/6f24393b-selva-maya-sascaberas-1024x683.jpg 1024w, https:\/\/www.greenpeace.org\/static\/planet4-mexico-stateless\/2025\/08\/6f24393b-selva-maya-sascaberas-300x200.jpg 300w, https:\/\/www.greenpeace.org\/static\/planet4-mexico-stateless\/2025\/08\/6f24393b-selva-maya-sascaberas-768x512.jpg 768w, https:\/\/www.greenpeace.org\/static\/planet4-mexico-stateless\/2025\/08\/6f24393b-selva-maya-sascaberas-510x340.jpg 510w, https:\/\/www.greenpeace.org\/static\/planet4-mexico-stateless\/2025\/08\/6f24393b-selva-maya-sascaberas.jpg 1200w\" sizes=\"auto, (max-width: 1024px) 100vw, 1024px\" \/><figcaption class=\"wp-element-caption\">Las sascaberas han devastado cerca de 10 mil hect\u00e1reas de selva, impulsadas por el crecimiento inmobiliario descontrolado asociado al turismo masivo y por obras de megaproyectos como el Tren Maya.<div class=\"credit icon-left\"> \u00a9 Gustavo Graf \/ Greenpeace<\/div><\/figcaption><\/figure>\n\n<h2 class=\"wp-block-heading\"><strong>\u00bfPor qu\u00e9 luchan las comunidades mayas?<\/strong><\/h2>\n\n<p>De acuerdo con datos del Centro de Derechos Humanos Utsil Kuxtal\u00a0 y la Alianza Maya por las Abejas, por lo menos desde 2018, los principales motivos de la lucha <a href=\"https:\/\/utsilkuxtal.org\/wp-content\/uploads\/2024\/11\/Declaratoria-de-emergencia-socio-ambiental-en-la-peninsula.pdf\" target=\"_blank\" rel=\"noreferrer noopener\"><strong>por la justicia ambiental en la pen\u00ednsula de Yucat\u00e1n<\/strong><\/a> son:<\/p>\n\n<ul class=\"wp-block-list\">\n<li>El desarrollo de <a href=\"https:\/\/www.greenpeace.org\/mexico\/blog\/56968\/que-hay-detras-de-los-mejores-desarrollos-inmobiliarios-en-yucatan-este-es-el-precio-de-vivir-en-el-paraiso\/\" target=\"_blank\" rel=\"noreferrer noopener\"><strong>proyectos inmobiliarios<\/strong><\/a><\/li>\n\n\n\n<li>Destrucci\u00f3n de semillas nativas<\/li>\n\n\n\n<li><strong>Construcci\u00f3n del Tren Maya<\/strong><\/li>\n\n\n\n<li>Miner\u00eda\u00a0<\/li>\n\n\n\n<li>Establecimiento de mega granjas porc\u00edcolas y av\u00edcolas<\/li>\n<\/ul>\n\n<figure class=\"wp-block-image size-full\"><img loading=\"lazy\" decoding=\"async\" width=\"1200\" height=\"803\" src=\"https:\/\/www.greenpeace.org\/static\/planet4-mexico-stateless\/2025\/04\/51c1fbc0-ma-ogm.jpg\" title=\"Toma a\u00e9rea de personas formando con sus cuerpos la frase \u201cMA OGM\u201d frente a pir\u00e1mides en Yucat\u00e1n, en rechazo a los organismos gen\u00e9ticamente modificados.\" alt=\"Toma a\u00e9rea de personas formando con sus cuerpos la frase \u201cMA OGM\u201d frente a pir\u00e1mides en Yucat\u00e1n, en rechazo a los organismos gen\u00e9ticamente modificados.\" class=\"wp-image-55089\" srcset=\"https:\/\/www.greenpeace.org\/static\/planet4-mexico-stateless\/2025\/04\/51c1fbc0-ma-ogm.jpg 1200w, https:\/\/www.greenpeace.org\/static\/planet4-mexico-stateless\/2025\/04\/51c1fbc0-ma-ogm-300x201.jpg 300w, https:\/\/www.greenpeace.org\/static\/planet4-mexico-stateless\/2025\/04\/51c1fbc0-ma-ogm-1024x685.jpg 1024w, https:\/\/www.greenpeace.org\/static\/planet4-mexico-stateless\/2025\/04\/51c1fbc0-ma-ogm-768x514.jpg 768w, https:\/\/www.greenpeace.org\/static\/planet4-mexico-stateless\/2025\/04\/51c1fbc0-ma-ogm-508x340.jpg 508w\" sizes=\"auto, (max-width: 1200px) 100vw, 1200px\" \/><figcaption class=\"wp-element-caption\">Activistas de Greenpeace se unen a miembros de la comunidad maya para formar una pancarta humana en la pir\u00e1mide de Oxquintoc, en la Pen\u00ednsula de Yucat\u00e1n.<div class=\"credit icon-left\"> \u00a9 Guadalupe Szymanski \/ Greenpeace<\/div><\/figcaption><\/figure>\n\n<p>Desde Greenpeace hemos denunciado en reiteradas ocasiones que estos factores no solo da\u00f1an los ecosistemas, sino que tambi\u00e9n rompen el tejido social y despojan territorialmente a las comunidades mayas, poniendo en peligro sus sistemas de vida y <strong>riqueza biocultural<\/strong>.<\/p>\n\n<h2 class=\"wp-block-heading\"><strong>\u00bfCu\u00e1les son los principios de la justicia ambiental?<\/strong><\/h2>\n\n<p>La justicia ambiental busca corregir las desigualdades hist\u00f3ricas en la forma en que se distribuyen los impactos ambientales. Reconoce que diversas comunidades \u2014sobre todo las m\u00e1s vulnerables\u2014 han sido <a href=\"https:\/\/www.greenpeace.org\/mexico\/informacion-prensa\/54587\/comunidades-del-pueblo-maya-presentan-solicitud-de-declaratoria-de-emergencia-socioambiental-para-la-peninsula-de-yucatan\/\" target=\"_blank\" rel=\"noreferrer noopener\">forzadas a cargar<\/a> con la peor parte de la contaminaci\u00f3n, la destrucci\u00f3n ambiental y el despojo.<\/p>\n\n<p>Uno de sus principios clave es que <strong>ning\u00fan grupo humano debe soportar desproporcionadamente las consecuencias negativas del modelo de desarrollo<\/strong>, como sucede con los pueblos ind\u00edgenas mayas en la pen\u00ednsula.<\/p>\n\n<figure class=\"wp-block-image size-large\"><img loading=\"lazy\" decoding=\"async\" width=\"1024\" height=\"576\" src=\"https:\/\/www.greenpeace.org\/static\/planet4-mexico-stateless\/2025\/06\/efec50b9-tren-maya-impacto-ambiental-1024x576.jpg\" title=\"Deforestaci\u00f3n en el Tramo 5 del Tren Maya, Felipe Carrillo Puerto, Quintana Roo, M\u00e9xico. Pueden verse m\u00e1quinas trabajando.\" alt=\"Deforestaci\u00f3n en el Tramo 5 del Tren Maya, Felipe Carrillo Puerto, Quintana Roo, M\u00e9xico. Pueden verse m\u00e1quinas trabajando.\" class=\"wp-image-56806\" srcset=\"https:\/\/www.greenpeace.org\/static\/planet4-mexico-stateless\/2025\/06\/efec50b9-tren-maya-impacto-ambiental-1024x576.jpg 1024w, https:\/\/www.greenpeace.org\/static\/planet4-mexico-stateless\/2025\/06\/efec50b9-tren-maya-impacto-ambiental-300x169.jpg 300w, https:\/\/www.greenpeace.org\/static\/planet4-mexico-stateless\/2025\/06\/efec50b9-tren-maya-impacto-ambiental-768x432.jpg 768w, https:\/\/www.greenpeace.org\/static\/planet4-mexico-stateless\/2025\/06\/efec50b9-tren-maya-impacto-ambiental-510x287.jpg 510w, https:\/\/www.greenpeace.org\/static\/planet4-mexico-stateless\/2025\/06\/efec50b9-tren-maya-impacto-ambiental.jpg 1200w\" sizes=\"auto, (max-width: 1024px) 100vw, 1024px\" \/><figcaption class=\"wp-element-caption\">Deforestaci\u00f3n en la Secci\u00f3n 5 del Tren Maya, Felipe Carrillo Puerto, Quintana Roo.<\/figcaption><\/figure>\n\n<h2 class=\"wp-block-heading\"><strong>\u00bfQu\u00e9 tiene que ver la justicia ambiental con los pueblos ind\u00edgenas mayas?<\/strong><\/h2>\n\n<p>La <a href=\"https:\/\/www.greenpeace.org\/mexico\/investigacion\/51284\/posicionamiento-del-foro-desarrollo-comunitario-biodiversidad-y-derechos-humanos-en-la-peninsula-de-yucatan\/\" target=\"_blank\" rel=\"noreferrer noopener\"><strong>defensa del territorio en la pen\u00ednsula de Yucat\u00e1n<\/strong><\/a> refleja con claridad las dimensiones fundamentales de la injusticia ambiental:<\/p>\n\n<ul class=\"wp-block-list\">\n<li>La <strong>distribuci\u00f3n desigual<\/strong> de los da\u00f1os ambientales<\/li>\n\n\n\n<li>La <strong>falta de participaci\u00f3n efectiva<\/strong> en las decisiones que afectan a sus territorios<\/li>\n\n\n\n<li>Y la <strong>violaci\u00f3n de derechos<\/strong> individuales y colectivos<\/li>\n<\/ul>\n\n<p>Actualmente, la pen\u00ednsula de Yucat\u00e1n enfrenta una <strong>grave crisis ambiental<\/strong> causada por la <a href=\"https:\/\/ccmss.org.mx\/deforestadas-mas-de-285-mil-hectareas-en-la-peninsula-de-yucatan-en-los-ultimos-cuatro-anos\/\" target=\"_blank\" rel=\"noreferrer noopener\"><strong>p\u00e9rdida de 80 mil hect\u00e1reas de cobertura forestal<\/strong><\/a> anualmente, esto equivale a unas 270 canchas de f\u00fatbol diariamente; adem\u00e1s de la degradaci\u00f3n ambiental, incluyendo la contaminaci\u00f3n del agua, la tierra y el aire.<\/p>\n\n<figure class=\"wp-block-image size-large\"><img loading=\"lazy\" decoding=\"async\" width=\"1024\" height=\"683\" src=\"https:\/\/www.greenpeace.org\/static\/planet4-mexico-stateless\/2025\/06\/a342d5e4-deforestacion-incendios-forestales-1024x683.jpg\" title=\"Vista a\u00e9rea de incendios forestales en Nuevo Cana\u00e1n, Quintana Roo.\" alt=\"Vista a\u00e9rea de incendios forestales en Nuevo Cana\u00e1n, Quintana Roo.\" class=\"wp-image-58893\" srcset=\"https:\/\/www.greenpeace.org\/static\/planet4-mexico-stateless\/2025\/06\/a342d5e4-deforestacion-incendios-forestales-1024x683.jpg 1024w, https:\/\/www.greenpeace.org\/static\/planet4-mexico-stateless\/2025\/06\/a342d5e4-deforestacion-incendios-forestales-300x200.jpg 300w, https:\/\/www.greenpeace.org\/static\/planet4-mexico-stateless\/2025\/06\/a342d5e4-deforestacion-incendios-forestales-768x512.jpg 768w, https:\/\/www.greenpeace.org\/static\/planet4-mexico-stateless\/2025\/06\/a342d5e4-deforestacion-incendios-forestales-510x340.jpg 510w, https:\/\/www.greenpeace.org\/static\/planet4-mexico-stateless\/2025\/06\/a342d5e4-deforestacion-incendios-forestales.jpg 1200w\" sizes=\"auto, (max-width: 1024px) 100vw, 1024px\" \/><figcaption class=\"wp-element-caption\">Vistas a\u00e9reas de minas y construcciones en la selva maya en una a\u00e9rea deforestada en la regi\u00f3n.<div class=\"credit icon-left\"> \u00a9 Greenpeace \/ Prometeo Lucero<\/div><\/figcaption><\/figure>\n\n<p>En M\u00e9xico, la justicia ambiental tambi\u00e9n implica el <strong>acceso a la informaci\u00f3n<\/strong>, la <strong>participaci\u00f3n p\u00fablica<\/strong> y el <strong>acceso a la justicia<\/strong>. Sin embargo, cuando los pueblos ind\u00edgenas mayas ejercen estos derechos, frecuentemente enfrentan <strong>criminalizaci\u00f3n y hostigamiento judicial<\/strong>.<\/p>\n\n<p>A pesar de ello, las comunidades han encontrado formas de defenderse legalmente, como la <strong>denuncia popular<\/strong> y la <strong>acci\u00f3n colectiva<\/strong>, herramientas que han sido clave para exigir la reparaci\u00f3n del da\u00f1o y frenar nuevas amenazas.<\/p>\n\n<figure class=\"wp-block-embed is-type-video is-provider-youtube wp-block-embed-youtube wp-embed-aspect-16-9 wp-has-aspect-ratio\"><div class=\"wp-block-embed__wrapper\">\n<iframe loading=\"lazy\" title=\"Voces de la Selva Maya: Una Batalla por la Vida. | Documental Greenpeace\" width=\"500\" height=\"281\" src=\"https:\/\/www.youtube.com\/embed\/mEnmrF0xhz4?feature=oembed\" frameborder=\"0\" allow=\"accelerometer; autoplay; clipboard-write; encrypted-media; gyroscope; picture-in-picture; web-share\" referrerpolicy=\"strict-origin-when-cross-origin\" allowfullscreen><\/iframe>\n<\/div><figcaption class=\"wp-element-caption\">Testimonios de resistencia: comunidades mayas que luchan por justicia y por la vida de la selva.<\/figcaption><\/figure>\n\n<h3 class=\"wp-block-heading\"><strong>La selva grita, los pueblos resisten<\/strong><\/h3>\n\n<p>Desde Greenpeace acompa\u00f1amos y respaldamos la lucha de las comunidades mayas en defensa de la justicia ambiental. La pen\u00ednsula de Yucat\u00e1n es un s\u00edmbolo de resistencia frente a un modelo colonialista y extractivista que prioriza el lucro sobre la vida, y frente a la inacci\u00f3n de quienes tienen la responsabilidad de proteger tanto a las personas como al territorio.<\/p>\n\n<p><strong>La selva grita, los pueblos resisten. Alza la voz por la selva maya. \u00a1S\u00famate a la defensa!<\/strong><\/p>\n\t\t\t<section\n\t\t\tclass=\"boxout  \"\n\t\t\t\n\t\t>\n\t\t\t<a\n\t\t\t\tdata-ga-category=\"Take Action Boxout\"\n\t\t\t\tdata-ga-action=\"Image\"\n\t\t\t\tdata-ga-label=\"n\/a\"\n\t\t\t\tclass=\"cover-card-overlay\"\n\t\t\t\thref=\"https:\/\/actua.greenpeace.org.mx\/es-mx\/salvemos-la-biodiversidad-del-sureste?utm_content=JusticiaAmbientalSelvaMaya250808051229&amp;utm_medium=blog&amp;utm_source=greenpeace.org&amp;utm_campaign=loss%20of%20ecosistems&amp;hs_resource__c=Fundraising\" target=\"_blank\"\n\t\t\t><\/a>\n\t\t\t\t\t\t\t<img\n\t\t\t\t\t\tsrc=\"https:\/\/www.greenpeace.org\/static\/planet4-mexico-stateless\/2025\/05\/1b038e58-deforestacion-selva-maya-1024x576.jpg\"\n\t\t\t\t\t\tsrcset=\"https:\/\/www.greenpeace.org\/static\/planet4-mexico-stateless\/2025\/05\/1b038e58-deforestacion-selva-maya-300x169.jpg 300w, https:\/\/www.greenpeace.org\/static\/planet4-mexico-stateless\/2025\/05\/1b038e58-deforestacion-selva-maya-1024x576.jpg 1024w, https:\/\/www.greenpeace.org\/static\/planet4-mexico-stateless\/2025\/05\/1b038e58-deforestacion-selva-maya-768x432.jpg 768w, https:\/\/www.greenpeace.org\/static\/planet4-mexico-stateless\/2025\/05\/1b038e58-deforestacion-selva-maya-1536x864.jpg 1536w, https:\/\/www.greenpeace.org\/static\/planet4-mexico-stateless\/2025\/05\/1b038e58-deforestacion-selva-maya-2048x1152.jpg 2048w, https:\/\/www.greenpeace.org\/static\/planet4-mexico-stateless\/2025\/05\/1b038e58-deforestacion-selva-maya-510x287.jpg 510w\"\n\t\t\t\t\t\tsizes=\"(min-width: 1000px) 358px, (min-width: 780px) 313px, 88px\"\n\t\t\t\t\t\talt=\"Toma a\u00e9rea que evidencia la deforestaci\u00f3n causada en la Selva Maya.\" title=\"Toma a\u00e9rea que evidencia la deforestaci\u00f3n causada en la Selva Maya.\"\n\t\t\t\t\/>\n            \t\t\t<div class=\"boxout-content\">\n\t\t\t\t\t\t\t\t\t<a\n\t\t\t\t\t\tclass=\"boxout-heading medium\"\n\t\t\t\t\t\tdata-ga-category=\"Take Action Boxout\"\n\t\t\t\t\t\tdata-ga-action=\"Title\"\n\t\t\t\t\t\tdata-ga-label=\"n\/a\"\n\t\t\t\t\t\thref=\"https:\/\/actua.greenpeace.org.mx\/es-mx\/salvemos-la-biodiversidad-del-sureste?utm_content=JusticiaAmbientalSelvaMaya250808051229&amp;utm_medium=blog&amp;utm_source=greenpeace.org&amp;utm_campaign=loss%20of%20ecosistems&amp;hs_resource__c=Fundraising\"\n\t\t\t\t\t\ttarget=\"_blank\"\n\t\t\t\t\t>\n\t\t\t\t\t\tLa Selva Maya nos necesita\n\t\t\t\t\t<\/a>\n\t\t\t\t\t\t\t\t\t\t\t\t\t<p class=\"boxout-excerpt\">Exige acciones reales para protegerla y respetar los derechos de sus pueblos.<\/p>\n\t\t\t\t                                    <a\n                        class=\"btn btn-primary\"\n                        data-ga-category=\"Take Action Boxout\"\n                        data-ga-action=\"Call to Action\"\n                        data-ga-label=\"n\/a\"\n                        href=\"https:\/\/actua.greenpeace.org.mx\/es-mx\/salvemos-la-biodiversidad-del-sureste?utm_content=JusticiaAmbientalSelvaMaya250808051229&amp;utm_medium=blog&amp;utm_source=greenpeace.org&amp;utm_campaign=loss%20of%20ecosistems&amp;hs_resource__c=Fundraising\"\n                        target=\"_blank\"\n                    >\n                        Firma la petici\u00f3n\n                    <\/a>\n                \t\t\t<\/div>\n\t\t\t\t\t<\/section>\n\t","protected":false},"excerpt":{"rendered":"<p>Comunidades mayas en Yucat\u00e1n luchan por justicia ambiental frente a megaproyectos y destrucci\u00f3n de su territorio y biodiversidad.<\/p>\n","protected":false},"author":82,"featured_media":60320,"comment_status":"open","ping_status":"open","sticky":false,"template":"","format":"standard","meta":{"ep_exclude_from_search":false,"p4_og_title":"La lucha por la justicia ambiental en M\u00e9xico: el caso de la pen\u00ednsula de Yucat\u00e1n","p4_og_description":"Comunidades mayas en Yucat\u00e1n luchan por justicia ambiental frente a megaproyectos y destrucci\u00f3n de su territorio y biodiversidad.","p4_og_image":"https:\/\/www.greenpeace.org\/static\/planet4-mexico-stateless\/2025\/08\/50bec3a9-pueblos-indigenas-selva-maya.jpg","p4_og_image_id":"60320","p4_seo_canonical_url":"","p4_campaign_name":"","p4_local_project":"","p4_basket_name":"","p4_department":"","footnotes":""},"categories":[40],"tags":[49,21],"p4-page-type":[14],"class_list":["post-60318","post","type-post","status-publish","format-standard","has-post-thumbnail","hentry","category-selva-maya","tag-derechos-humanos","tag-activismo","p4-page-type-blog"],"_links":{"self":[{"href":"https:\/\/www.greenpeace.org\/mexico\/wp-json\/wp\/v2\/posts\/60318","targetHints":{"allow":["GET"]}}],"collection":[{"href":"https:\/\/www.greenpeace.org\/mexico\/wp-json\/wp\/v2\/posts"}],"about":[{"href":"https:\/\/www.greenpeace.org\/mexico\/wp-json\/wp\/v2\/types\/post"}],"author":[{"embeddable":true,"href":"https:\/\/www.greenpeace.org\/mexico\/wp-json\/wp\/v2\/users\/82"}],"replies":[{"embeddable":true,"href":"https:\/\/www.greenpeace.org\/mexico\/wp-json\/wp\/v2\/comments?post=60318"}],"version-history":[{"count":1,"href":"https:\/\/www.greenpeace.org\/mexico\/wp-json\/wp\/v2\/posts\/60318\/revisions"}],"predecessor-version":[{"id":60321,"href":"https:\/\/www.greenpeace.org\/mexico\/wp-json\/wp\/v2\/posts\/60318\/revisions\/60321"}],"wp:featuredmedia":[{"embeddable":true,"href":"https:\/\/www.greenpeace.org\/mexico\/wp-json\/wp\/v2\/media\/60320"}],"wp:attachment":[{"href":"https:\/\/www.greenpeace.org\/mexico\/wp-json\/wp\/v2\/media?parent=60318"}],"wp:term":[{"taxonomy":"category","embeddable":true,"href":"https:\/\/www.greenpeace.org\/mexico\/wp-json\/wp\/v2\/categories?post=60318"},{"taxonomy":"post_tag","embeddable":true,"href":"https:\/\/www.greenpeace.org\/mexico\/wp-json\/wp\/v2\/tags?post=60318"},{"taxonomy":"p4-page-type","embeddable":true,"href":"https:\/\/www.greenpeace.org\/mexico\/wp-json\/wp\/v2\/p4-page-type?post=60318"}],"curies":[{"name":"wp","href":"https:\/\/api.w.org\/{rel}","templated":true}]}}