{"id":60425,"date":"2025-08-15T10:47:25","date_gmt":"2025-08-15T15:47:25","guid":{"rendered":"https:\/\/www.greenpeace.org\/mexico\/?p=60425"},"modified":"2025-08-15T10:54:34","modified_gmt":"2025-08-15T15:54:34","slug":"trump-y-mineria-submarina-que-esta-denunciando-greenpeace","status":"publish","type":"post","link":"https:\/\/www.greenpeace.org\/mexico\/blog\/60425\/trump-y-mineria-submarina-que-esta-denunciando-greenpeace\/","title":{"rendered":"Trump y miner\u00eda submarina: \u00bfqu\u00e9 est\u00e1 denunciando Greenpeace?"},"content":{"rendered":"\n<p>La <strong>miner\u00eda submarina<\/strong> es una actividad industrial emergente que busca extraer minerales del fondo del oc\u00e9ano, a profundidades de m\u00e1s de mil metros. Desde <strong>Greenpeace <\/strong>hemos advertido que amenaza a uno de los ecosistemas m\u00e1s vulnerables, los oc\u00e9anos, por lo que es crucial detener este peligro.<\/p>\n\n<figure class=\"wp-block-image size-full\"><img loading=\"lazy\" decoding=\"async\" width=\"1024\" height=\"684\" src=\"https:\/\/www.greenpeace.org\/static\/planet4-mexico-stateless\/2025\/05\/e5d042cc-mineria-aguas-profundas-protesta.jpg\" title=\"Activistas de Greenpeace Internacional de todo el mundo remando y protestando alrededor de MV COCO, un buque de perforaci\u00f3n offshore especializado que actualmente recopila datos para The Metals Company, l\u00edder en miner\u00eda en aguas profundas.\" alt=\"Activistas de Greenpeace Internacional de todo el mundo remando y protestando alrededor de MV COCO, un buque de perforaci\u00f3n offshore especializado que actualmente recopila datos para The Metals Company, l\u00edder en miner\u00eda en aguas profundas.\" class=\"wp-image-55850\" srcset=\"https:\/\/www.greenpeace.org\/static\/planet4-mexico-stateless\/2025\/05\/e5d042cc-mineria-aguas-profundas-protesta.jpg 1024w, https:\/\/www.greenpeace.org\/static\/planet4-mexico-stateless\/2025\/05\/e5d042cc-mineria-aguas-profundas-protesta-300x200.jpg 300w, https:\/\/www.greenpeace.org\/static\/planet4-mexico-stateless\/2025\/05\/e5d042cc-mineria-aguas-profundas-protesta-768x513.jpg 768w, https:\/\/www.greenpeace.org\/static\/planet4-mexico-stateless\/2025\/05\/e5d042cc-mineria-aguas-profundas-protesta-510x340.jpg 510w\" sizes=\"auto, (max-width: 1024px) 100vw, 1024px\" \/><figcaption><div class=\"credit icon-left\"> \u00a9 Martin Katz \/ Greenpeace<\/div><\/figcaption><\/figure>\n\n<p>El problema radica en que la miner\u00eda submarina utiliza m\u00e1quinas gigantes para recolectar dep\u00f3sitos minerales \u2014como los<a href=\"https:\/\/www.cell.com\/current-biology\/fulltext\/S0960-9822(23)00534-1\" target=\"_blank\" rel=\"noreferrer noopener\"><strong> n\u00f3dulos polimet\u00e1licos<\/strong><\/a>\u2014 que contienen metales valiosos como cobalto, n\u00edquel, cobre y manganeso, esenciales para fabricar bater\u00edas, paneles solares y autos el\u00e9ctricos.<\/p>\n\n<p>Para Greenpeace, la miner\u00eda submarina representa un grave riesgo, pues podr\u00eda arrasar en poco tiempo el<a href=\"https:\/\/www.greenpeace.org\/mexico\/blog\/52667\/cinco-cosas-de-la-mineria-submarina-que-debes-saber\/\" target=\"_blank\" rel=\"noreferrer noopener\"><strong> fondo marino<\/strong><\/a> en pos de obtener los metales preciosos. \u00a1Alza la voz por los oc\u00e9anos! Di NO a la miner\u00eda submarina.<\/p>\n\t\t\t<section\n\t\t\tclass=\"boxout  \"\n\t\t\t\n\t\t>\n\t\t\t<a\n\t\t\t\tdata-ga-category=\"Take Action Boxout\"\n\t\t\t\tdata-ga-action=\"Image\"\n\t\t\t\tdata-ga-label=\"n\/a\"\n\t\t\t\tclass=\"cover-card-overlay\"\n\t\t\t\thref=\"https:\/\/actua.greenpeace.org.mx\/alto-a-la-mineria-en-aguas-profundas?utm_content=TrumpMineriaSubmarinaBlog250815085127&amp;utm_medium=blog&amp;utm_source=greenpeace.org&amp;utm_campaign=loss%20of%20ecosistems&amp;hs_resource__c=Fundraising\" target=\"_blank\"\n\t\t\t><\/a>\n\t\t\t\t\t\t\t<img\n\t\t\t\t\t\tsrc=\"https:\/\/www.greenpeace.org\/static\/planet4-mexico-stateless\/2025\/05\/29e40a6f-isa-alto-mineria-submarina-1024x554.jpg\"\n\t\t\t\t\t\tsrcset=\"https:\/\/www.greenpeace.org\/static\/planet4-mexico-stateless\/2025\/05\/29e40a6f-isa-alto-mineria-submarina-300x162.jpg 300w, https:\/\/www.greenpeace.org\/static\/planet4-mexico-stateless\/2025\/05\/29e40a6f-isa-alto-mineria-submarina-1024x554.jpg 1024w, https:\/\/www.greenpeace.org\/static\/planet4-mexico-stateless\/2025\/05\/29e40a6f-isa-alto-mineria-submarina-768x415.jpg 768w, https:\/\/www.greenpeace.org\/static\/planet4-mexico-stateless\/2025\/05\/29e40a6f-isa-alto-mineria-submarina-510x276.jpg 510w, https:\/\/www.greenpeace.org\/static\/planet4-mexico-stateless\/2025\/05\/29e40a6f-isa-alto-mineria-submarina.jpg 1200w\"\n\t\t\t\t\t\tsizes=\"(min-width: 1000px) 358px, (min-width: 780px) 313px, 88px\"\n\t\t\t\t\t\talt=\"Proyecciones del Reino Unido contra la miner\u00eda en aguas profundas: &quot;Stop deep sea mining&quot; (alto a la miner\u00eda submarina)\" title=\"Proyecciones del Reino Unido contra la miner\u00eda en aguas profundas: &quot;Stop deep sea mining&quot; (alto a la miner\u00eda submarina)\"\n\t\t\t\t\/>\n            \t\t\t<div class=\"boxout-content\">\n\t\t\t\t\t\t\t\t\t<a\n\t\t\t\t\t\tclass=\"boxout-heading medium\"\n\t\t\t\t\t\tdata-ga-category=\"Take Action Boxout\"\n\t\t\t\t\t\tdata-ga-action=\"Title\"\n\t\t\t\t\t\tdata-ga-label=\"n\/a\"\n\t\t\t\t\t\thref=\"https:\/\/actua.greenpeace.org.mx\/alto-a-la-mineria-en-aguas-profundas?utm_content=TrumpMineriaSubmarinaBlog250815085127&amp;utm_medium=blog&amp;utm_source=greenpeace.org&amp;utm_campaign=loss%20of%20ecosistems&amp;hs_resource__c=Fundraising\"\n\t\t\t\t\t\ttarget=\"_blank\"\n\t\t\t\t\t>\n\t\t\t\t\t\tDet\u00e9n el saqueo del fondo marino\n\t\t\t\t\t<\/a>\n\t\t\t\t\t\t\t\t\t\t\t\t\t<p class=\"boxout-excerpt\">Alto a la miner\u00eda submarina. Exige una moratoria global que proteja el fondo del mar.<\/p>\n\t\t\t\t                                    <a\n                        class=\"btn btn-primary\"\n                        data-ga-category=\"Take Action Boxout\"\n                        data-ga-action=\"Call to Action\"\n                        data-ga-label=\"n\/a\"\n                        href=\"https:\/\/actua.greenpeace.org.mx\/alto-a-la-mineria-en-aguas-profundas?utm_content=TrumpMineriaSubmarinaBlog250815085127&amp;utm_medium=blog&amp;utm_source=greenpeace.org&amp;utm_campaign=loss%20of%20ecosistems&amp;hs_resource__c=Fundraising\"\n                        target=\"_blank\"\n                    >\n                        Firma aqu\u00ed\n                    <\/a>\n                \t\t\t<\/div>\n\t\t\t\t\t<\/section>\n\t\n<h2 class=\"wp-block-heading has-dark-green-800-color has-text-color has-link-color wp-elements-931c546a6e7a0b0657ae13389d3a442b\"><strong>Donald Trump y la miner\u00eda submarina: el impacto que preocupa<\/strong><\/h2>\n\n<p>El pasado 24 de abril, la Casa Blanca emiti\u00f3 una orden ejecutiva que autoriza la <a href=\"https:\/\/www.whitehouse.gov\/presidential-actions\/2025\/04\/unleashing-americas-offshore-critical-minerals-and-resources\/\" target=\"_blank\" rel=\"noreferrer noopener\"><strong>miner\u00eda submarina a gran escala<\/strong><\/a>, incluso en aguas internacionales, pese a las advertencias de organizaciones ambientales como Greenpeace.<\/p>\n\n<p>El presidente Donald Trump, impulsor de la medida, asegur\u00f3 que esta industria podr\u00eda generar 100 mil empleos e incrementar el PIB de Estados Unidos en 300 mil millones de d\u00f3lares durante la pr\u00f3xima d\u00e9cada.<\/p>\n\n<figure class=\"wp-block-image size-large\"><img loading=\"lazy\" decoding=\"async\" width=\"1024\" height=\"683\" src=\"https:\/\/www.greenpeace.org\/static\/planet4-mexico-stateless\/2025\/08\/97ec0233-mineria-submarina-oceano-1024x683.jpg\" title=\"Fotograf\u00eda de una proyecci\u00f3n del mensaje &quot;Nuestro oc\u00e9ano no est\u00e1 en venta&quot; para protestar en contra de la miner\u00eda submarina.\" alt=\"Fotograf\u00eda de una proyecci\u00f3n del mensaje &quot;Nuestro oc\u00e9ano no est\u00e1 en venta&quot; para protestar en contra de la miner\u00eda submarina.\" class=\"wp-image-60428\" srcset=\"https:\/\/www.greenpeace.org\/static\/planet4-mexico-stateless\/2025\/08\/97ec0233-mineria-submarina-oceano-1024x683.jpg 1024w, https:\/\/www.greenpeace.org\/static\/planet4-mexico-stateless\/2025\/08\/97ec0233-mineria-submarina-oceano-300x200.jpg 300w, https:\/\/www.greenpeace.org\/static\/planet4-mexico-stateless\/2025\/08\/97ec0233-mineria-submarina-oceano-768x512.jpg 768w, https:\/\/www.greenpeace.org\/static\/planet4-mexico-stateless\/2025\/08\/97ec0233-mineria-submarina-oceano-510x340.jpg 510w, https:\/\/www.greenpeace.org\/static\/planet4-mexico-stateless\/2025\/08\/97ec0233-mineria-submarina-oceano.jpg 1200w\" sizes=\"auto, (max-width: 1024px) 100vw, 1024px\" \/><figcaption class=\"wp-element-caption\">Activistas de Greenpeace  proyectan un mensaje con el lema &#8220;Nuestro Oc\u00e9ano No Est\u00e1 En Venta&#8221;. <div class=\"credit icon-left\"> \u00a9 Greenpeace<\/div><\/figcaption><\/figure>\n\n<p>Sin embargo, la amenaza es clara, enviar maquinaria del tama\u00f1o de tanques de guerra a miles de metros de profundidad podr\u00eda causar da\u00f1os irreversibles en los ecosistemas marinos. Por ello, es urgente detener esta carrera por explotar el fondo del oc\u00e9ano, antes de que m\u00e1s empresas se sumen a una industria altamente contaminante.<\/p>\n\n<p>Desde Greenpeace hacemos un llamado urgente a la sociedad, a las empresas y a los gobiernos a defender nuestros oc\u00e9anos frente a intereses desmedidos. El oc\u00e9ano no es una propiedad que pueda venderse o repartirse.<\/p>\n\n<p>Las decisiones sobre los oc\u00e9anos nos afectan a todos. Deben respetarse los derechos del oc\u00e9ano y las voces de las comunidades que dependen directamente de \u00e9l. Los fondos marinos internacionales son patrimonio com\u00fan de la humanidad; ning\u00fan gobierno tiene el derecho de explotarlos de manera unilateral.<\/p>\n\n<figure class=\"wp-block-image size-large\"><img loading=\"lazy\" decoding=\"async\" width=\"1024\" height=\"683\" src=\"https:\/\/www.greenpeace.org\/static\/planet4-mexico-stateless\/2025\/08\/07175912-activismo-mineria-submarina-1024x683.jpg\" title=\"Activistas de Greenpeace en kayak en medio del oc\u00e9ano protestan en contra de la miner\u00eda submarina con el mensaje &quot;Alto a la miner\u00eda de aguas profundas&quot;.\" alt=\"Activistas de Greenpeace en kayak en medio del oc\u00e9ano protestan en contra de la miner\u00eda submarina con el mensaje &quot;Alto a  la miner\u00eda de aguas profundas&quot;.\" class=\"wp-image-60429\" srcset=\"https:\/\/www.greenpeace.org\/static\/planet4-mexico-stateless\/2025\/08\/07175912-activismo-mineria-submarina-1024x683.jpg 1024w, https:\/\/www.greenpeace.org\/static\/planet4-mexico-stateless\/2025\/08\/07175912-activismo-mineria-submarina-300x200.jpg 300w, https:\/\/www.greenpeace.org\/static\/planet4-mexico-stateless\/2025\/08\/07175912-activismo-mineria-submarina-768x512.jpg 768w, https:\/\/www.greenpeace.org\/static\/planet4-mexico-stateless\/2025\/08\/07175912-activismo-mineria-submarina-510x340.jpg 510w, https:\/\/www.greenpeace.org\/static\/planet4-mexico-stateless\/2025\/08\/07175912-activismo-mineria-submarina.jpg 1200w\" sizes=\"auto, (max-width: 1024px) 100vw, 1024px\" \/><figcaption class=\"wp-element-caption\">Activistas de Greenpeace se unen a la Jornada Mundial de Acci\u00f3n contra la Miner\u00eda en Aguas Profundas. La acci\u00f3n, que se realiz\u00f3 simult\u00e1neamente en 59 pa\u00edses, inst\u00f3 a los l\u00edderes mundiales a actuar y cancelar todos los planes de miner\u00eda marina.<div class=\"credit icon-left\"> \u00a9 Muhammad Adimaja \/ Greenpeace<\/div><\/figcaption><\/figure>\n\n<h2 class=\"wp-block-heading has-dark-green-800-color has-text-color has-link-color wp-elements-a15c2b440970c2a1b1c54a9c69d61c2d\"><strong>\u00bfQu\u00e9 se extrae de las minas submarinas?<\/strong><\/h2>\n\n<p>De acuerdo con una investigaci\u00f3n del Departamento de Ciencias Naturales del Museo de Historia Natural en Londres, el fondo marino abisal a profundidades de entre 4 mil a 6 mil metros, caracterizado por sedimentos fangosos, contiene n\u00f3dulos polimet\u00e1licos del tama\u00f1o de una papa, cuyo costo econ\u00f3mico es considerable.<\/p>\n\n<p>De las minas submarinas se extraen principalmente minerales y metales enriquecidos con:<\/p>\n\n<ul class=\"wp-block-list\">\n<li>Manganeso<\/li>\n\n\n\n<li>N\u00edquel<\/li>\n\n\n\n<li>Cobalto<\/li>\n\n\n\n<li>Cobre<\/li>\n\n\n\n<li>Tierras raras<\/li>\n\n\n\n<li>Titanio<\/li>\n<\/ul>\n\n<figure class=\"wp-block-image size-large\"><img loading=\"lazy\" decoding=\"async\" width=\"1024\" height=\"684\" src=\"https:\/\/www.greenpeace.org\/static\/planet4-mexico-stateless\/2025\/08\/04c18d02-nodulo-margensio-mineria-submarina-1024x684.jpg\" title=\"Fotograf\u00eda de un N\u00f3dulo de manganeso.\" alt=\"Fotograf\u00eda de un N\u00f3dulo de manganeso.\" class=\"wp-image-60432\" srcset=\"https:\/\/www.greenpeace.org\/static\/planet4-mexico-stateless\/2025\/08\/04c18d02-nodulo-margensio-mineria-submarina-1024x684.jpg 1024w, https:\/\/www.greenpeace.org\/static\/planet4-mexico-stateless\/2025\/08\/04c18d02-nodulo-margensio-mineria-submarina-300x200.jpg 300w, https:\/\/www.greenpeace.org\/static\/planet4-mexico-stateless\/2025\/08\/04c18d02-nodulo-margensio-mineria-submarina-768x513.jpg 768w, https:\/\/www.greenpeace.org\/static\/planet4-mexico-stateless\/2025\/08\/04c18d02-nodulo-margensio-mineria-submarina-510x340.jpg 510w, https:\/\/www.greenpeace.org\/static\/planet4-mexico-stateless\/2025\/08\/04c18d02-nodulo-margensio-mineria-submarina.jpg 1200w\" sizes=\"auto, (max-width: 1024px) 100vw, 1024px\" \/><figcaption class=\"wp-element-caption\">Imagen de un n\u00f3dulo de manganeso. Los n\u00f3dulos polimet\u00e1licos se forman en el fondo marino, contienen metales valiosos y se encuentran en grandes cantidades. Uno de los mayores dep\u00f3sitos de n\u00f3dulos de manganeso se encuentra en la Zona Clarion Clipperton, en las profundidades oce\u00e1nicas.<div class=\"credit icon-left\"> \u00a9 Wolfram Kastl \/ Greenpeace<\/div><\/figcaption><\/figure>\n\n<p>Adem\u00e1s de los n\u00f3dulos polimet\u00e1licos, tambi\u00e9n existen otras estructuras geol\u00f3gicas submarinas y dep\u00f3sitos costeros:<\/p>\n\n<ul class=\"wp-block-list\">\n<li>Costras de ferromanganeso ricas en cobalto<\/li>\n\n\n\n<li>Sulfuros polimet\u00e1licos<\/li>\n\n\n\n<li>Arenas de minerales pesados&nbsp;<\/li>\n\n\n\n<li>Fosforitas<\/li>\n\n\n\n<li>Otros materiales portadores de minerales.<\/li>\n<\/ul>\n\n<h2 class=\"wp-block-heading has-dark-green-800-color has-text-color has-link-color wp-elements-660765c0c2e8508a321050347a4c7a7b\"><strong>\u00bfCu\u00e1les son los problemas de la miner\u00eda submarina?<\/strong><\/h2>\n\n<p>La miner\u00eda submarina enfrenta una serie de problemas y preocupaciones, tanto a nivel ambiental como econ\u00f3mico y sociales.<\/p>\n\n<p>Entre los da\u00f1os ambientales m\u00e1s preocupantes se encuentra la posibilidad de destruir el h\u00e1bitat de decenas de especies. Los <a href=\"https:\/\/www.greenpeace.org\/mexico\/blog\/54893\/este-pez-diablo-conquisto-corazones-en-todo-el-mundo-pero-el-futuro-de-su-especie-pende-de-un-hilo\/\" target=\"_blank\" rel=\"noreferrer noopener\"><strong>organismos de las profundidades marinas<\/strong><\/a> son fr\u00e1giles \u2013 muchas a\u00fan no se conocen \u2013&nbsp; y de crecimiento muy lento, lo que hace que sea mucho menos probable que se recuperen.<\/p>\n\n<figure class=\"wp-block-image size-large\"><img loading=\"lazy\" decoding=\"async\" width=\"1024\" height=\"737\" src=\"https:\/\/www.greenpeace.org\/static\/planet4-mexico-stateless\/2025\/08\/db94f20b-calamar-enope-animales-1024x737.jpg\" title=\"Fotograf\u00eda de Blackwater: Calamar Enope de orejas afiladas (Ancistrocheirus lesueurii)\" alt=\"Fotograf\u00eda de Blackwater: Calamar Enope de orejas afiladas (Ancistrocheirus lesueurii)\" class=\"wp-image-60430\" srcset=\"https:\/\/www.greenpeace.org\/static\/planet4-mexico-stateless\/2025\/08\/db94f20b-calamar-enope-animales-1024x737.jpg 1024w, https:\/\/www.greenpeace.org\/static\/planet4-mexico-stateless\/2025\/08\/db94f20b-calamar-enope-animales-300x216.jpg 300w, https:\/\/www.greenpeace.org\/static\/planet4-mexico-stateless\/2025\/08\/db94f20b-calamar-enope-animales-768x553.jpg 768w, https:\/\/www.greenpeace.org\/static\/planet4-mexico-stateless\/2025\/08\/db94f20b-calamar-enope-animales-472x340.jpg 472w, https:\/\/www.greenpeace.org\/static\/planet4-mexico-stateless\/2025\/08\/db94f20b-calamar-enope-animales.jpg 1200w\" sizes=\"auto, (max-width: 1024px) 100vw, 1024px\" \/><figcaption class=\"wp-element-caption\">Calamar enope Sharpear, Ancistrocheirus lesueurii, paralarva, encontrado durante una inmersi\u00f3n en aguas negras en alta mar en la costa de Kona, Big Island, Hawaii, EE.UU., Oc\u00e9ano Pac\u00edfico.<div class=\"credit icon-left\"> \u00a9 Blue Planet Archive \/ Jeff Mi<\/div><\/figcaption><\/figure>\n\n<p>De acuerdo con Ocean Conservancy, las zonas donde se realizaron pruebas de miner\u00eda hace m\u00e1s de 50 a\u00f1os a\u00fan no se han recuperado por completo. Adem\u00e1s, la miner\u00eda submarina podr\u00eda impactar en el papel del <a href=\"https:\/\/www.greenpeace.org\/mexico\/blog\/56980\/oceanos-del-mundo-por-que-es-importante-cuidarlos\/\" target=\"_blank\" rel=\"noreferrer noopener\"><strong>oc\u00e9ano como sumidero de carbono<\/strong><\/a>.<\/p>\n\n<p>Ahora bien, los riesgos financieros son graves y de gran alcance, pues la miner\u00eda submarina pondr\u00eda en peligro los medios de subsistencia de las comunidades de las islas del Pac\u00edfico. Mientras que en lo social, la <strong>seguridad alimentaria<\/strong> de decenas de comunidades alrededor del mundo que dependen del oc\u00e9ano tambi\u00e9n se ver\u00eda afectada.<\/p>\n\n<p>Hasta julio de 2025, 38 pa\u00edses, entre estos M\u00e9xico, han pedido una moratoria de la explotaci\u00f3n minera de los fondos marinos como \u00fanica v\u00eda cre\u00edble para evitar da\u00f1os irreversibles.<\/p>\n\n<figure class=\"wp-block-image size-large\"><img loading=\"lazy\" decoding=\"async\" width=\"1024\" height=\"683\" src=\"https:\/\/www.greenpeace.org\/static\/planet4-mexico-stateless\/2025\/05\/aa6a7eb3-alto-mineria-submarina-1024x683.jpg\" title=\"Activista de Greenpeace M\u00e9xico sosteniendo una manta con el mensaje &quot;STOP DEEP SEA MINING&quot; (ALTO A LA MINER\u00cdA SUBMARINA).\" alt=\"Activista de Greenpeace M\u00e9xico sosteniendo una manta con el mensaje &quot;STOP DEEP SEA MINING&quot; (ALTO A LA MINER\u00cdA SUBMARINA).\" class=\"wp-image-56050\" srcset=\"https:\/\/www.greenpeace.org\/static\/planet4-mexico-stateless\/2025\/05\/aa6a7eb3-alto-mineria-submarina-1024x683.jpg 1024w, https:\/\/www.greenpeace.org\/static\/planet4-mexico-stateless\/2025\/05\/aa6a7eb3-alto-mineria-submarina-300x200.jpg 300w, https:\/\/www.greenpeace.org\/static\/planet4-mexico-stateless\/2025\/05\/aa6a7eb3-alto-mineria-submarina-768x512.jpg 768w, https:\/\/www.greenpeace.org\/static\/planet4-mexico-stateless\/2025\/05\/aa6a7eb3-alto-mineria-submarina-510x340.jpg 510w, https:\/\/www.greenpeace.org\/static\/planet4-mexico-stateless\/2025\/05\/aa6a7eb3-alto-mineria-submarina.jpg 1200w\" sizes=\"auto, (max-width: 1024px) 100vw, 1024px\" \/><figcaption class=\"wp-element-caption\">Proyecci\u00f3n de videos con testimonios de personas de comunidades ind\u00edgenas del Pac\u00edfico en la Glorieta de los Insurgentes en la Ciudad de M\u00e9xico el pasado 21 de julio. Las comunidades han representado una de las voces m\u00e1s importantes en contra de la miner\u00eda submarina.<div class=\"credit icon-left\"> \u00a9 Greenpeace \/ Iv\u00e1n Castaneira<\/div><\/figcaption><\/figure>\n\n<p>Ante este panorama, Greenpeace aboga por una econom\u00eda circular, el reciclaje y la recuperaci\u00f3n de metales existentes como una alternativa m\u00e1s sostenible, en lugar de extraer nuevos.<\/p>\n\n<p>Los n\u00f3dulos polimet\u00e1licos han tardado millones de a\u00f1os en formarse, y su extracci\u00f3n es insostenible. Los riesgos para la biodiversidad marina y los ecosistemas son altos y la miner\u00eda submarina no es aceptable bajo ninguna circunstancia. No al <a href=\"https:\/\/actua.greenpeace.org.mx\/alto-a-la-mineria-en-aguas-profundas\" target=\"_blank\" rel=\"noreferrer noopener\"><strong>saqueo del fondo marino<\/strong><\/a>.<\/p>\n\n<p><\/p>\n","protected":false},"excerpt":{"rendered":"<p>Trump impulsa la miner\u00eda submarina, Greenpeace alerta sobre su impacto en los oc\u00e9anos y pide detener la explotaci\u00f3n del fondo marino.<\/p>\n","protected":false},"author":82,"featured_media":60428,"comment_status":"open","ping_status":"open","sticky":false,"template":"","format":"standard","meta":{"ep_exclude_from_search":false,"p4_og_title":"Trump y miner\u00eda submarina: \u00bfqu\u00e9 est\u00e1 denunciando Greenpeace?","p4_og_description":"Trump impulsa la miner\u00eda submarina, Greenpeace alerta sobre su impacto en los oc\u00e9anos y pide detener la explotaci\u00f3n del fondo marino.","p4_og_image":"https:\/\/www.greenpeace.org\/static\/planet4-mexico-stateless\/2025\/08\/97ec0233-mineria-submarina-oceano.jpg","p4_og_image_id":"60428","p4_seo_canonical_url":"","p4_campaign_name":"","p4_local_project":"","p4_basket_name":"","p4_department":"","footnotes":""},"categories":[44],"tags":[65,53],"p4-page-type":[14],"class_list":["post-60425","post","type-post","status-publish","format-standard","has-post-thumbnail","hentry","category-oceanos","tag-mineria-submarina","tag-perdida-de-ecosistemas","p4-page-type-blog"],"_links":{"self":[{"href":"https:\/\/www.greenpeace.org\/mexico\/wp-json\/wp\/v2\/posts\/60425","targetHints":{"allow":["GET"]}}],"collection":[{"href":"https:\/\/www.greenpeace.org\/mexico\/wp-json\/wp\/v2\/posts"}],"about":[{"href":"https:\/\/www.greenpeace.org\/mexico\/wp-json\/wp\/v2\/types\/post"}],"author":[{"embeddable":true,"href":"https:\/\/www.greenpeace.org\/mexico\/wp-json\/wp\/v2\/users\/82"}],"replies":[{"embeddable":true,"href":"https:\/\/www.greenpeace.org\/mexico\/wp-json\/wp\/v2\/comments?post=60425"}],"version-history":[{"count":4,"href":"https:\/\/www.greenpeace.org\/mexico\/wp-json\/wp\/v2\/posts\/60425\/revisions"}],"predecessor-version":[{"id":60443,"href":"https:\/\/www.greenpeace.org\/mexico\/wp-json\/wp\/v2\/posts\/60425\/revisions\/60443"}],"wp:featuredmedia":[{"embeddable":true,"href":"https:\/\/www.greenpeace.org\/mexico\/wp-json\/wp\/v2\/media\/60428"}],"wp:attachment":[{"href":"https:\/\/www.greenpeace.org\/mexico\/wp-json\/wp\/v2\/media?parent=60425"}],"wp:term":[{"taxonomy":"category","embeddable":true,"href":"https:\/\/www.greenpeace.org\/mexico\/wp-json\/wp\/v2\/categories?post=60425"},{"taxonomy":"post_tag","embeddable":true,"href":"https:\/\/www.greenpeace.org\/mexico\/wp-json\/wp\/v2\/tags?post=60425"},{"taxonomy":"p4-page-type","embeddable":true,"href":"https:\/\/www.greenpeace.org\/mexico\/wp-json\/wp\/v2\/p4-page-type?post=60425"}],"curies":[{"name":"wp","href":"https:\/\/api.w.org\/{rel}","templated":true}]}}