{"id":61075,"date":"2025-09-05T11:43:38","date_gmt":"2025-09-05T16:43:38","guid":{"rendered":"https:\/\/www.greenpeace.org\/mexico\/?p=61075"},"modified":"2025-09-05T11:47:13","modified_gmt":"2025-09-05T16:47:13","slug":"3-mujeres-indigenas-que-lideran-la-lucha-ambiental-en-latinoamerica","status":"publish","type":"post","link":"https:\/\/www.greenpeace.org\/mexico\/blog\/61075\/3-mujeres-indigenas-que-lideran-la-lucha-ambiental-en-latinoamerica\/","title":{"rendered":"3 mujeres ind\u00edgenas que lideran la lucha ambiental en Latinoam\u00e9rica\u00a0"},"content":{"rendered":"\n<p>El <strong>D\u00eda Internacional de la Mujer Ind\u00edgena<\/strong> se conmemora cada 5 de septiembre por su rol en la defensa de sus territorios y de los derechos humanos de sus pueblos. En conmemoraci\u00f3n a esta fecha, te presentamos tres mujeres ind\u00edgenas que lideran la lucha ambiental en Latinoam\u00e9rica.<\/p>\n\n<p>Esta fecha busca visibilizar las <a href=\"https:\/\/www.greenpeace.org\/chile\/blog\/issues\/climayenergia\/8m-conoce-a-6-defensoras-del-ambiente-que-inspiran-a-cambiar-la-historia\/\" target=\"_blank\" rel=\"noreferrer noopener\"><strong>luchas hist\u00f3ricas<\/strong><\/a>, combatir la discriminaci\u00f3n y violencia que a\u00fan enfrentan las <strong>mujeres indigenas activistas<\/strong>, y exigir el respeto y garant\u00eda de sus derechos humanos.&nbsp;<\/p>\n\n<figure class=\"wp-block-image size-large\"><img loading=\"lazy\" decoding=\"async\" width=\"1024\" height=\"682\" src=\"https:\/\/www.greenpeace.org\/static\/planet4-mexico-stateless\/2025\/09\/9be52c44-mujeres-indigenas-activismo-1024x682.jpg\" title=\"Fotograf\u00eda de un grupo de mujeres ind\u00edgenas durante una movilizaci\u00f3n en Brasil.\" alt=\"Fotograf\u00eda de un grupo de mujeres ind\u00edgenas durante una movilizaci\u00f3n en Brasil.\" class=\"wp-image-61076\" srcset=\"https:\/\/www.greenpeace.org\/static\/planet4-mexico-stateless\/2025\/09\/9be52c44-mujeres-indigenas-activismo-1024x682.jpg 1024w, https:\/\/www.greenpeace.org\/static\/planet4-mexico-stateless\/2025\/09\/9be52c44-mujeres-indigenas-activismo-300x200.jpg 300w, https:\/\/www.greenpeace.org\/static\/planet4-mexico-stateless\/2025\/09\/9be52c44-mujeres-indigenas-activismo-768x511.jpg 768w, https:\/\/www.greenpeace.org\/static\/planet4-mexico-stateless\/2025\/09\/9be52c44-mujeres-indigenas-activismo-510x340.jpg 510w, https:\/\/www.greenpeace.org\/static\/planet4-mexico-stateless\/2025\/09\/9be52c44-mujeres-indigenas-activismo.jpg 1200w\" sizes=\"auto, (max-width: 1024px) 100vw, 1024px\" \/><figcaption><div class=\"credit icon-left\"> \u00a9 Edgar Kanayk\u00f5 \/ Greenpeace<\/div><\/figcaption><\/figure>\n\n<h2 class=\"wp-block-heading\"><strong>\u00bfPor qu\u00e9 se conmemora el D\u00eda Internacional de la Mujer Ind\u00edgena?<\/strong><\/h2>\n\n<p>Se trata de un llamado a reconocer su liderazgo en la <strong>protecci\u00f3n de la biodiversidad<\/strong> y a asegurar su participaci\u00f3n efectiva en los espacios de toma de decisiones, promoviendo una sociedad m\u00e1s justa e incluyente.<\/p>\n\n<p>El D\u00eda Internacional de la Mujer Ind\u00edgena visibiliza la fuerza y resiliencia, y demanda la eliminaci\u00f3n de la <a href=\"https:\/\/www.gob.mx\/conadis\/articulos\/nota-para-la-conmemoracion-del-dia-internacional-de-la-mujer-indigena\"><strong>discriminaci\u00f3n<\/strong><\/a> y violencia que enfrentan estas activistas indigenas con el fin de asegurar el pleno ejercicio de sus derechos.<\/p>\n\n<h3 class=\"wp-block-heading\"><strong>\u00bfQu\u00e9 han hecho los ind\u00edgenas para cuidar el medio ambiente?<\/strong><\/h3>\n\n<p>Las <a href=\"https:\/\/www.greenpeace.org\/colombia\/blog\/blog\/mujeres-que-protegen-la-tierra-la-lucha-ambiental-tambien-es-feminista\/\" target=\"_blank\" rel=\"noreferrer noopener\"><strong>mujeres ind\u00edgenas<\/strong><\/a> desempe\u00f1an un papel crucial en la lucha ambiental, gracias a su profundo v\u00ednculo con la tierra, su conocimiento ancestral y su liderazgo en la <strong>defensa de los territorios<\/strong> y recursos naturales.&nbsp;<\/p>\n\n<figure class=\"wp-block-image size-large\"><img loading=\"lazy\" decoding=\"async\" width=\"1024\" height=\"683\" src=\"https:\/\/www.greenpeace.org\/static\/planet4-mexico-stateless\/2025\/09\/fdce08b2-mujer-indigena-activista-1024x683.jpg\" title=\"Retrato de una mujer ind\u00edgena activista durante una acci\u00f3n contra la miner\u00eda ilegal en tierras ind\u00edgenas de la Amazon\u00eda.\" alt=\"Retrato de una mujer ind\u00edgena activista durante una acci\u00f3n contra la miner\u00eda ilegal en tierras ind\u00edgenas de la Amazon\u00eda.\" class=\"wp-image-61077\" srcset=\"https:\/\/www.greenpeace.org\/static\/planet4-mexico-stateless\/2025\/09\/fdce08b2-mujer-indigena-activista-1024x683.jpg 1024w, https:\/\/www.greenpeace.org\/static\/planet4-mexico-stateless\/2025\/09\/fdce08b2-mujer-indigena-activista-300x200.jpg 300w, https:\/\/www.greenpeace.org\/static\/planet4-mexico-stateless\/2025\/09\/fdce08b2-mujer-indigena-activista-768x512.jpg 768w, https:\/\/www.greenpeace.org\/static\/planet4-mexico-stateless\/2025\/09\/fdce08b2-mujer-indigena-activista-510x340.jpg 510w, https:\/\/www.greenpeace.org\/static\/planet4-mexico-stateless\/2025\/09\/fdce08b2-mujer-indigena-activista.jpg 1200w\" sizes=\"auto, (max-width: 1024px) 100vw, 1024px\" \/><figcaption class=\"wp-element-caption\">Acci\u00f3n contra las excavadoras utilizadas por la miner\u00eda ilegal en tierras ind\u00edgenas de la Amazon\u00eda<div class=\"credit icon-left\"> \u00a9 Tuane Fernandes \/ Greenpeace<\/div><\/figcaption><\/figure>\n\n<p>Su rol va m\u00e1s all\u00e1 de la conservaci\u00f3n ambiental, pues son guardianas de la biodiversidad y defensoras activas frente a las <strong>amenazas del cambio clim\u00e1tico<\/strong> y el extractivismo.<\/p>\n\n<p>En esta ocasi\u00f3n, Greenpeace honra la labor de 3 mujeres ind\u00edgenas que lideran la lucha ambiental en Latinoam\u00e9rica:&nbsp;<\/p>\n\n<h3 class=\"wp-block-heading\"><strong>Leydy Pech<\/strong><\/h3>\n\n<p>Leydy Araceli Pech Mar\u00edn es una apicultora maya reconocida mundialmente como la \u201c<a href=\"https:\/\/www.bbc.com\/mundo\/noticias-america-latina-54933324\" target=\"_blank\" rel=\"noreferrer noopener\"><strong>Guardiana de las abejas<\/strong><\/a>\u201d. Su vida gira en torno a la preservaci\u00f3n de la <em>Melipona Beecheii<\/em>, una abeja sin aguij\u00f3n, tambi\u00e9n llamada Xun\u00e1an Kab.&nbsp;<\/p>\n\n<figure class=\"wp-block-image size-large\"><img loading=\"lazy\" decoding=\"async\" width=\"1024\" height=\"575\" src=\"https:\/\/www.greenpeace.org\/static\/planet4-mexico-stateless\/2025\/06\/d1421401-leydi-pech-1024x575.jpg\" title=\"Retrato de Leydi Pech, defensora del territorio en la comunidad de Ichek, municipio de Hopelch\u00e9n, Campeche.\" alt=\"Retrato de Leydi Pech, defensora del territorio en la comunidad de Ichek, municipio de Hopelch\u00e9n, Campeche.\" class=\"wp-image-56810\" srcset=\"https:\/\/www.greenpeace.org\/static\/planet4-mexico-stateless\/2025\/06\/d1421401-leydi-pech-1024x575.jpg 1024w, https:\/\/www.greenpeace.org\/static\/planet4-mexico-stateless\/2025\/06\/d1421401-leydi-pech-300x169.jpg 300w, https:\/\/www.greenpeace.org\/static\/planet4-mexico-stateless\/2025\/06\/d1421401-leydi-pech-768x432.jpg 768w, https:\/\/www.greenpeace.org\/static\/planet4-mexico-stateless\/2025\/06\/d1421401-leydi-pech-510x287.jpg 510w, https:\/\/www.greenpeace.org\/static\/planet4-mexico-stateless\/2025\/06\/d1421401-leydi-pech.jpg 1536w\" sizes=\"auto, (max-width: 1024px) 100vw, 1024px\" \/><\/figure>\n\n<p>Para Pech, estas abejas representan parte esencial de la identidad espiritual de la regi\u00f3n, pero est\u00e1n en peligro de extinci\u00f3n debido a la p\u00e9rdida de su h\u00e1bitat por <strong>deforestaci\u00f3n<\/strong>, uso de pesticidas, y el cambio clim\u00e1tico.<\/p>\n\n<p>Leydy es un s\u00edmbolo de la <strong>resistencia ambiental en M\u00e9xico<\/strong>, pues su lucha contra Monsanto&nbsp; (Bayer), logr\u00f3 frenar la siembra de soya transg\u00e9nica, luego de que se demostrara que estaba provocando la muerte de estas abejas, la contaminaci\u00f3n del agua y la deforestaci\u00f3n.&nbsp;<\/p>\n\n<h3 class=\"wp-block-heading\"><strong>Berta C\u00e1ceres&nbsp;<\/strong><\/h3>\n\n<p><strong>Berta Isabel C\u00e1ceres Flores<\/strong> fue una valiente l\u00edder ind\u00edgena, feminista y activista ambiental hondure\u00f1a, reconocida a nivel internacional por su incansable defensa del territorio, los <strong>derechos de los pueblos originarios<\/strong> y la naturaleza.&nbsp;<\/p>\n\n<figure class=\"wp-block-image size-large\"><img decoding=\"async\" src=\"https:\/\/www.greenpeace.org\/static\/planet4-mexico-stateless\/2018\/12\/bdc4c5f8-berta-1024x747.jpg\" title=\"Berta C\u00e1ceres y su activismo por el planeta<div class=\"credit icon-left\"> \u00a9 Goldman Environmental Prize<\/div>&#8221; alt=&#8221;Berta C\u00e1ceres y su activismo por el planeta<div class=\"credit icon-left\"> \u00a9 Goldman Environmental Prize<\/div>&#8221; class=&#8221;wp-image-1562&#8243;\/><figcaption class=\"wp-element-caption\">Berta C\u00e1ceres y su activismo por el planeta<div class=\"credit icon-left\"> \u00a9 Goldman Environmental Prize<\/div><\/figcaption><\/figure>\n\n<p>Nacida en 1971 en Intibuc\u00e1, hered\u00f3 de su madre el compromiso con la justicia social. En 1993 cofund\u00f3 el Consejo C\u00edvico de Organizaciones Populares e Ind\u00edgenas de Honduras, desde donde encabez\u00f3 la lucha contra proyectos extractivistas.<\/p>\n\n<p>Por su resistencia, recibi\u00f3 el Premio Goldman en 2015. Fue asesinada en 2016 tras a\u00f1os de amenazas, pero su legado vive en las luchas que hoy contin\u00faan por la <a href=\"https:\/\/www.frontlinedefenders.org\/es\/case\/case-history-berta-c%C3%A1ceres\" target=\"_blank\" rel=\"noreferrer noopener\"><strong>justicia ambiental<\/strong><\/a>, los derechos humanos y la dignidad de los pueblos ind\u00edgenas de Latinoam\u00e9rica.<\/p>\n\n<h3 class=\"wp-block-heading\"><strong>Wilma Esquivel Pat<\/strong><\/h3>\n\n<p>Destacada defensora maya y figura clave en la resistencia ind\u00edgena en la <strong>Pen\u00ednsula de Yucat\u00e1n,<\/strong> donde lucha contra los megaproyectos que amenazan los territorios, la vida comunitaria y los derechos de las mujeres ind\u00edgenas.&nbsp;<\/p>\n\n<figure class=\"wp-block-image size-large\"><img loading=\"lazy\" decoding=\"async\" width=\"1024\" height=\"683\" src=\"https:\/\/www.greenpeace.org\/static\/planet4-mexico-stateless\/2024\/08\/4f4d2239-pl_gpmx_20240526_wilma-esquivel_02-1024x683.jpg\" title=\"Wilma Esquivel Pat. Mujer maya macehuatl, originaria del estado de Quintana Roo, M\u00e9xico.\" alt=\"Wilma Esquivel Pat. Mujer maya macehuatl, originaria del estado de Quintana Roo, M\u00e9xico.\" class=\"wp-image-54457\" srcset=\"https:\/\/www.greenpeace.org\/static\/planet4-mexico-stateless\/2024\/08\/4f4d2239-pl_gpmx_20240526_wilma-esquivel_02-1024x683.jpg 1024w, https:\/\/www.greenpeace.org\/static\/planet4-mexico-stateless\/2024\/08\/4f4d2239-pl_gpmx_20240526_wilma-esquivel_02-300x200.jpg 300w, https:\/\/www.greenpeace.org\/static\/planet4-mexico-stateless\/2024\/08\/4f4d2239-pl_gpmx_20240526_wilma-esquivel_02-768x512.jpg 768w, https:\/\/www.greenpeace.org\/static\/planet4-mexico-stateless\/2024\/08\/4f4d2239-pl_gpmx_20240526_wilma-esquivel_02-1536x1024.jpg 1536w, https:\/\/www.greenpeace.org\/static\/planet4-mexico-stateless\/2024\/08\/4f4d2239-pl_gpmx_20240526_wilma-esquivel_02-2048x1366.jpg 2048w, https:\/\/www.greenpeace.org\/static\/planet4-mexico-stateless\/2024\/08\/4f4d2239-pl_gpmx_20240526_wilma-esquivel_02-510x340.jpg 510w\" sizes=\"auto, (max-width: 1024px) 100vw, 1024px\" \/><\/figure>\n\n<p>Su activismo visibiliza las m\u00faltiples formas de violencia, despojo y explotaci\u00f3n que enfrentan las comunidades originarias. Se re\u00fane con mujeres sanadoras para compartir <strong>saberes ancestrales<\/strong>, plantas medicinales y sue\u00f1os, creando redes de resistencia que recuperan el conocimiento tradicional.<\/p>\n\n<p>Greenpeace celebra, honra y difunde el legado de las mujeres ind\u00edgenas defensoras del ambiente. S\u00famate a la defensa del territorio y la vida.<\/p>\n\t\t\t<section\n\t\t\tclass=\"boxout  \"\n\t\t\t\n\t\t>\n\t\t\t<a\n\t\t\t\tdata-ga-category=\"Take Action Boxout\"\n\t\t\t\tdata-ga-action=\"Image\"\n\t\t\t\tdata-ga-label=\"n\/a\"\n\t\t\t\tclass=\"cover-card-overlay\"\n\t\t\t\thref=\"https:\/\/act.gp\/46fJmUq\" target=\"_blank\"\n\t\t\t><\/a>\n\t\t\t\t\t\t\t<img\n\t\t\t\t\t\tsrc=\"https:\/\/www.greenpeace.org\/static\/planet4-mexico-stateless\/2025\/08\/50bec3a9-pueblos-indigenas-selva-maya-1024x682.jpg\"\n\t\t\t\t\t\tsrcset=\"https:\/\/www.greenpeace.org\/static\/planet4-mexico-stateless\/2025\/08\/50bec3a9-pueblos-indigenas-selva-maya-300x200.jpg 300w, https:\/\/www.greenpeace.org\/static\/planet4-mexico-stateless\/2025\/08\/50bec3a9-pueblos-indigenas-selva-maya-1024x682.jpg 1024w, https:\/\/www.greenpeace.org\/static\/planet4-mexico-stateless\/2025\/08\/50bec3a9-pueblos-indigenas-selva-maya-768x511.jpg 768w, https:\/\/www.greenpeace.org\/static\/planet4-mexico-stateless\/2025\/08\/50bec3a9-pueblos-indigenas-selva-maya-510x340.jpg 510w, https:\/\/www.greenpeace.org\/static\/planet4-mexico-stateless\/2025\/08\/50bec3a9-pueblos-indigenas-selva-maya.jpg 1200w\"\n\t\t\t\t\t\tsizes=\"(min-width: 1000px) 358px, (min-width: 780px) 313px, 88px\"\n\t\t\t\t\t\talt=\"Toma a\u00e9rea de la zona arqueol\u00f3gica de Chich\u00e9n Itz\u00e1 en la que se observa un globo aerost\u00e1tico de fondo con la leyenda &quot;Protejan el clima&quot; en el marco de la COP16.\" title=\"Toma a\u00e9rea de la zona arqueol\u00f3gica de Chich\u00e9n Itz\u00e1 en la que se observa un globo aerost\u00e1tico de fondo con la leyenda &quot;Protejan el clima&quot; en el marco de la COP16.\"\n\t\t\t\t\/>\n            \t\t\t<div class=\"boxout-content\">\n\t\t\t\t\t\t\t\t\t<a\n\t\t\t\t\t\tclass=\"boxout-heading medium\"\n\t\t\t\t\t\tdata-ga-category=\"Take Action Boxout\"\n\t\t\t\t\t\tdata-ga-action=\"Title\"\n\t\t\t\t\t\tdata-ga-label=\"n\/a\"\n\t\t\t\t\t\thref=\"https:\/\/act.gp\/46fJmUq\"\n\t\t\t\t\t\ttarget=\"_blank\"\n\t\t\t\t\t>\n\t\t\t\t\t\t<strong>S\u00famate a la defensa del territorio<\/strong>\n\t\t\t\t\t<\/a>\n\t\t\t\t\t\t\t\t\t\t\t\t\t<p class=\"boxout-excerpt\">Tu apoyo impulsa y visibiliza las luchas que protegen la vida y la justicia ambiental.<\/p>\n\t\t\t\t                                    <a\n                        class=\"btn btn-primary\"\n                        data-ga-category=\"Take Action Boxout\"\n                        data-ga-action=\"Call to Action\"\n                        data-ga-label=\"n\/a\"\n                        href=\"https:\/\/act.gp\/46fJmUq\"\n                        target=\"_blank\"\n                    >\n                        Dona hoy\n                    <\/a>\n                \t\t\t<\/div>\n\t\t\t\t\t<\/section>\n\t","protected":false},"excerpt":{"rendered":"<p>En el D\u00eda de la Mujer Ind\u00edgena, reconocemos a tres defensoras que representan la fuerza y el liderazgo de las luchas ambientales en Latinoam\u00e9rica.<\/p>\n","protected":false},"author":82,"featured_media":54457,"comment_status":"open","ping_status":"open","sticky":false,"template":"","format":"standard","meta":{"ep_exclude_from_search":false,"p4_og_title":"3 mujeres ind\u00edgenas que lideran la lucha ambiental en Latinoam\u00e9rica\u00a0","p4_og_description":"En el D\u00eda de la Mujer Ind\u00edgena, reconocemos a tres defensoras que representan la fuerza y el liderazgo de las luchas ambientales en Latinoam\u00e9rica.","p4_og_image":"https:\/\/www.greenpeace.org\/static\/planet4-mexico-stateless\/2024\/08\/4f4d2239-pl_gpmx_20240526_wilma-esquivel_02-scaled.jpg","p4_og_image_id":"54457","p4_seo_canonical_url":"","p4_campaign_name":"","p4_local_project":"","p4_basket_name":"","p4_department":"","footnotes":""},"categories":[40],"tags":[21,49],"p4-page-type":[14],"class_list":["post-61075","post","type-post","status-publish","format-standard","has-post-thumbnail","hentry","category-selva-maya","tag-activismo","tag-derechos-humanos","p4-page-type-blog"],"_links":{"self":[{"href":"https:\/\/www.greenpeace.org\/mexico\/wp-json\/wp\/v2\/posts\/61075","targetHints":{"allow":["GET"]}}],"collection":[{"href":"https:\/\/www.greenpeace.org\/mexico\/wp-json\/wp\/v2\/posts"}],"about":[{"href":"https:\/\/www.greenpeace.org\/mexico\/wp-json\/wp\/v2\/types\/post"}],"author":[{"embeddable":true,"href":"https:\/\/www.greenpeace.org\/mexico\/wp-json\/wp\/v2\/users\/82"}],"replies":[{"embeddable":true,"href":"https:\/\/www.greenpeace.org\/mexico\/wp-json\/wp\/v2\/comments?post=61075"}],"version-history":[{"count":4,"href":"https:\/\/www.greenpeace.org\/mexico\/wp-json\/wp\/v2\/posts\/61075\/revisions"}],"predecessor-version":[{"id":61081,"href":"https:\/\/www.greenpeace.org\/mexico\/wp-json\/wp\/v2\/posts\/61075\/revisions\/61081"}],"wp:featuredmedia":[{"embeddable":true,"href":"https:\/\/www.greenpeace.org\/mexico\/wp-json\/wp\/v2\/media\/54457"}],"wp:attachment":[{"href":"https:\/\/www.greenpeace.org\/mexico\/wp-json\/wp\/v2\/media?parent=61075"}],"wp:term":[{"taxonomy":"category","embeddable":true,"href":"https:\/\/www.greenpeace.org\/mexico\/wp-json\/wp\/v2\/categories?post=61075"},{"taxonomy":"post_tag","embeddable":true,"href":"https:\/\/www.greenpeace.org\/mexico\/wp-json\/wp\/v2\/tags?post=61075"},{"taxonomy":"p4-page-type","embeddable":true,"href":"https:\/\/www.greenpeace.org\/mexico\/wp-json\/wp\/v2\/p4-page-type?post=61075"}],"curies":[{"name":"wp","href":"https:\/\/api.w.org\/{rel}","templated":true}]}}