{"id":61275,"date":"2025-09-24T16:59:55","date_gmt":"2025-09-24T21:59:55","guid":{"rendered":"https:\/\/www.greenpeace.org\/mexico\/?p=61275"},"modified":"2025-09-24T17:00:00","modified_gmt":"2025-09-24T22:00:00","slug":"semarnat-respondio-al-mensaje-de-greenpeace","status":"publish","type":"post","link":"https:\/\/www.greenpeace.org\/mexico\/informacion-prensa\/61275\/semarnat-respondio-al-mensaje-de-greenpeace\/","title":{"rendered":"Semarnat respondi\u00f3 al mensaje de Greenpeace"},"content":{"rendered":"\n<ul class=\"wp-block-list\">\n<li>El grito de la Selva Maya, del jaguar y se su gente, se hizo escuchar <\/li>\n\n\n\n<li>La autoridad ambiental se compromete a ser aliado en la defensa de este ecosistema <\/li>\n\n\n\n<li>Greenpeace M\u00e9xico dar\u00e1 seguimiento para que el trabajo conjunto sea una realidad<\/li>\n<\/ul>\n\n<p>En una respuesta sin precedente al llamado de protecci\u00f3n de la Selva Maya, la Secretar\u00eda de Medio Ambiente y Recursos Naturales convoc\u00f3 por indicaciones de su titular, Alicia B\u00e1rcena, a representantes de todas las \u00e1reas de la dependencia que tienen injerencia en el cuidado y protecci\u00f3n de esta bioregi\u00f3n a reunirse con representantes de Greenpeace M\u00e9xico.<\/p>\n\n<p>\u201cRecibimos como una buena se\u00f1al la invitaci\u00f3n al di\u00e1logo y acudimos al encuentro enfatizando que llevamos la voz no \u00fanicamente de nuestra organizaci\u00f3n sino la de miles de mexicanas y mexicanos que est\u00e1n preocupados por la Selva, de especialistas que han advertido sobre los impactos que est\u00e1 sufriendo este ecosistema fundamental para la vida y para hacer frente al cambio clim\u00e1tico as\u00ed como de las comunidades locales cuyo entorno cultural, social y ambiental est\u00e1 siendo trastocado\u201d, se\u00f1al\u00f3 Aleira Lara Galicia, Directora Ejecutiva de Greenpeace M\u00e9xico.<\/p>\n\n<p>En ese sentido el primer punto puesto sobre la mesa fue la necesidad de que este di\u00e1logo sea extensivo a esos sectores y sea una herramienta para un avance real y sustantivo en la protecci\u00f3n de la Selva Maya.<\/p>\n\n<p>El di\u00e1logo debe traducirse en acci\u00f3n y en lograr este acuerdo regional de protecci\u00f3n a la Selva, co-creado y escuchando la diversidad de voces que aportan a una visi\u00f3n de la regi\u00f3n que contemple su valor ambiental y no solo una \u00f3ptica mercantil y extractivista. Por ello se acord\u00f3 establecer mesas de trabajo multisectoriales, multidisciplinarias, intersecretariales y convocar a los tres niveles de gobierno a fin de establecer las bases para un ordenamiento ecol\u00f3gico y territorial integral de la Pen\u00ednsula, abund\u00f3 Lara Galicia.<\/p>\n\n<p>Algunas de las dependencias que presentaron ante la organizaci\u00f3n el trabajo realizado en la Pen\u00ednsula fueron la Procuradur\u00eda Federal de Protecci\u00f3n al Ambiente (Profepa), la&nbsp; la Comisi\u00f3n Nacional de \u00c1reas Naturales Protegidas (Conanp), la Comisi\u00f3n Nacional Forestal (Conafor), as\u00ed como representantes de la Subsecretar\u00eda de Regulaci\u00f3n Ambiental, de la Subsecretar\u00eda de Biodiversidad y Restauraci\u00f3n Ambiental y de la Unidad de Proyectos Prioritarios, entre otros.<\/p>\n\n<p>Entre los retos que reconoci\u00f3 la autoridad ambiental est\u00e1 el tema de la turistificaci\u00f3n de la urbanizaci\u00f3n, las visiones distintas de cambio de usos de suelo entre los diferentes niveles de gobierno y las actualizaciones en materia de ordenamiento ecol\u00f3gico y territorial.<\/p>\n\n<p>Al respecto Greenpeace M\u00e9xico reiter\u00f3 la importancia de un trabajo interinstitucional que fortalezca el liderazgo de la Semarnat como autoridad ambiental federal para el establecimiento de pol\u00edticas p\u00fablicas que garanticen que, desde sus competencias, todas las \u00e1reas trabajen de manera integrada en blindar la Selva Maya de m\u00e1s y peores afectaciones ambientales.<\/p>\n\n<p>Sobre la mesa qued\u00f3 un punto fundamental planteado por Greenpeace en torno a la suspensi\u00f3n de nuevas autorizaciones de Impacto Ambiental de megaproyectos en tanto no se cuente con un ordenamiento ecol\u00f3gico y territorial que realmente proteja nuestro pulm\u00f3n verde de industrias como la inmobiliaria, la agroindustria, el turismo devastador y la infraestructura ferroviaria.<\/p>\n\n<p><\/p>\n\n<p>De igual forma los temas de Calica y Cemex se presentaron como una de las amenazas vigentes denunciadas ya por Greenpeace M\u00e9xico y ante lo que no hay una respuesta clara.<\/p>\n\n<p>Greenpeace toma con seriedad y compromiso la declaraci\u00f3n de Semarnat de considerarles como aliados en la defensa de la Selva Maya y dar\u00e1 seguimiento para que el trabajo conjunto para la protecci\u00f3n de la Pen\u00ednsula de Yucat\u00e1n sea una realidad.<\/p>\n","protected":false},"excerpt":{"rendered":"<p>Tras el despliegue de este mensaje desde una altura de 70 metros de altura, pidiendo a Semarnat salvar la Selva, se convoc\u00f3 a un di\u00e1logo.<\/p>\n","protected":false},"author":24,"featured_media":61259,"comment_status":"open","ping_status":"open","sticky":false,"template":"","format":"standard","meta":{"ep_exclude_from_search":false,"p4_og_title":"","p4_og_description":"","p4_og_image":"","p4_og_image_id":"","p4_seo_canonical_url":"","p4_campaign_name":"","p4_local_project":"","p4_basket_name":"","p4_department":"","footnotes":""},"categories":[40],"tags":[19,21,53],"p4-page-type":[16],"class_list":["post-61275","post","type-post","status-publish","format-standard","has-post-thumbnail","hentry","category-selva-maya","tag-deforestacion","tag-activismo","tag-perdida-de-ecosistemas","p4-page-type-informacion-prensa"],"_links":{"self":[{"href":"https:\/\/www.greenpeace.org\/mexico\/wp-json\/wp\/v2\/posts\/61275","targetHints":{"allow":["GET"]}}],"collection":[{"href":"https:\/\/www.greenpeace.org\/mexico\/wp-json\/wp\/v2\/posts"}],"about":[{"href":"https:\/\/www.greenpeace.org\/mexico\/wp-json\/wp\/v2\/types\/post"}],"author":[{"embeddable":true,"href":"https:\/\/www.greenpeace.org\/mexico\/wp-json\/wp\/v2\/users\/24"}],"replies":[{"embeddable":true,"href":"https:\/\/www.greenpeace.org\/mexico\/wp-json\/wp\/v2\/comments?post=61275"}],"version-history":[{"count":1,"href":"https:\/\/www.greenpeace.org\/mexico\/wp-json\/wp\/v2\/posts\/61275\/revisions"}],"predecessor-version":[{"id":61276,"href":"https:\/\/www.greenpeace.org\/mexico\/wp-json\/wp\/v2\/posts\/61275\/revisions\/61276"}],"wp:featuredmedia":[{"embeddable":true,"href":"https:\/\/www.greenpeace.org\/mexico\/wp-json\/wp\/v2\/media\/61259"}],"wp:attachment":[{"href":"https:\/\/www.greenpeace.org\/mexico\/wp-json\/wp\/v2\/media?parent=61275"}],"wp:term":[{"taxonomy":"category","embeddable":true,"href":"https:\/\/www.greenpeace.org\/mexico\/wp-json\/wp\/v2\/categories?post=61275"},{"taxonomy":"post_tag","embeddable":true,"href":"https:\/\/www.greenpeace.org\/mexico\/wp-json\/wp\/v2\/tags?post=61275"},{"taxonomy":"p4-page-type","embeddable":true,"href":"https:\/\/www.greenpeace.org\/mexico\/wp-json\/wp\/v2\/p4-page-type?post=61275"}],"curies":[{"name":"wp","href":"https:\/\/api.w.org\/{rel}","templated":true}]}}