{"id":61285,"date":"2025-09-25T14:35:03","date_gmt":"2025-09-25T19:35:03","guid":{"rendered":"https:\/\/www.greenpeace.org\/mexico\/?p=61285"},"modified":"2025-09-25T14:37:34","modified_gmt":"2025-09-25T19:37:34","slug":"organizaciones-exigimos-seguridad-flotilla-sumud","status":"publish","type":"post","link":"https:\/\/www.greenpeace.org\/mexico\/informacion-prensa\/61285\/organizaciones-exigimos-seguridad-flotilla-sumud\/","title":{"rendered":"313 Organizaciones y Colectivos Exigimos al Gobierno de M\u00e9xico Seguridad para la Flotilla Global Sumud"},"content":{"rendered":"\n<p>Las organizaciones y colectivos ambientales y clim\u00e1ticos que suscriben esta carta exigimos a la Secretar\u00eda de Relaciones Exteriores, encabezada por el Dr. Juan Ram\u00f3n de la Fuente, y al Gobierno de M\u00e9xico que demanden garant\u00edas de seguridad para la Flotilla Global Sumud y tomen acciones concretas contra el genocidio en Gaza. Esta flotilla civil se dirige a la Franja de Gaza con el objetivo de abrir un corredor humanitario y llevar ayuda, alimento y medicina para la poblaci\u00f3n palestina que est\u00e1 siendo v\u00edctima de un genocidio perpetrado por el Estado de Israel.<\/p>\n\n<p><br>Hacemos este llamado de forma urgente dado que la flotilla ha sido v\u00edctima de tres ataques militares directos e ilegales por parte del ej\u00e9rcito israel\u00ed. La madrugada del mi\u00e9rcoles 24 de septiembre ocurri\u00f3 el \u00faltimo de estos ataques, en el que se lanzaron 11 dispositivos explosivos a diversos barcos de la flotilla, averiando cuatro de ellos. A bordo de la flotilla viajan siete mexicanas y mexicanos, Carlos P\u00e9rez Osorio, Ernesto Ledezma Rodarte, Sol Gonz\u00e1lez Egu\u00eda, Arl\u00edn Gabriela Medrano Gait\u00e1n, Laura Alejandra Vel\u00e9z Ruiz Gait\u00e1n, Diego V\u00e1zquez Galindo y Miriam Moreno S\u00e1nchez (Mina Morsan), quien forma parte de nuestra comunidad y ha trabajado en distintas partes del pa\u00eds por la defensa del territorio.<\/p>\n\n<p><br>La impunidad del Estado de Israel ha sido la norma durante los \u00faltimos dos a\u00f1os y durante varias d\u00e9cadas. Sus reiteradas violaciones al derecho internacional dejan en entredicho la vigencia de los acuerdos internacionales y revelan un grave doble rasero que permite a ciertos pa\u00edses realizar actos de genocidio, catalogado as\u00ed por las Naciones Unidas y varias organizaciones internacionales dedicadas a la ayuda humanitaria y los derechos humanos, y de ocupaci\u00f3n ilegal.<\/p>\n\n<p><br>Como organizaciones dedicadas a la defensa de nuestros sistemas de vida, no podemos permanecer calladas ante cr\u00edmenes que ampl\u00edan los imaginarios de violencia y destrucci\u00f3n. Vemos en el Pueblo Palestino un sacrificio en favor de los intereses de naciones con m\u00e1s dinero y capacidad militar. Esa misma amenaza la vemos reflejada en el sacrificio que se impone para la extracci\u00f3n de combustibles f\u00f3siles o los proyectos que desplazan, envenenan y matan con la promesa de desarrollo.<\/p>\n\n<p><br>Celebramos que en la conferencia matutina del 22 de septiembre, por primera vez, la presidenta haya mencionado los actos de agresi\u00f3n de Israel como lo que son: un genocidio. Pero el reconocimiento de un genocidio debe venir acompa\u00f1ado de acciones concretas y directas ante la gravedad de lo que se denuncia. No se puede moralmente reconocer las intenciones y acciones de exterminio contra una poblaci\u00f3n y continuar las relaciones sin alteraci\u00f3n alguna con el perpetrador. <\/p>\n\n<p>Instamos a la presidenta Claudia Sheinbaum y a su gobierno a actuar en consecuencia con sus palabras y el humanismo que predican. M\u00e9xico debe sumarse al grupo de pa\u00edses que est\u00e1n imponiendo sanciones y llevando a cabo acciones que buscan detener a Israel. La historia juzgar\u00e1 con severidad a aquellos que desde la inacci\u00f3n fueron c\u00f3mplices de los horrores que como humanidad nos hab\u00edamos prometido que nunca volver\u00edan a ocurrir.<\/p>\n\n<p><br>Seguridad para la Flotilla Global Sumud &#8211; Rompimiento de relaciones diplom\u00e1ticas con Israel. <a href=\"https:\/\/drive.google.com\/file\/d\/1-TGrUm9OwPYCpS5jy9sYEM7MeVscksxw\/view\" data-type=\"link\" data-id=\"https:\/\/drive.google.com\/file\/d\/1-TGrUm9OwPYCpS5jy9sYEM7MeVscksxw\/view\">Link a firmas.<\/a><\/p>\n\n<p><\/p>\n","protected":false},"excerpt":{"rendered":"<p>Greenpeace M\u00e9xico se suma al llamado mundial de protecci\u00f3n para la Flotilla civil Global Sumud, que se dirige a la Franja de Gaza.<\/p>\n","protected":false},"author":84,"featured_media":61287,"comment_status":"open","ping_status":"open","sticky":false,"template":"","format":"standard","meta":{"ep_exclude_from_search":false,"p4_og_title":"Llamado urgente a la solidaridad internacional para frenar los ataques contra la Flotilla civil Sumud.","p4_og_description":"Al momento, la Flotilla Sumud ha sufrido tres embates del ej\u00e9rcito israel\u00ed, violando abiertamente las normas que rigen el derecho internacional. Sigue leyendo.","p4_og_image":"https:\/\/www.greenpeace.org\/static\/planet4-mexico-stateless\/2025\/08\/c15c02d8-rainbow-warrior-barco-greenpeace.jpg","p4_og_image_id":"60578","p4_seo_canonical_url":"","p4_campaign_name":"","p4_local_project":"","p4_basket_name":"","p4_department":"","footnotes":""},"categories":[43],"tags":[21,49],"p4-page-type":[16],"class_list":["post-61285","post","type-post","status-publish","format-standard","has-post-thumbnail","hentry","category-sobre-greenpeace","tag-activismo","tag-derechos-humanos","p4-page-type-informacion-prensa"],"_links":{"self":[{"href":"https:\/\/www.greenpeace.org\/mexico\/wp-json\/wp\/v2\/posts\/61285","targetHints":{"allow":["GET"]}}],"collection":[{"href":"https:\/\/www.greenpeace.org\/mexico\/wp-json\/wp\/v2\/posts"}],"about":[{"href":"https:\/\/www.greenpeace.org\/mexico\/wp-json\/wp\/v2\/types\/post"}],"author":[{"embeddable":true,"href":"https:\/\/www.greenpeace.org\/mexico\/wp-json\/wp\/v2\/users\/84"}],"replies":[{"embeddable":true,"href":"https:\/\/www.greenpeace.org\/mexico\/wp-json\/wp\/v2\/comments?post=61285"}],"version-history":[{"count":1,"href":"https:\/\/www.greenpeace.org\/mexico\/wp-json\/wp\/v2\/posts\/61285\/revisions"}],"predecessor-version":[{"id":61288,"href":"https:\/\/www.greenpeace.org\/mexico\/wp-json\/wp\/v2\/posts\/61285\/revisions\/61288"}],"wp:featuredmedia":[{"embeddable":true,"href":"https:\/\/www.greenpeace.org\/mexico\/wp-json\/wp\/v2\/media\/61287"}],"wp:attachment":[{"href":"https:\/\/www.greenpeace.org\/mexico\/wp-json\/wp\/v2\/media?parent=61285"}],"wp:term":[{"taxonomy":"category","embeddable":true,"href":"https:\/\/www.greenpeace.org\/mexico\/wp-json\/wp\/v2\/categories?post=61285"},{"taxonomy":"post_tag","embeddable":true,"href":"https:\/\/www.greenpeace.org\/mexico\/wp-json\/wp\/v2\/tags?post=61285"},{"taxonomy":"p4-page-type","embeddable":true,"href":"https:\/\/www.greenpeace.org\/mexico\/wp-json\/wp\/v2\/p4-page-type?post=61285"}],"curies":[{"name":"wp","href":"https:\/\/api.w.org\/{rel}","templated":true}]}}