{"id":61351,"date":"2025-10-03T15:22:19","date_gmt":"2025-10-03T20:22:19","guid":{"rendered":"https:\/\/www.greenpeace.org\/mexico\/?p=61351"},"modified":"2025-10-03T15:22:24","modified_gmt":"2025-10-03T20:22:24","slug":"no-a-las-reformas-a-la-ley-de-amparo","status":"publish","type":"post","link":"https:\/\/www.greenpeace.org\/mexico\/informacion-prensa\/61351\/no-a-las-reformas-a-la-ley-de-amparo\/","title":{"rendered":"No a las reformas a la Ley de Amparo"},"content":{"rendered":"\n<ul class=\"wp-block-list\">\n<li><strong>Limita la participaci\u00f3n de la sociedad civil<\/strong><\/li>\n\n\n\n<li><strong>Acotar el inter\u00e9s leg\u00edtimo es un retroceso, C\u00e1mara de Diputados no debe aprobar la reforma en los t\u00e9rminos actuales<\/strong><\/li>\n<\/ul>\n\n<p><strong>La degradaci\u00f3n del medio ambiente nos afecta a todas y todos, su defensa en el \u00e1mbito legal tambi\u00e9n nos compete como sociedad, es decir, tenemos inter\u00e9s leg\u00edtimo, sin embargo, este derecho hoy se ve amenazado. <\/strong><\/p>\n\n<p>Desde Greenpeace M\u00e9xico expresamos nuestra preocupaci\u00f3n ante las reformas planteadas en la Ley de Amparo aprobada por el Senado de la Rep\u00fablica respecto a la figura del inter\u00e9s leg\u00edtimo.<\/p>\n\n<p>El inter\u00e9s leg\u00edtimo es una herramienta que ampl\u00eda la base social que puede acceder a juicio, en ese sentido como una organizaci\u00f3n de la sociedad civil organizada Greenpeace M\u00e9xico hace un llamado a la C\u00e1mara de Diputados, siguiente c\u00e1mara a revisar este tema y contemplar los alcances y pertinencia o no de la reforma.<\/p>\n\n<p>En los t\u00e9rminos aprobados se puede traducir en una limitaci\u00f3n al acceso a la justicia y coloca en un mayor estado de indefensi\u00f3n a comunidades y colectivos frente a los abusos de poder.<\/p>\n\n<p>En torno a las modificaciones a la Ley de Amparo aprobadas por el Senado de la Rep\u00fablica el reci\u00e9n 01 de octubre, resaltamos que desde un primer momento diferentes voces\u00a0 alertamos sobre partes cuestionables de la iniciativa y particularmente desde Greenpeace M\u00e9xico enfatizamos que el foco rojo principal se encuentra en lo relativo a la introducci\u00f3n de un p\u00e1rrafo que supuestamente precisa al inter\u00e9s leg\u00edtimo, pero que falla al incorporar mayores elementos en una definici\u00f3n ya existente y termina por limitar sus alcances.<\/p>\n\n<p>Junto con otras asociaciones, Greenpeace M\u00e9xico particip\u00f3 en el Parlamento abierto convocado en el Senado y expuso que el inter\u00e9s leg\u00edtimo es la puerta entreabierta que tiene la ciudadan\u00eda para acceder al amparo, y est\u00e1 siendo restringida y al hacerlo se trastoca el esp\u00edritu al cual responde su incorporaci\u00f3n en la legislaci\u00f3n de amparo, que es dar la posibilidad a m\u00e1s personas, entre ellas a colectivos, a acceder a este mecanismo para proteger derechos.<\/p>\n\n<p> No hay cabida para la reforma en la definici\u00f3n del inter\u00e9s leg\u00edtimo en la Ley de Amparo puesto que las implicaciones en acotar el acceso a la justicia de las personas no se justifica.<\/p>\n\n<p>Si bien los legisladores trabajaron en una redacci\u00f3n que puede sonar m\u00e1s aceptable, desde Greenpeace advertimos que sigue siendo insuficiente para respetar la capacidad del inter\u00e9s leg\u00edtimo de ampliar la posibilidad de acceso a la justicia de las personas y dar cobijo a los derechos colectivos.<\/p>\n\n<p>De la definici\u00f3n ajustada es preocupante que no aporta a un Derecho m\u00e1s cercano a la poblaci\u00f3n al complicar la comprensi\u00f3n de una figura de por s\u00ed compleja, agregando m\u00e1s temas a su descripci\u00f3n, as\u00ed como que no parece reparar en el impacto que esto puede\u00a0tener en la pr\u00e1ctica,\u00a0donde se discuten en juicio las mejoras en las condiciones de vida de las personas concretas.<\/p>\n\n<p>No es posible que se pretenda que para ampliar la protecci\u00f3n de derechos, la v\u00eda es disminuir los accesos. Por ello pedimos a la C\u00e1mara de Diputados respeto a las caracter\u00edsticas que hacen valioso el inter\u00e9s leg\u00edtimo como una herramienta que ampl\u00eda la base social que puede acceder a juicio.<\/p>\n\n<p>Asimismo, manifestamos nuestra extra\u00f1eza y preocupaci\u00f3n por la introducci\u00f3n de \u00faltimo momento de un art\u00edculo transitorio que contraviene la Constituci\u00f3n, al permitir que una ley pueda ser aplicada retroactivamente en perjuicio de las personas; sin que tampoco se advierta una reflexi\u00f3n seria sobre las graves implicaciones que dicha medida tendr\u00eda en la pr\u00e1ctica de ser aplicada como se aprob\u00f3. Tomamos atenta nota de lo dicho por la presidenta de la Rep\u00fablica en su conferencia matutina del 02 de octubre, en el sentido de que la iniciativa original no contemplaba dicho art\u00edculo transitorio. Estamos de acuerdo con su declaraci\u00f3n en el sentido de que el respeto a la Constituci\u00f3n es primordial y hacemos un llamado a la C\u00e1mara de Senadores para que p\u00fablicamente explique lo ocurrido y a la C\u00e1mara de Diputados a que revise con responsabilidad ese punto y, en caso de que contravenga al texto constitucional, lo enmiende de inmediato.<\/p>\n","protected":false},"excerpt":{"rendered":"<p>La sociedad tenemos inter\u00e9s leg\u00edtimo en la defensa del medio ambiente, las leyes lo deben respetar <\/p>\n","protected":false},"author":24,"featured_media":59771,"comment_status":"open","ping_status":"open","sticky":false,"template":"","format":"standard","meta":{"ep_exclude_from_search":false,"p4_og_title":"","p4_og_description":"","p4_og_image":"","p4_og_image_id":"","p4_seo_canonical_url":"","p4_campaign_name":"","p4_local_project":"not set","p4_basket_name":"","p4_department":"","footnotes":""},"categories":[43],"tags":[21,49],"p4-page-type":[16],"class_list":["post-61351","post","type-post","status-publish","format-standard","has-post-thumbnail","hentry","category-sobre-greenpeace","tag-activismo","tag-derechos-humanos","p4-page-type-informacion-prensa"],"_links":{"self":[{"href":"https:\/\/www.greenpeace.org\/mexico\/wp-json\/wp\/v2\/posts\/61351","targetHints":{"allow":["GET"]}}],"collection":[{"href":"https:\/\/www.greenpeace.org\/mexico\/wp-json\/wp\/v2\/posts"}],"about":[{"href":"https:\/\/www.greenpeace.org\/mexico\/wp-json\/wp\/v2\/types\/post"}],"author":[{"embeddable":true,"href":"https:\/\/www.greenpeace.org\/mexico\/wp-json\/wp\/v2\/users\/24"}],"replies":[{"embeddable":true,"href":"https:\/\/www.greenpeace.org\/mexico\/wp-json\/wp\/v2\/comments?post=61351"}],"version-history":[{"count":2,"href":"https:\/\/www.greenpeace.org\/mexico\/wp-json\/wp\/v2\/posts\/61351\/revisions"}],"predecessor-version":[{"id":61355,"href":"https:\/\/www.greenpeace.org\/mexico\/wp-json\/wp\/v2\/posts\/61351\/revisions\/61355"}],"wp:featuredmedia":[{"embeddable":true,"href":"https:\/\/www.greenpeace.org\/mexico\/wp-json\/wp\/v2\/media\/59771"}],"wp:attachment":[{"href":"https:\/\/www.greenpeace.org\/mexico\/wp-json\/wp\/v2\/media?parent=61351"}],"wp:term":[{"taxonomy":"category","embeddable":true,"href":"https:\/\/www.greenpeace.org\/mexico\/wp-json\/wp\/v2\/categories?post=61351"},{"taxonomy":"post_tag","embeddable":true,"href":"https:\/\/www.greenpeace.org\/mexico\/wp-json\/wp\/v2\/tags?post=61351"},{"taxonomy":"p4-page-type","embeddable":true,"href":"https:\/\/www.greenpeace.org\/mexico\/wp-json\/wp\/v2\/p4-page-type?post=61351"}],"curies":[{"name":"wp","href":"https:\/\/api.w.org\/{rel}","templated":true}]}}