{"id":61381,"date":"2025-10-09T21:57:10","date_gmt":"2025-10-10T02:57:10","guid":{"rendered":"https:\/\/www.greenpeace.org\/mexico\/?p=61381"},"modified":"2025-10-09T22:01:09","modified_gmt":"2025-10-10T03:01:09","slug":"gaza-justicia-social-justicia-ambiental","status":"publish","type":"post","link":"https:\/\/www.greenpeace.org\/mexico\/blog\/61381\/gaza-justicia-social-justicia-ambiental\/","title":{"rendered":"Gaza: por qu\u00e9 la justicia social empieza por la justicia ambiental"},"content":{"rendered":"\n<p>A dos a\u00f1os del estallido de la <strong>guerra <\/strong>entre Israel y Palestina, y del inicio del genocidio contra el pueblo palestino, <strong>Gaza <\/strong>&nbsp;sufre una cat\u00e1strofe humanitaria. M\u00e1s de 40 mil personas han perdido la vida, millones han sido desplazadas, y quienes a\u00fan resisten lo hacen sin agua, sin alimentos y sin un medioambiente sano para vivir porque&nbsp; tambi\u00e9n hay una devastaci\u00f3n ecol\u00f3gica sin precedentes.&nbsp;<\/p>\n\n<div class=\"wp-block-media-text is-stacked-on-mobile\"><figure class=\"wp-block-media-text__media\"><img loading=\"lazy\" decoding=\"async\" width=\"768\" height=\"1024\" src=\"https:\/\/www.greenpeace.org\/static\/planet4-mexico-stateless\/2025\/10\/5c6cbe68-macro2-768x1024.png\" alt=\"Palestina libre\" sizes=\"auto, (min-width: 1600px) calc((1320px - 24px) \/ 2),(min-width: 1200px) calc((1140px - 24px) \/ 2),(min-width: 992px) calc((960px - 24px) \/ 2),(min-width: 768px) calc((720px - 24px) \/ 2),(min-width: 601px) calc((540px - 24px) \/ 2),(min-width: 577px) calc((540px - 24px) \/ 1), calc(100vw - 24px)\" srcset=\"https:\/\/www.greenpeace.org\/static\/planet4-mexico-stateless\/2025\/10\/5c6cbe68-macro2.png 1080w, https:\/\/www.greenpeace.org\/static\/planet4-mexico-stateless\/2025\/10\/5c6cbe68-macro2-225x300.png 225w, https:\/\/www.greenpeace.org\/static\/planet4-mexico-stateless\/2025\/10\/5c6cbe68-macro2-768x1024.png 768w, https:\/\/www.greenpeace.org\/static\/planet4-mexico-stateless\/2025\/10\/5c6cbe68-macro2-1025x1366.png 1025w, https:\/\/www.greenpeace.org\/static\/planet4-mexico-stateless\/2025\/10\/5c6cbe68-macro2-255x340.png 255w\" class=\"wp-image-61382 size-full\"\/><\/figure><div class=\"wp-block-media-text__content\">\n<h2 class=\"wp-block-heading has-medium-font-size\">Hoy, la sociedad y el medio ambiente est\u00e1n en crisis.<\/h2>\n\n\n\n<p><\/p>\n\n\n\n<p>Greenpeace, como una organizaci\u00f3n que lucha por la vida y la justicia no podr\u00eda hablar solo de <a href=\"https:\/\/www.tierra.org\/ecocidio-en-palestina-los-impactos-ambientales-genocidio-de-israel-sobre-gaza\/\" target=\"_blank\" rel=\"noreferrer noopener nofollow\"><strong>impactos ambientales de la guerra entre Israel y Palestina<\/strong><\/a>, ser\u00eda quedarnos cortos ante el atropellamiento social, pero ambas, lucha social y justicia ambiental,&nbsp; van de la mano.<\/p>\n<\/div><\/div>\n\n<h2 class=\"wp-block-heading\"><strong>\u00bfC\u00f3mo se relaciona la justicia ambiental con la justicia social?<\/strong><\/h2>\n\n<p>La lucha ambiental y la social se interceptan entre s\u00ed, ya que para vivir en plenitud, el ser humano no solo necesita garantizar sus derechos, sino tambi\u00e9n un medio ambiente seguro y limpio donde habitar.<\/p>\n\n<p>Desde Greenpeace, alzamos la voz porque creemos que la <strong>lucha ambiental<\/strong> debe ser interseccional, es decir que se entrelaza y tiene impacto en lo social y en lo cotidiano. <a href=\"https:\/\/www.greenpeace.org\/international\/press-release\/78947\/greenpeace-calls-for-international-support-of-global-sumud-flotilla\/\" target=\"_blank\" rel=\"noreferrer noopener\"><strong>Lo que ocurre en Gaza<\/strong><\/a> es una expresi\u00f3n de c\u00f3mo la guerra, el extractivismo y la desigualdad operan como un mecanismo de violencia.<\/p>\n\n<figure class=\"wp-block-image\"><img loading=\"lazy\" decoding=\"async\" width=\"1200\" height=\"800\" src=\"https:\/\/www.greenpeace.org\/static\/planet4-mexico-stateless\/2025\/10\/ff81708f-gp0su5w2i.jpg\" title=\"Peaceful Protest to \u201cStop Genocide, Peace Now\u201d at US Embassy in Jakarta. \u00a9 Dhemas Reviyanto \/ Greenpeace\" alt=\"Peaceful Protest to \u201cStop Genocide, Peace Now\u201d at US Embassy in Jakarta. \u00a9 Dhemas Reviyanto \/ Greenpeace\" class=\"wp-image-61385\" srcset=\"https:\/\/www.greenpeace.org\/static\/planet4-mexico-stateless\/2025\/10\/ff81708f-gp0su5w2i.jpg 1200w, https:\/\/www.greenpeace.org\/static\/planet4-mexico-stateless\/2025\/10\/ff81708f-gp0su5w2i-300x200.jpg 300w, https:\/\/www.greenpeace.org\/static\/planet4-mexico-stateless\/2025\/10\/ff81708f-gp0su5w2i-1024x683.jpg 1024w, https:\/\/www.greenpeace.org\/static\/planet4-mexico-stateless\/2025\/10\/ff81708f-gp0su5w2i-768x512.jpg 768w, https:\/\/www.greenpeace.org\/static\/planet4-mexico-stateless\/2025\/10\/ff81708f-gp0su5w2i-510x340.jpg 510w\" sizes=\"auto, (max-width: 1200px) 100vw, 1200px\" \/><figcaption><div class=\"credit icon-left\"> \u00a9 Dhemas Reviyanto \/ Greenpeace<\/div><\/figcaption><\/figure>\n\n<h3 class=\"wp-block-heading\"><strong>Ecosistemas en Gaza: una cat\u00e1strofe sostenida<\/strong><\/h3>\n\n<p>Es importante precisar que la devastaci\u00f3n ambiental en Gaza no comenz\u00f3 en octubre de 2023. Un informe de la Agencia de las Naciones Unidas para los Refugiados de Palestina en Oriente Pr\u00f3ximo, (UNRWA por sus siglas en ingl\u00e9s) publicado en mayo de 2025, advierte que los <a href=\"https:\/\/unrwa.es\/defensorasdelatierra\/INFORME_CAST.pdf\" target=\"_blank\" rel=\"noreferrer noopener nofollow\"><strong>ecosistemas de Gaza<\/strong><\/a> han estado en riesgo desde 2007 por las ofensivas militares constantes.&nbsp;<\/p>\n\n<p>A esto se suma la r\u00e1pida urbanizaci\u00f3n, la alt\u00edsima densidad de poblaci\u00f3n y un contexto pol\u00edtico que hace casi imposible adaptarse a los <strong>impactos del cambio clim\u00e1tico<\/strong>. Por eso, la guerra ha profundizado todas estas vulnerabilidades, dejando al territorio al borde del colapso ecol\u00f3gico.<\/p>\n\n<figure class=\"wp-block-image\"><img loading=\"lazy\" decoding=\"async\" width=\"1200\" height=\"798\" src=\"https:\/\/www.greenpeace.org\/static\/planet4-mexico-stateless\/2025\/10\/1321855e-gp0stzgup.jpg\" title=\"Gaza: Ceasefire Now - Action in Madrid. \u00a9 Mario Gomez \/ Greenpeace\" alt=\"Gaza: Ceasefire Now - Action in Madrid. \u00a9 Mario Gomez \/ Greenpeace\" class=\"wp-image-61386\" srcset=\"https:\/\/www.greenpeace.org\/static\/planet4-mexico-stateless\/2025\/10\/1321855e-gp0stzgup.jpg 1200w, https:\/\/www.greenpeace.org\/static\/planet4-mexico-stateless\/2025\/10\/1321855e-gp0stzgup-300x200.jpg 300w, https:\/\/www.greenpeace.org\/static\/planet4-mexico-stateless\/2025\/10\/1321855e-gp0stzgup-1024x681.jpg 1024w, https:\/\/www.greenpeace.org\/static\/planet4-mexico-stateless\/2025\/10\/1321855e-gp0stzgup-768x511.jpg 768w, https:\/\/www.greenpeace.org\/static\/planet4-mexico-stateless\/2025\/10\/1321855e-gp0stzgup-510x340.jpg 510w\" sizes=\"auto, (max-width: 1200px) 100vw, 1200px\" \/><figcaption><div class=\"credit icon-left\"> \u00a9 Mario Gomez \/ Greenpeace<\/div><\/figcaption><\/figure>\n\n<p>Esta destrucci\u00f3n no solo es producto directo de los bombardeos. Ante la falta de energ\u00eda, la poblaci\u00f3n ha tenido que talar \u00e1rboles para poder cocinar o calentarse&nbsp; durante el invierno porque al haber un Estado ausente y ante una situaci\u00f3n extrema en donde no se garantizan ni los m\u00e1s elementales derechos, como el derecho a la vida,&nbsp; la conciencia ecol\u00f3gica se queda en segundo plano.<\/p>\n\n<h2 class=\"wp-block-heading\"><strong>Genocio y ecocidio en Gaza: la opresi\u00f3n ambiental<\/strong><\/h2>\n\n<p>En Gaza, la violencia que destruye la tierra tambi\u00e9n destruye los cuerpos, las comunidades y los modos de vida. La ocupaci\u00f3n israel\u00ed no solo arrebata derechos humanos fundamentales, sino tambi\u00e9n <strong>derechos ecol\u00f3gicos<\/strong> b\u00e1sicos como el acceso al aire, agua y suelos limpios.<\/p>\n\n<p>La guerra en Gaza no solo es genocida, tambi\u00e9n es <a href=\"https:\/\/www.tni.org\/es\/art%C3%ADculo\/ecocidio-imperialismo-y-la-liberacion-de-palestina\" target=\"_blank\" rel=\"noreferrer noopener nofollow\"><strong>ecocida<\/strong><\/a>, y el ecocidio en este contexto es una estrategia de dominaci\u00f3n. Cuando se bombardean granjas y <a href=\"https:\/\/es.greenpeace.org\/es\/noticias\/una-tierra-arrasada-gaza-sera-inhabitable-para-las-proximas-generaciones\/\" target=\"_blank\" rel=\"noreferrer noopener\"><strong>olivos<\/strong><\/a>, se envenena el suelo o se impide el acceso a vertederos de basura, no se trata solo de &#8220;da\u00f1o colateral ambiental&#8221;, sino de un ataque directo a la posibilidad misma de vivir.<\/p>\n\n<p>Desde esta perspectiva, hablar de justicia ambiental sin justicia social es imposible, y la opresi\u00f3n ambiental no es un tema aislado sino una consecuencia directa de la devastaci\u00f3n en todos los sentidos.<\/p>\n\n<p>Uno de los valores fundamentales de Greenpeace es la <a href=\"https:\/\/es.greenpeace.org\/es\/sala-de-prensa\/comunicados\/gaza-declaracion-de-greenpeace\/\" target=\"_blank\" rel=\"noreferrer noopener\"><strong>no violencia<\/strong><\/a>, no solo como una forma de acci\u00f3n directa, sino como un principio \u00e9tico que gu\u00eda nuestra relaci\u00f3n con el planeta y con las personas que lo habitan.&nbsp;<\/p>\n\n<figure class=\"wp-block-image\"><img loading=\"lazy\" decoding=\"async\" width=\"1200\" height=\"900\" src=\"https:\/\/www.greenpeace.org\/static\/planet4-mexico-stateless\/2025\/10\/43739916-gp0su5f0u.jpg\" title=\"Fountains Dyed Blood Red in Support of Palestinians in Madrid. \u00a9 Pedro Armestre \/ Greenpeace\" alt=\"Fountains Dyed Blood Red in Support of Palestinians in Madrid. \u00a9 Pedro Armestre \/ Greenpeace\" class=\"wp-image-61387\" srcset=\"https:\/\/www.greenpeace.org\/static\/planet4-mexico-stateless\/2025\/10\/43739916-gp0su5f0u.jpg 1200w, https:\/\/www.greenpeace.org\/static\/planet4-mexico-stateless\/2025\/10\/43739916-gp0su5f0u-300x225.jpg 300w, https:\/\/www.greenpeace.org\/static\/planet4-mexico-stateless\/2025\/10\/43739916-gp0su5f0u-1024x768.jpg 1024w, https:\/\/www.greenpeace.org\/static\/planet4-mexico-stateless\/2025\/10\/43739916-gp0su5f0u-768x576.jpg 768w, https:\/\/www.greenpeace.org\/static\/planet4-mexico-stateless\/2025\/10\/43739916-gp0su5f0u-453x340.jpg 453w\" sizes=\"auto, (max-width: 1200px) 100vw, 1200px\" \/><figcaption><div class=\"credit icon-left\"> \u00a9 Pedro Armestre \/ Greenpeace<\/div><\/figcaption><\/figure>\n\n<p>Creemos que no puede haber paz verdadera mientras se destruyan ecosistemas, se silencien pueblos o se sacrifiquen vidas. Por eso, hacemos un llamado urgente a proteger el clima, la vida y el futuro, entendiendo que defender el planeta es tambi\u00e9n defender la posibilidad de un presente y un futuro digno para las personas en cualquier parte del mundo.<\/p>\n\n<p>Y por eso, hoy m\u00e1s que nunca, alzamos la voz por Gaza, porque defender la vida tambi\u00e9n es defender los ecosistemas que la sostienen.<\/p>\n\n<p><\/p>\n","protected":false},"excerpt":{"rendered":"<p>A dos a\u00f1os del estallido de la guerra entre Israel y Palestina, y del inicio del genocidio contra el pueblo palestino, Gaza &nbsp;sufre una cat\u00e1strofe humanitaria. M\u00e1s de 40 mil&hellip;<\/p>\n","protected":false},"author":83,"featured_media":61382,"comment_status":"closed","ping_status":"open","sticky":false,"template":"","format":"standard","meta":{"ep_exclude_from_search":false,"p4_og_title":"Gaza sufre un genocidio y un ecocidio | Greenpeace","p4_og_description":"La violencia arrasa comunidades y naturaleza. Defender la vida tambi\u00e9n es defender los ecosistemas que la sostienen.","p4_og_image":"https:\/\/www.greenpeace.org\/static\/planet4-mexico-stateless\/2025\/10\/5c6cbe68-macro2.png","p4_og_image_id":"61382","p4_seo_canonical_url":"","p4_campaign_name":"","p4_local_project":"","p4_basket_name":"","p4_department":"","footnotes":""},"categories":[43],"tags":[21],"p4-page-type":[14],"class_list":["post-61381","post","type-post","status-publish","format-standard","has-post-thumbnail","hentry","category-sobre-greenpeace","tag-activismo","p4-page-type-blog"],"_links":{"self":[{"href":"https:\/\/www.greenpeace.org\/mexico\/wp-json\/wp\/v2\/posts\/61381","targetHints":{"allow":["GET"]}}],"collection":[{"href":"https:\/\/www.greenpeace.org\/mexico\/wp-json\/wp\/v2\/posts"}],"about":[{"href":"https:\/\/www.greenpeace.org\/mexico\/wp-json\/wp\/v2\/types\/post"}],"author":[{"embeddable":true,"href":"https:\/\/www.greenpeace.org\/mexico\/wp-json\/wp\/v2\/users\/83"}],"replies":[{"embeddable":true,"href":"https:\/\/www.greenpeace.org\/mexico\/wp-json\/wp\/v2\/comments?post=61381"}],"version-history":[{"count":4,"href":"https:\/\/www.greenpeace.org\/mexico\/wp-json\/wp\/v2\/posts\/61381\/revisions"}],"predecessor-version":[{"id":61391,"href":"https:\/\/www.greenpeace.org\/mexico\/wp-json\/wp\/v2\/posts\/61381\/revisions\/61391"}],"wp:featuredmedia":[{"embeddable":true,"href":"https:\/\/www.greenpeace.org\/mexico\/wp-json\/wp\/v2\/media\/61382"}],"wp:attachment":[{"href":"https:\/\/www.greenpeace.org\/mexico\/wp-json\/wp\/v2\/media?parent=61381"}],"wp:term":[{"taxonomy":"category","embeddable":true,"href":"https:\/\/www.greenpeace.org\/mexico\/wp-json\/wp\/v2\/categories?post=61381"},{"taxonomy":"post_tag","embeddable":true,"href":"https:\/\/www.greenpeace.org\/mexico\/wp-json\/wp\/v2\/tags?post=61381"},{"taxonomy":"p4-page-type","embeddable":true,"href":"https:\/\/www.greenpeace.org\/mexico\/wp-json\/wp\/v2\/p4-page-type?post=61381"}],"curies":[{"name":"wp","href":"https:\/\/api.w.org\/{rel}","templated":true}]}}