{"id":61411,"date":"2025-10-11T20:15:34","date_gmt":"2025-10-12T01:15:34","guid":{"rendered":"https:\/\/www.greenpeace.org\/mexico\/?p=61411"},"modified":"2025-10-11T20:15:40","modified_gmt":"2025-10-12T01:15:40","slug":"marcha-cdmx-clima-vida-futuro","status":"publish","type":"post","link":"https:\/\/www.greenpeace.org\/mexico\/blog\/61411\/marcha-cdmx-clima-vida-futuro\/","title":{"rendered":"Marcha por el Clima, la Vida y el Futuro: la indignaci\u00f3n de un pueblo cansado del extractivismo y la devastaci\u00f3n"},"content":{"rendered":"\n<figure class=\"wp-block-image size-large\"><img loading=\"lazy\" decoding=\"async\" width=\"1024\" height=\"683\" src=\"https:\/\/www.greenpeace.org\/static\/planet4-mexico-stateless\/2025\/10\/5f3d46fd-marcha-por-la-vida-ih-020-1024x683.jpg\" alt=\"Fotograf\u00eda de la marcha por el clima, la vida y el futuro\" class=\"wp-image-61419\" srcset=\"https:\/\/www.greenpeace.org\/static\/planet4-mexico-stateless\/2025\/10\/5f3d46fd-marcha-por-la-vida-ih-020-1024x683.jpg 1024w, https:\/\/www.greenpeace.org\/static\/planet4-mexico-stateless\/2025\/10\/5f3d46fd-marcha-por-la-vida-ih-020-300x200.jpg 300w, https:\/\/www.greenpeace.org\/static\/planet4-mexico-stateless\/2025\/10\/5f3d46fd-marcha-por-la-vida-ih-020-768x512.jpg 768w, https:\/\/www.greenpeace.org\/static\/planet4-mexico-stateless\/2025\/10\/5f3d46fd-marcha-por-la-vida-ih-020-1536x1024.jpg 1536w, https:\/\/www.greenpeace.org\/static\/planet4-mexico-stateless\/2025\/10\/5f3d46fd-marcha-por-la-vida-ih-020-2048x1366.jpg 2048w, https:\/\/www.greenpeace.org\/static\/planet4-mexico-stateless\/2025\/10\/5f3d46fd-marcha-por-la-vida-ih-020-510x340.jpg 510w\" sizes=\"auto, (max-width: 1024px) 100vw, 1024px\" \/><\/figure>\n\n<p>Este 11 de octubre, la indignaci\u00f3n y el cansancio ante la crisis clim\u00e1tica, as\u00ed como la ineficiencia de nuestros funcionarios p\u00fablicos, se materializan en miles de voces que llenar\u00e1n las calles para exigir lo que la Tierra y las generaciones futuras nos est\u00e1n pidiendo a gritos: <strong>acci\u00f3n real frente a la crisis clim\u00e1tica<\/strong>.<br>La <em>Marcha por el Clima, la Vida y el Futuro<\/em> es un espacio de esperanza, desobediencia civil y uni\u00f3n para recordar que el cambio no vendr\u00e1 desde arriba, sino desde la fuerza de la sociedad y sus pueblos.<\/p>\n\n<p>Desde <strong>Greenpeace M\u00e9xico<\/strong> nos sumamos con entusiasmo y alegr\u00eda al lado de quienes defienden la vida, pero tambi\u00e9n desde el sentido de urgencia y la necesidad de actuar a su favor: <strong>alzar nuestras voces y exigir el fin de la destrucci\u00f3n ambiental, la injusticia ecol\u00f3gica, la p\u00e9rdida de biodiversidad y los modelos energ\u00e9ticos que ponen en riesgo nuestro futuro.<\/strong><\/p>\n\n<h2 class=\"wp-block-heading\"><strong>No hay tiempo que perder<\/strong><\/h2>\n\n<p>Las se\u00f1ales son claras: la crisis clim\u00e1tica ya est\u00e1 aqu\u00ed. Huracanes cada vez m\u00e1s violentos que vulneran comunidades, incendios que devastan hogares, sequ\u00edas que dejan sin agua a miles, aumento en el nivel del mar que desplaza pueblos enteros, inundaciones que colapsan nuestras ciudades, p\u00e9rdida de biodiversidad como nunca en la historia&#8230; Pero hablar de la crisis tambi\u00e9n implica <strong>reconocer siglos de colonialismo extractivista<\/strong> que han convertido nuestros territorios en campos de saqueo, impidiendo que la Tierra siga nutriendo la vida.<\/p>\n\n<figure class=\"wp-block-image size-large\"><img loading=\"lazy\" decoding=\"async\" width=\"1024\" height=\"683\" src=\"https:\/\/www.greenpeace.org\/static\/planet4-mexico-stateless\/2025\/10\/00225303-marcha-por-la-vida-ih-045-1024x683.jpg\" alt=\"Marcha por el clima, la vida y el futuro. Cartel que dice: La revoluci\u00f3n serpa en defensa de la Tierra o no habr\u00e1 en d\u00f3nde hacerla.\" class=\"wp-image-61420\" srcset=\"https:\/\/www.greenpeace.org\/static\/planet4-mexico-stateless\/2025\/10\/00225303-marcha-por-la-vida-ih-045-1024x683.jpg 1024w, https:\/\/www.greenpeace.org\/static\/planet4-mexico-stateless\/2025\/10\/00225303-marcha-por-la-vida-ih-045-300x200.jpg 300w, https:\/\/www.greenpeace.org\/static\/planet4-mexico-stateless\/2025\/10\/00225303-marcha-por-la-vida-ih-045-768x512.jpg 768w, https:\/\/www.greenpeace.org\/static\/planet4-mexico-stateless\/2025\/10\/00225303-marcha-por-la-vida-ih-045-1536x1024.jpg 1536w, https:\/\/www.greenpeace.org\/static\/planet4-mexico-stateless\/2025\/10\/00225303-marcha-por-la-vida-ih-045-2048x1366.jpg 2048w, https:\/\/www.greenpeace.org\/static\/planet4-mexico-stateless\/2025\/10\/00225303-marcha-por-la-vida-ih-045-510x340.jpg 510w\" sizes=\"auto, (max-width: 1024px) 100vw, 1024px\" \/><\/figure>\n\n<p><strong>Estamos llenos de rabia, pero no de miedo<\/strong>. En un pa\u00eds donde la defensa territorial y la justicia ambiental son criminalizadas y violentadas, se vuelve urgente crear m\u00e1s espacios de colectividad, esta marcha es un recordatorio de que <strong>la acci\u00f3n clim\u00e1tica es tambi\u00e9n acci\u00f3n por la vida, <\/strong>marchamos por quienes ya enfrentan los impactos de la crisis, por quienes a\u00fan no tienen voz, por quienes vendr\u00e1n, por nuestros hijos y por nosotros mismos.<\/p>\n\n<h2 class=\"wp-block-heading\"><strong>Greenpeace: acci\u00f3n, esperanza y resistencia<\/strong><\/h2>\n\n<figure class=\"wp-block-image size-large\"><img loading=\"lazy\" decoding=\"async\" width=\"1024\" height=\"683\" src=\"https:\/\/www.greenpeace.org\/static\/planet4-mexico-stateless\/2025\/10\/abe023da-marcha-por-la-vida-ih-040-1024x683.jpg\" alt=\"Marcha por el clima, la vida y el futuro. Con cartel que dice: La selva maya nos necesita, sostenida por voluntarias de Greenpeace M\u00e9xico\" class=\"wp-image-61421\" srcset=\"https:\/\/www.greenpeace.org\/static\/planet4-mexico-stateless\/2025\/10\/abe023da-marcha-por-la-vida-ih-040-1024x683.jpg 1024w, https:\/\/www.greenpeace.org\/static\/planet4-mexico-stateless\/2025\/10\/abe023da-marcha-por-la-vida-ih-040-300x200.jpg 300w, https:\/\/www.greenpeace.org\/static\/planet4-mexico-stateless\/2025\/10\/abe023da-marcha-por-la-vida-ih-040-768x512.jpg 768w, https:\/\/www.greenpeace.org\/static\/planet4-mexico-stateless\/2025\/10\/abe023da-marcha-por-la-vida-ih-040-1536x1024.jpg 1536w, https:\/\/www.greenpeace.org\/static\/planet4-mexico-stateless\/2025\/10\/abe023da-marcha-por-la-vida-ih-040-2048x1366.jpg 2048w, https:\/\/www.greenpeace.org\/static\/planet4-mexico-stateless\/2025\/10\/abe023da-marcha-por-la-vida-ih-040-510x340.jpg 510w\" sizes=\"auto, (max-width: 1024px) 100vw, 1024px\" \/><\/figure>\n\n<p>Nuestro compromiso es con la vida y con los territorios que la sostienen, vivimos tiempos de m\u00faltiples amenazas, consecuencia de un modelo econ\u00f3mico que prioriza las ganancias sobre la vida. Como ciudadanos y activistas de Greenpeace, <strong>nos comprometemos a no quedarnos callados ante la injusticia<\/strong>.<br>S\u00ed, la protesta puede incomodar, pero <strong>m\u00e1s da\u00f1o hace el silencio<\/strong>, por eso decidimos sumarnos como organizaci\u00f3n a esta movilizaci\u00f3n.<\/p>\n\n<p>Aunque persista la impunidad y la indiferencia del gobierno, <strong>seguiremos resistiendo<\/strong>: contra los proyectos que hemos denunciado durante a\u00f1os, contra las empresas que creen que pueden comprarlo todo \u2014pero jam\u00e1s podr\u00e1n comprar nuestro silencio\u2014.<br>Saldremos a denunciar los megaproyectos que amenazan la vida, entre los que se encuentran el <strong>Proyecto Saguaro<\/strong>, el <strong>Tren Maya<\/strong>, el <strong>Corredor Interoce\u00e1nico<\/strong> o el <strong>Proyecto Perfect Day de Royal Caribbean en Mahahual<\/strong>.<\/p>\n\n<p>Marchamos porque creemos en un futuro donde la energ\u00eda sea limpia y justa, donde la selva siga respirando, donde los oc\u00e9anos est\u00e9n libres de pl\u00e1sticos, y donde las personas vivan en armon\u00eda con el planeta, <strong>marchamos porque es lo correcto.<\/strong><\/p>\n\t\t\t<section\n\t\t\tclass=\"boxout  \"\n\t\t\t\n\t\t>\n\t\t\t<a\n\t\t\t\tdata-ga-category=\"Take Action Boxout\"\n\t\t\t\tdata-ga-action=\"Image\"\n\t\t\t\tdata-ga-label=\"n\/a\"\n\t\t\t\tclass=\"cover-card-overlay\"\n\t\t\t\thref=\"https:\/\/act.gp\/3KHTAFX\" target=\"_blank\"\n\t\t\t><\/a>\n\t\t\t\t\t\t\t<img\n\t\t\t\t\t\tsrc=\"https:\/\/www.greenpeace.org\/static\/planet4-mexico-stateless\/2025\/10\/ba04a76b-marcha-por-la-vida-ih-029-1024x683.jpg\"\n\t\t\t\t\t\tsrcset=\"https:\/\/www.greenpeace.org\/static\/planet4-mexico-stateless\/2025\/10\/ba04a76b-marcha-por-la-vida-ih-029-300x200.jpg 300w, https:\/\/www.greenpeace.org\/static\/planet4-mexico-stateless\/2025\/10\/ba04a76b-marcha-por-la-vida-ih-029-1024x683.jpg 1024w, https:\/\/www.greenpeace.org\/static\/planet4-mexico-stateless\/2025\/10\/ba04a76b-marcha-por-la-vida-ih-029-768x512.jpg 768w, https:\/\/www.greenpeace.org\/static\/planet4-mexico-stateless\/2025\/10\/ba04a76b-marcha-por-la-vida-ih-029-1536x1024.jpg 1536w, https:\/\/www.greenpeace.org\/static\/planet4-mexico-stateless\/2025\/10\/ba04a76b-marcha-por-la-vida-ih-029-2048x1366.jpg 2048w, https:\/\/www.greenpeace.org\/static\/planet4-mexico-stateless\/2025\/10\/ba04a76b-marcha-por-la-vida-ih-029-510x340.jpg 510w\"\n\t\t\t\t\t\tsizes=\"(min-width: 1000px) 358px, (min-width: 780px) 313px, 88px\"\n\t\t\t\t\t\talt=\"Marcha por el clima, la vida y el futuro. Con cartel que dice: Detengamos a las empresas contaminantes, sostenida por voluntarios de Greenpeace M\u00e9xico\" title=\"Marcha por el clima, la vida y el futuro. Con cartel que dice: Detengamos a las empresas contaminantes, sostenida por voluntarios de Greenpeace M\u00e9xico\"\n\t\t\t\t\/>\n            \t\t\t<div class=\"boxout-content\">\n\t\t\t\t\t\t\t\t\t<a\n\t\t\t\t\t\tclass=\"boxout-heading medium\"\n\t\t\t\t\t\tdata-ga-category=\"Take Action Boxout\"\n\t\t\t\t\t\tdata-ga-action=\"Title\"\n\t\t\t\t\t\tdata-ga-label=\"n\/a\"\n\t\t\t\t\t\thref=\"https:\/\/act.gp\/3KHTAFX\"\n\t\t\t\t\t\ttarget=\"_blank\"\n\t\t\t\t\t>\n\t\t\t\t\t\tApoya activamente la lucha ambiental\n\t\t\t\t\t<\/a>\n\t\t\t\t\t\t\t\t                                    <a\n                        class=\"btn btn-primary\"\n                        data-ga-category=\"Take Action Boxout\"\n                        data-ga-action=\"Call to Action\"\n                        data-ga-label=\"n\/a\"\n                        href=\"https:\/\/act.gp\/3KHTAFX\"\n                        target=\"_blank\"\n                    >\n                        Dona aqu\u00ed\n                    <\/a>\n                \t\t\t<\/div>\n\t\t\t\t\t<\/section>\n\t\n<h2 class=\"wp-block-heading\"><strong>La colectividad nos acerca: marchamos por la vida<\/strong><\/h2>\n\n<p>La <em>Marcha por el Clima, la Vida y el Futuro<\/em> es m\u00e1s que una protesta: <strong>es una celebraci\u00f3n de esperanza y un llamado urgente a los gobiernos y empresas para actuar con responsabilidad.<\/strong><strong><br><\/strong>Es el recordatorio de que la indiferencia ya no es una opci\u00f3n y de que la acci\u00f3n colectiva puede cambiarlo todo.<\/p>\n\n<p>Reconocemos que esta lucha debe ser <strong>interseccional, transnacional, diversa y orientada a la justicia, <\/strong>formamos parte de un movimiento m\u00e1s amplio, muchas veces liderado por pueblos y comunidades originarias, as\u00ed como por personas que viven en condiciones de vulneraci\u00f3n y marginaci\u00f3n, entendemos las interdependencias entre detener el cambio clim\u00e1tico, frenar la p\u00e9rdida de biodiversidad y poner fin a las injusticias del capitalismo, el colonialismo y la guerra.<\/p>\n\n<p>La <strong>justicia ambiental tambi\u00e9n es justicia social<\/strong>: es un tema de vivienda, de derechos, de dignidad, es reimaginar nuestro sistema econ\u00f3mico y civilizatorio, la manera en que habitamos y construimos nuestras ciudades, por eso, diversas organizaciones salimos hoy con un mismo objetivo: <strong>nuestras luchas se reconocen, se enlazan y se abrazan.<\/strong>Hoy nos movilizamos con profunda esperanza, estamos convencidos de que <strong>defender a la Madre Tierra es defender la vida, es cuidarnos entre nosotros, <\/strong>ojal\u00e1 llegue el d\u00eda en que no tengamos que salir m\u00e1s, el d\u00eda en que defender la vida no sea un acto radical, ojal\u00e1 no tengamos que imaginar un sistema antiracista, antipatriarcal, anticolonial, anticapitalista y antiextractivista, necesitamos otros futuros\u2026 pero tambi\u00e9n <strong>otros presentes, <\/strong>porque <strong>la justicia clim\u00e1tica es justicia para los pueblos.<\/strong><\/p>\n<div data-hydrate=\"planet4-blocks\/gallery\" data-attributes=\"{&quot;attributes&quot;:{&quot;gallery_block_title&quot;:&quot;Mira m\\u00e1s fotos &quot;,&quot;multiple_image&quot;:&quot;61430,61427,61428,61429,61425,61426,61424&quot;,&quot;image_data&quot;:[{&quot;url&quot;:&quot;https:\\\/\\\/www.greenpeace.org\\\/static\\\/planet4-mexico-stateless\\\/2025\\\/10\\\/2f103ccc-marcha-por-la-vida-ih-034-scaled.jpg&quot;,&quot;focalPoint&quot;:{&quot;x&quot;:0.5,&quot;y&quot;:0.5},&quot;id&quot;:61430},{&quot;url&quot;:&quot;https:\\\/\\\/www.greenpeace.org\\\/static\\\/planet4-mexico-stateless\\\/2025\\\/10\\\/2f103ccc-marcha-por-la-vida-ih-022-scaled.jpg&quot;,&quot;focalPoint&quot;:{&quot;x&quot;:0.5,&quot;y&quot;:0.5},&quot;id&quot;:61427},{&quot;url&quot;:&quot;https:\\\/\\\/www.greenpeace.org\\\/static\\\/planet4-mexico-stateless\\\/2025\\\/10\\\/2f103ccc-marcha-por-la-vida-ih-097-scaled.jpg&quot;,&quot;focalPoint&quot;:{&quot;x&quot;:0.5,&quot;y&quot;:0.5},&quot;id&quot;:61428},{&quot;url&quot;:&quot;https:\\\/\\\/www.greenpeace.org\\\/static\\\/planet4-mexico-stateless\\\/2025\\\/10\\\/2f103ccc-marcha-por-la-vida-ih-026-scaled.jpg&quot;,&quot;focalPoint&quot;:{&quot;x&quot;:0.5,&quot;y&quot;:0.5},&quot;id&quot;:61429},{&quot;url&quot;:&quot;https:\\\/\\\/www.greenpeace.org\\\/static\\\/planet4-mexico-stateless\\\/2025\\\/10\\\/de48516d-marcha-por-la-vida-ih-035-scaled.jpg&quot;,&quot;focalPoint&quot;:{&quot;x&quot;:0.5,&quot;y&quot;:0.5},&quot;id&quot;:61425},{&quot;url&quot;:&quot;https:\\\/\\\/www.greenpeace.org\\\/static\\\/planet4-mexico-stateless\\\/2025\\\/10\\\/2f103ccc-marcha-por-la-vida-ih-039-scaled.jpg&quot;,&quot;focalPoint&quot;:{&quot;x&quot;:0.5,&quot;y&quot;:0.5},&quot;id&quot;:61426},{&quot;url&quot;:&quot;https:\\\/\\\/www.greenpeace.org\\\/static\\\/planet4-mexico-stateless\\\/2025\\\/10\\\/358b146c-marcha-por-la-vida-ih-023-scaled.jpg&quot;,&quot;focalPoint&quot;:{&quot;x&quot;:0.5,&quot;y&quot;:0.5},&quot;id&quot;:61424}],&quot;gallery_block_style&quot;:0,&quot;gallery_block_description&quot;:&quot;&quot;,&quot;gallery_block_focus_points&quot;:&quot;&quot;,&quot;images&quot;:[{&quot;image_src&quot;:&quot;https:\\\/\\\/www.greenpeace.org\\\/static\\\/planet4-mexico-stateless\\\/2025\\\/10\\\/2f103ccc-marcha-por-la-vida-ih-034-scaled.jpg&quot;,&quot;image_srcset&quot;:&quot;https:\\\/\\\/www.greenpeace.org\\\/static\\\/planet4-mexico-stateless\\\/2025\\\/10\\\/2f103ccc-marcha-por-la-vida-ih-034-scaled.jpg 2560w, https:\\\/\\\/www.greenpeace.org\\\/static\\\/planet4-mexico-stateless\\\/2025\\\/10\\\/2f103ccc-marcha-por-la-vida-ih-034-300x200.jpg 300w, https:\\\/\\\/www.greenpeace.org\\\/static\\\/planet4-mexico-stateless\\\/2025\\\/10\\\/2f103ccc-marcha-por-la-vida-ih-034-1024x683.jpg 1024w, https:\\\/\\\/www.greenpeace.org\\\/static\\\/planet4-mexico-stateless\\\/2025\\\/10\\\/2f103ccc-marcha-por-la-vida-ih-034-768x512.jpg 768w, https:\\\/\\\/www.greenpeace.org\\\/static\\\/planet4-mexico-stateless\\\/2025\\\/10\\\/2f103ccc-marcha-por-la-vida-ih-034-1536x1024.jpg 1536w, https:\\\/\\\/www.greenpeace.org\\\/static\\\/planet4-mexico-stateless\\\/2025\\\/10\\\/2f103ccc-marcha-por-la-vida-ih-034-2048x1366.jpg 2048w, https:\\\/\\\/www.greenpeace.org\\\/static\\\/planet4-mexico-stateless\\\/2025\\\/10\\\/2f103ccc-marcha-por-la-vida-ih-034-510x340.jpg 510w&quot;,&quot;image_sizes&quot;:false,&quot;alt_text&quot;:&quot;marcha por el clima, la vida y el futuro. Con cartel que dice: Si el sistema nos aisla de la vida, cambiemos el sistema&quot;,&quot;caption&quot;:&quot;&quot;,&quot;focus_image&quot;:&quot;&quot;,&quot;credits&quot;:&quot;&quot;},{&quot;image_src&quot;:&quot;https:\\\/\\\/www.greenpeace.org\\\/static\\\/planet4-mexico-stateless\\\/2025\\\/10\\\/2f103ccc-marcha-por-la-vida-ih-022-scaled.jpg&quot;,&quot;image_srcset&quot;:&quot;https:\\\/\\\/www.greenpeace.org\\\/static\\\/planet4-mexico-stateless\\\/2025\\\/10\\\/2f103ccc-marcha-por-la-vida-ih-022-scaled.jpg 2560w, https:\\\/\\\/www.greenpeace.org\\\/static\\\/planet4-mexico-stateless\\\/2025\\\/10\\\/2f103ccc-marcha-por-la-vida-ih-022-300x200.jpg 300w, https:\\\/\\\/www.greenpeace.org\\\/static\\\/planet4-mexico-stateless\\\/2025\\\/10\\\/2f103ccc-marcha-por-la-vida-ih-022-1024x683.jpg 1024w, https:\\\/\\\/www.greenpeace.org\\\/static\\\/planet4-mexico-stateless\\\/2025\\\/10\\\/2f103ccc-marcha-por-la-vida-ih-022-768x512.jpg 768w, https:\\\/\\\/www.greenpeace.org\\\/static\\\/planet4-mexico-stateless\\\/2025\\\/10\\\/2f103ccc-marcha-por-la-vida-ih-022-1536x1024.jpg 1536w, https:\\\/\\\/www.greenpeace.org\\\/static\\\/planet4-mexico-stateless\\\/2025\\\/10\\\/2f103ccc-marcha-por-la-vida-ih-022-2048x1366.jpg 2048w, https:\\\/\\\/www.greenpeace.org\\\/static\\\/planet4-mexico-stateless\\\/2025\\\/10\\\/2f103ccc-marcha-por-la-vida-ih-022-510x340.jpg 510w&quot;,&quot;image_sizes&quot;:false,&quot;alt_text&quot;:&quot;marcha por el clima, la vida y el futuro. Con cartel que dice: Sin justicia ambiental no hay cambio social.&quot;,&quot;caption&quot;:&quot;&quot;,&quot;focus_image&quot;:&quot;&quot;,&quot;credits&quot;:&quot;&quot;},{&quot;image_src&quot;:&quot;https:\\\/\\\/www.greenpeace.org\\\/static\\\/planet4-mexico-stateless\\\/2025\\\/10\\\/2f103ccc-marcha-por-la-vida-ih-097-scaled.jpg&quot;,&quot;image_srcset&quot;:&quot;https:\\\/\\\/www.greenpeace.org\\\/static\\\/planet4-mexico-stateless\\\/2025\\\/10\\\/2f103ccc-marcha-por-la-vida-ih-097-scaled.jpg 2560w, https:\\\/\\\/www.greenpeace.org\\\/static\\\/planet4-mexico-stateless\\\/2025\\\/10\\\/2f103ccc-marcha-por-la-vida-ih-097-300x200.jpg 300w, https:\\\/\\\/www.greenpeace.org\\\/static\\\/planet4-mexico-stateless\\\/2025\\\/10\\\/2f103ccc-marcha-por-la-vida-ih-097-1024x683.jpg 1024w, https:\\\/\\\/www.greenpeace.org\\\/static\\\/planet4-mexico-stateless\\\/2025\\\/10\\\/2f103ccc-marcha-por-la-vida-ih-097-768x512.jpg 768w, https:\\\/\\\/www.greenpeace.org\\\/static\\\/planet4-mexico-stateless\\\/2025\\\/10\\\/2f103ccc-marcha-por-la-vida-ih-097-1536x1024.jpg 1536w, https:\\\/\\\/www.greenpeace.org\\\/static\\\/planet4-mexico-stateless\\\/2025\\\/10\\\/2f103ccc-marcha-por-la-vida-ih-097-2048x1366.jpg 2048w, https:\\\/\\\/www.greenpeace.org\\\/static\\\/planet4-mexico-stateless\\\/2025\\\/10\\\/2f103ccc-marcha-por-la-vida-ih-097-510x340.jpg 510w&quot;,&quot;image_sizes&quot;:false,&quot;alt_text&quot;:&quot;marcha por el clima, la vida y el futuro. Con cartel que dice: La Tierra no se vende, se ama y se protege.&quot;,&quot;caption&quot;:&quot;&quot;,&quot;focus_image&quot;:&quot;&quot;,&quot;credits&quot;:&quot;&quot;},{&quot;image_src&quot;:&quot;https:\\\/\\\/www.greenpeace.org\\\/static\\\/planet4-mexico-stateless\\\/2025\\\/10\\\/2f103ccc-marcha-por-la-vida-ih-026-scaled.jpg&quot;,&quot;image_srcset&quot;:&quot;https:\\\/\\\/www.greenpeace.org\\\/static\\\/planet4-mexico-stateless\\\/2025\\\/10\\\/2f103ccc-marcha-por-la-vida-ih-026-scaled.jpg 2560w, https:\\\/\\\/www.greenpeace.org\\\/static\\\/planet4-mexico-stateless\\\/2025\\\/10\\\/2f103ccc-marcha-por-la-vida-ih-026-300x200.jpg 300w, https:\\\/\\\/www.greenpeace.org\\\/static\\\/planet4-mexico-stateless\\\/2025\\\/10\\\/2f103ccc-marcha-por-la-vida-ih-026-1024x683.jpg 1024w, https:\\\/\\\/www.greenpeace.org\\\/static\\\/planet4-mexico-stateless\\\/2025\\\/10\\\/2f103ccc-marcha-por-la-vida-ih-026-768x512.jpg 768w, https:\\\/\\\/www.greenpeace.org\\\/static\\\/planet4-mexico-stateless\\\/2025\\\/10\\\/2f103ccc-marcha-por-la-vida-ih-026-1536x1024.jpg 1536w, https:\\\/\\\/www.greenpeace.org\\\/static\\\/planet4-mexico-stateless\\\/2025\\\/10\\\/2f103ccc-marcha-por-la-vida-ih-026-2048x1366.jpg 2048w, https:\\\/\\\/www.greenpeace.org\\\/static\\\/planet4-mexico-stateless\\\/2025\\\/10\\\/2f103ccc-marcha-por-la-vida-ih-026-510x340.jpg 510w&quot;,&quot;image_sizes&quot;:false,&quot;alt_text&quot;:&quot;marcha por el clima, la vida y el futuro&quot;,&quot;caption&quot;:&quot;&quot;,&quot;focus_image&quot;:&quot;&quot;,&quot;credits&quot;:&quot;&quot;},{&quot;image_src&quot;:&quot;https:\\\/\\\/www.greenpeace.org\\\/static\\\/planet4-mexico-stateless\\\/2025\\\/10\\\/de48516d-marcha-por-la-vida-ih-035-scaled.jpg&quot;,&quot;image_srcset&quot;:&quot;https:\\\/\\\/www.greenpeace.org\\\/static\\\/planet4-mexico-stateless\\\/2025\\\/10\\\/de48516d-marcha-por-la-vida-ih-035-scaled.jpg 2560w, https:\\\/\\\/www.greenpeace.org\\\/static\\\/planet4-mexico-stateless\\\/2025\\\/10\\\/de48516d-marcha-por-la-vida-ih-035-300x200.jpg 300w, https:\\\/\\\/www.greenpeace.org\\\/static\\\/planet4-mexico-stateless\\\/2025\\\/10\\\/de48516d-marcha-por-la-vida-ih-035-1024x683.jpg 1024w, https:\\\/\\\/www.greenpeace.org\\\/static\\\/planet4-mexico-stateless\\\/2025\\\/10\\\/de48516d-marcha-por-la-vida-ih-035-768x512.jpg 768w&quot;,&quot;image_sizes&quot;:false,&quot;alt_text&quot;:&quot;marcha por el clima, la vida y el futuro&quot;,&quot;caption&quot;:&quot;&quot;,&quot;focus_image&quot;:&quot;&quot;,&quot;credits&quot;:&quot;&quot;},{&quot;image_src&quot;:&quot;https:\\\/\\\/www.greenpeace.org\\\/static\\\/planet4-mexico-stateless\\\/2025\\\/10\\\/2f103ccc-marcha-por-la-vida-ih-039-scaled.jpg&quot;,&quot;image_srcset&quot;:&quot;https:\\\/\\\/www.greenpeace.org\\\/static\\\/planet4-mexico-stateless\\\/2025\\\/10\\\/2f103ccc-marcha-por-la-vida-ih-039-scaled.jpg 2560w, https:\\\/\\\/www.greenpeace.org\\\/static\\\/planet4-mexico-stateless\\\/2025\\\/10\\\/2f103ccc-marcha-por-la-vida-ih-039-300x200.jpg 300w, https:\\\/\\\/www.greenpeace.org\\\/static\\\/planet4-mexico-stateless\\\/2025\\\/10\\\/2f103ccc-marcha-por-la-vida-ih-039-1024x683.jpg 1024w, https:\\\/\\\/www.greenpeace.org\\\/static\\\/planet4-mexico-stateless\\\/2025\\\/10\\\/2f103ccc-marcha-por-la-vida-ih-039-768x512.jpg 768w, https:\\\/\\\/www.greenpeace.org\\\/static\\\/planet4-mexico-stateless\\\/2025\\\/10\\\/2f103ccc-marcha-por-la-vida-ih-039-1536x1024.jpg 1536w, https:\\\/\\\/www.greenpeace.org\\\/static\\\/planet4-mexico-stateless\\\/2025\\\/10\\\/2f103ccc-marcha-por-la-vida-ih-039-2048x1366.jpg 2048w, https:\\\/\\\/www.greenpeace.org\\\/static\\\/planet4-mexico-stateless\\\/2025\\\/10\\\/2f103ccc-marcha-por-la-vida-ih-039-510x340.jpg 510w&quot;,&quot;image_sizes&quot;:false,&quot;alt_text&quot;:&quot;marcha por el clima, la vida y el futuro&quot;,&quot;caption&quot;:&quot;&quot;,&quot;focus_image&quot;:&quot;&quot;,&quot;credits&quot;:&quot;&quot;},{&quot;image_src&quot;:&quot;https:\\\/\\\/www.greenpeace.org\\\/static\\\/planet4-mexico-stateless\\\/2025\\\/10\\\/358b146c-marcha-por-la-vida-ih-023-scaled.jpg&quot;,&quot;image_srcset&quot;:&quot;https:\\\/\\\/www.greenpeace.org\\\/static\\\/planet4-mexico-stateless\\\/2025\\\/10\\\/358b146c-marcha-por-la-vida-ih-023-scaled.jpg 2560w, https:\\\/\\\/www.greenpeace.org\\\/static\\\/planet4-mexico-stateless\\\/2025\\\/10\\\/358b146c-marcha-por-la-vida-ih-023-300x200.jpg 300w&quot;,&quot;image_sizes&quot;:false,&quot;alt_text&quot;:&quot;marcha por el clima, la vida y el futuro&quot;,&quot;caption&quot;:&quot;&quot;,&quot;focus_image&quot;:&quot;&quot;,&quot;credits&quot;:&quot;&quot;}]}}\"><section class=\"block carousel-wrap \"><header><h2 class=\"page-section-header\">Mira m\u00e1s fotos <\/h2><\/header><\/section><\/div>","protected":false},"excerpt":{"rendered":"<p>Miles marchan por la justicia clim\u00e1tica en M\u00e9xico. Greenpeace se suma para exigir acci\u00f3n real frente a la crisis y defender la vida y el futuro.<\/p>\n","protected":false},"author":83,"featured_media":61419,"comment_status":"closed","ping_status":"open","sticky":false,"template":"","format":"standard","meta":{"ep_exclude_from_search":false,"p4_og_title":"Marcha por el Clima, la Vida y el Futuro","p4_og_description":"Miles de voces se unen en M\u00e9xico para exigir justicia clim\u00e1tica. Greenpeace se suma a la Marcha por el Clima, la Vida y el Futuro: porque defender la Tierra es defender la vida.","p4_og_image":"https:\/\/www.greenpeace.org\/static\/planet4-mexico-stateless\/2025\/10\/5f3d46fd-marcha-por-la-vida-ih-020-scaled.jpg","p4_og_image_id":"61419","p4_seo_canonical_url":"","p4_campaign_name":"","p4_local_project":"","p4_basket_name":"","p4_department":"","footnotes":""},"categories":[39],"tags":[21,47],"p4-page-type":[14],"class_list":["post-61411","post","type-post","status-publish","format-standard","has-post-thumbnail","hentry","category-clima-y-energia","tag-activismo","tag-cambio-climatico","p4-page-type-blog"],"_links":{"self":[{"href":"https:\/\/www.greenpeace.org\/mexico\/wp-json\/wp\/v2\/posts\/61411","targetHints":{"allow":["GET"]}}],"collection":[{"href":"https:\/\/www.greenpeace.org\/mexico\/wp-json\/wp\/v2\/posts"}],"about":[{"href":"https:\/\/www.greenpeace.org\/mexico\/wp-json\/wp\/v2\/types\/post"}],"author":[{"embeddable":true,"href":"https:\/\/www.greenpeace.org\/mexico\/wp-json\/wp\/v2\/users\/83"}],"replies":[{"embeddable":true,"href":"https:\/\/www.greenpeace.org\/mexico\/wp-json\/wp\/v2\/comments?post=61411"}],"version-history":[{"count":3,"href":"https:\/\/www.greenpeace.org\/mexico\/wp-json\/wp\/v2\/posts\/61411\/revisions"}],"predecessor-version":[{"id":61431,"href":"https:\/\/www.greenpeace.org\/mexico\/wp-json\/wp\/v2\/posts\/61411\/revisions\/61431"}],"wp:featuredmedia":[{"embeddable":true,"href":"https:\/\/www.greenpeace.org\/mexico\/wp-json\/wp\/v2\/media\/61419"}],"wp:attachment":[{"href":"https:\/\/www.greenpeace.org\/mexico\/wp-json\/wp\/v2\/media?parent=61411"}],"wp:term":[{"taxonomy":"category","embeddable":true,"href":"https:\/\/www.greenpeace.org\/mexico\/wp-json\/wp\/v2\/categories?post=61411"},{"taxonomy":"post_tag","embeddable":true,"href":"https:\/\/www.greenpeace.org\/mexico\/wp-json\/wp\/v2\/tags?post=61411"},{"taxonomy":"p4-page-type","embeddable":true,"href":"https:\/\/www.greenpeace.org\/mexico\/wp-json\/wp\/v2\/p4-page-type?post=61411"}],"curies":[{"name":"wp","href":"https:\/\/api.w.org\/{rel}","templated":true}]}}