{"id":61442,"date":"2025-10-17T00:16:28","date_gmt":"2025-10-17T05:16:28","guid":{"rendered":"https:\/\/www.greenpeace.org\/mexico\/?p=61442"},"modified":"2025-10-17T14:53:22","modified_gmt":"2025-10-17T19:53:22","slug":"greenpeace-no-renuncia-a-la-defensa-del-medio-ambiente","status":"publish","type":"post","link":"https:\/\/www.greenpeace.org\/mexico\/informacion-prensa\/61442\/greenpeace-no-renuncia-a-la-defensa-del-medio-ambiente\/","title":{"rendered":"Greenpeace no renuncia a la defensa del medio ambiente"},"content":{"rendered":"\n<ul class=\"wp-block-list\">\n<li>Lamentable la aprobaci\u00f3n de la reforma a la Ley de Amparo<\/li>\n\n\n\n<li>Restringe el inter\u00e9s leg\u00edtimo e introduce una aplicaci\u00f3n retroactiva<\/li>\n<\/ul>\n\n<p>Greenpeace M\u00e9xico lamenta la aprobaci\u00f3n de la reciente Reforma a la Ley de Amparo, ya que restringe el inter\u00e9s leg\u00edtimo e introduce una aplicaci\u00f3n retroactiva que afecta derechos sustantivos.&nbsp;<\/p>\n\n<p>Con esto, diversas luchas iniciadas desde las organizaciones de la sociedad civil en defensa del medio ambiente, de derechos de las mujeres, del derecho a la verdad y libertad, entre otros, que se hab\u00edan logrado por la v\u00eda de amparo, se ver\u00e1n coartadas ante la regresividad al limitar la defensa de los derechos humanos en M\u00e9xico y&nbsp; el&nbsp; acceso a la justicia.<\/p>\n\n<p>Aprobada por el Senado de la Rep\u00fablica este 15 de octubre de 2025 en tan solo en tres horas y con un tr\u00e1mite de \u201curgente resoluci\u00f3n&#8221;, limita el derecho que le asiste a los colectivos para recurrir al juicio de amparo y defenderse de los actos de la autoridad, desconociendo con ello todo el avance jurisprudencial en torno a esta figura en M\u00e9xico, aunado a que introduce una aplicaci\u00f3n retroactiva debilitando la certeza y seguridad jur\u00eddica.<\/p>\n\n<p>Hablar del Juicio de Amparo reviste vital importancia ya que ha sido una herramienta de defensa en materia de derechos humanos debido a la relevancia de este recurso legal en la protecci\u00f3n de derechos para muchas personas, comunidades y colectivos en M\u00e9xico.&nbsp;<\/p>\n\n<p>Desde Greenpeace seguiremos apostando por el acompa\u00f1amiento de las comunidades en defensa del medio ambiente, manteniendo nuestros principios de no violencia, la independencia pol\u00edtica y econ\u00f3mica, y la acci\u00f3n directa y pac\u00edfica para proteger el medio ambiente y promover la paz.<\/p>\n","protected":false},"excerpt":{"rendered":"<p>Lamentable la aprobaci\u00f3n de la reforma a la Ley de Amparo<\/p>\n","protected":false},"author":24,"featured_media":61444,"comment_status":"open","ping_status":"open","sticky":false,"template":"","format":"standard","meta":{"ep_exclude_from_search":false,"p4_og_title":"Aprueban reforma a la Ley de Amparo","p4_og_description":"Ent\u00e9rate sobre la lamentable aprobaci\u00f3n de la reforma a la Ley de Amparo.","p4_og_image":"https:\/\/www.greenpeace.org\/static\/planet4-mexico-stateless\/2025\/10\/dc047ec6-marcha-por-la-vida-ih-095-scaled.jpg","p4_og_image_id":"61444","p4_seo_canonical_url":"","p4_campaign_name":"","p4_local_project":"","p4_basket_name":"","p4_department":"","footnotes":""},"categories":[43],"tags":[21,49],"p4-page-type":[16],"class_list":["post-61442","post","type-post","status-publish","format-standard","has-post-thumbnail","hentry","category-sobre-greenpeace","tag-activismo","tag-derechos-humanos","p4-page-type-informacion-prensa"],"_links":{"self":[{"href":"https:\/\/www.greenpeace.org\/mexico\/wp-json\/wp\/v2\/posts\/61442","targetHints":{"allow":["GET"]}}],"collection":[{"href":"https:\/\/www.greenpeace.org\/mexico\/wp-json\/wp\/v2\/posts"}],"about":[{"href":"https:\/\/www.greenpeace.org\/mexico\/wp-json\/wp\/v2\/types\/post"}],"author":[{"embeddable":true,"href":"https:\/\/www.greenpeace.org\/mexico\/wp-json\/wp\/v2\/users\/24"}],"replies":[{"embeddable":true,"href":"https:\/\/www.greenpeace.org\/mexico\/wp-json\/wp\/v2\/comments?post=61442"}],"version-history":[{"count":2,"href":"https:\/\/www.greenpeace.org\/mexico\/wp-json\/wp\/v2\/posts\/61442\/revisions"}],"predecessor-version":[{"id":61449,"href":"https:\/\/www.greenpeace.org\/mexico\/wp-json\/wp\/v2\/posts\/61442\/revisions\/61449"}],"wp:featuredmedia":[{"embeddable":true,"href":"https:\/\/www.greenpeace.org\/mexico\/wp-json\/wp\/v2\/media\/61444"}],"wp:attachment":[{"href":"https:\/\/www.greenpeace.org\/mexico\/wp-json\/wp\/v2\/media?parent=61442"}],"wp:term":[{"taxonomy":"category","embeddable":true,"href":"https:\/\/www.greenpeace.org\/mexico\/wp-json\/wp\/v2\/categories?post=61442"},{"taxonomy":"post_tag","embeddable":true,"href":"https:\/\/www.greenpeace.org\/mexico\/wp-json\/wp\/v2\/tags?post=61442"},{"taxonomy":"p4-page-type","embeddable":true,"href":"https:\/\/www.greenpeace.org\/mexico\/wp-json\/wp\/v2\/p4-page-type?post=61442"}],"curies":[{"name":"wp","href":"https:\/\/api.w.org\/{rel}","templated":true}]}}