{"id":61483,"date":"2025-10-24T16:22:13","date_gmt":"2025-10-24T21:22:13","guid":{"rendered":"https:\/\/www.greenpeace.org\/mexico\/?p=61483"},"modified":"2025-10-24T16:22:19","modified_gmt":"2025-10-24T21:22:19","slug":"dia-contra-cambio-climatico-clima-energia","status":"publish","type":"post","link":"https:\/\/www.greenpeace.org\/mexico\/blog\/61483\/dia-contra-cambio-climatico-clima-energia\/","title":{"rendered":"D\u00eda contra el cambio clim\u00e1tico: \u00bfqu\u00e9 puedes hacer para evitarlo?"},"content":{"rendered":"\n<figure class=\"wp-block-image\"><img loading=\"lazy\" decoding=\"async\" width=\"1200\" height=\"800\" src=\"https:\/\/www.greenpeace.org\/static\/planet4-mexico-stateless\/2025\/05\/a9094709-gp1swd0r.jpg\" title=\"Performance for the International Day of Cities in Bogot\u00e1. \u00a9 Nathalia Angarita \/ Greenpeace\" alt=\"Performance for the International Day of Cities in Bogot\u00e1. \u00a9 Nathalia Angarita \/ Greenpeace\" class=\"wp-image-55963\" srcset=\"https:\/\/www.greenpeace.org\/static\/planet4-mexico-stateless\/2025\/05\/a9094709-gp1swd0r.jpg 1200w, https:\/\/www.greenpeace.org\/static\/planet4-mexico-stateless\/2025\/05\/a9094709-gp1swd0r-300x200.jpg 300w, https:\/\/www.greenpeace.org\/static\/planet4-mexico-stateless\/2025\/05\/a9094709-gp1swd0r-1024x683.jpg 1024w, https:\/\/www.greenpeace.org\/static\/planet4-mexico-stateless\/2025\/05\/a9094709-gp1swd0r-768x512.jpg 768w, https:\/\/www.greenpeace.org\/static\/planet4-mexico-stateless\/2025\/05\/a9094709-gp1swd0r-510x340.jpg 510w\" sizes=\"auto, (max-width: 1200px) 100vw, 1200px\" \/><figcaption><div class=\"credit icon-left\"> \u00a9 Nathalia Angarita \/ Greenpeace<\/div><\/figcaption><\/figure>\n\n<p>El <strong>D\u00eda contra el Cambio Clim\u00e1tico<\/strong> se celebra cada <strong>24 de octubre<\/strong> por iniciativa de la ONU para concienciar sobre los riesgos y <a href=\"https:\/\/www.un.org\/es\/climatechange\"><strong>consecuencias del cambio clim\u00e1tico<\/strong><\/a>. Te contamos algunas acciones sencillas que puedes hacer para evitarlo.<\/p>\n\n<p>La formalizaci\u00f3n de esta fecha coincidi\u00f3 con la Conferencia de las Partes (<strong>COP<\/strong> 15) celebrada en Copenhague en 2009, donde se exigi\u00f3 a los l\u00edderes mundiales llegar a un acuerdo sobre la reducci\u00f3n de <strong>emisiones de gases de efecto invernadero<\/strong>.<\/p>\n\n<p>Desde entonces, esta fecha coincide con la realizaci\u00f3n de esta cumbre que agrupa a 197 miembros, 196 pa\u00edses y la Uni\u00f3n Europea, los cuales eval\u00faan los avances y toman decisiones clave para <strong>mitigar el cambio clim\u00e1tico<\/strong>.<\/p>\n\n<p>El objetivo central de esta fecha es sensibilizar, concientizar, advertir y subrayar los riesgos que el cambio clim\u00e1tico provoca para toda la vida en el planeta.<\/p>\n\n<h2 class=\"wp-block-heading\"><strong>\u00bfQu\u00e9 es el cambio clim\u00e1tico y c\u00f3mo afecta al mundo?<\/strong><\/h2>\n\n<figure class=\"wp-block-image\"><img loading=\"lazy\" decoding=\"async\" width=\"1200\" height=\"800\" src=\"https:\/\/www.greenpeace.org\/static\/planet4-mexico-stateless\/2025\/04\/692d29a5-gp0su3brf.jpg\" title=\"COP29 Action in Spain. \u00a9 Pablo Blazquez \/ Greenpeace\" alt=\"COP29 Action in Spain. \u00a9 Pablo Blazquez \/ Greenpeace\" class=\"wp-image-55323\" srcset=\"https:\/\/www.greenpeace.org\/static\/planet4-mexico-stateless\/2025\/04\/692d29a5-gp0su3brf.jpg 1200w, https:\/\/www.greenpeace.org\/static\/planet4-mexico-stateless\/2025\/04\/692d29a5-gp0su3brf-300x200.jpg 300w, https:\/\/www.greenpeace.org\/static\/planet4-mexico-stateless\/2025\/04\/692d29a5-gp0su3brf-1024x683.jpg 1024w, https:\/\/www.greenpeace.org\/static\/planet4-mexico-stateless\/2025\/04\/692d29a5-gp0su3brf-768x512.jpg 768w, https:\/\/www.greenpeace.org\/static\/planet4-mexico-stateless\/2025\/04\/692d29a5-gp0su3brf-510x340.jpg 510w\" sizes=\"auto, (max-width: 1200px) 100vw, 1200px\" \/><figcaption><div class=\"credit icon-left\"> \u00a9 Pablo Blazquez \/ Greenpeace<\/div><\/figcaption><\/figure>\n\n<p>El <a href=\"https:\/\/www.gob.mx\/profepa\/articulos\/dia-internacional-contra-el-cambio-climatico?idiom=es\" target=\"_blank\" rel=\"noreferrer noopener nofollow\"><strong>cambio clim\u00e1tico<\/strong><\/a> es todo cambio significativo y sostenido en el sistema clim\u00e1tico del planeta, el cual perdura durante d\u00e9cadas o incluso m\u00e1s tiempo, afectando a todo el planeta.<\/p>\n\n<p>Las consecuencias del cambio clim\u00e1tico hasta los cambios geogr\u00e1ficos, cuando comunidades deben desplazarse a causa de inundaciones u olas de calor, lo que a su vez produce impactos econ\u00f3micos y sociales.<\/p>\n\n<p>Enfrentar este desaf\u00edo requiere de cooperaci\u00f3n internacional y acciones inmediatas para la exigencia de <a href=\"https:\/\/www.greenpeace.org\/colombia\/noticia\/campanas\/climayenergia\/la-naturaleza-no-espera-el-llamado-urgente-en-el-dia-contra-el-cambio-climatico\/\" target=\"_blank\" rel=\"noreferrer noopener\"><strong>pol\u00edticas p\u00fablicas contra el cambio clim\u00e1tico<\/strong><\/a> y <strong>reducir las emisiones<\/strong> de gases de efecto invernadero de industrias como la de la carne, el sector energ\u00e9tico, la ganader\u00eda.<\/p>\n\n<p>El cambio clim\u00e1tico representa una amenaza directa a la supervivencia humana. Un an\u00e1lisis del Centro de Investigaci\u00f3n en Ciencias de Informaci\u00f3n Geoespacial estima que para el a\u00f1o 2050, en el peor de los escenarios, m\u00e1s de tres millones de personas en M\u00e9xico se ver\u00e1n obligadas a <a href=\"https:\/\/www.pincc.unam.mx\/reducc\/cambio-climatico-y-migracion\/\" target=\"_blank\" rel=\"noreferrer noopener nofollow\"><strong>desplazarse forzadamente<\/strong><\/a>, como lo sucedido en El Bosque, Tabasco.<\/p>\n\n<figure class=\"wp-block-image\"><img loading=\"lazy\" decoding=\"async\" width=\"1200\" height=\"800\" src=\"https:\/\/www.greenpeace.org\/static\/planet4-mexico-stateless\/2025\/10\/0602ecf0-gp0su2wev.jpg\" title=\"Volunteers Help the Flooded Community in Emilia Romagna, Italy. \u00a9 Greenpeace \/ Michele Lapini\" alt=\"Volunteers Help the Flooded Community in Emilia Romagna, Italy. \u00a9 Greenpeace \/ Michele Lapini\" class=\"wp-image-61485\" srcset=\"https:\/\/www.greenpeace.org\/static\/planet4-mexico-stateless\/2025\/10\/0602ecf0-gp0su2wev.jpg 1200w, https:\/\/www.greenpeace.org\/static\/planet4-mexico-stateless\/2025\/10\/0602ecf0-gp0su2wev-300x200.jpg 300w, https:\/\/www.greenpeace.org\/static\/planet4-mexico-stateless\/2025\/10\/0602ecf0-gp0su2wev-1024x683.jpg 1024w, https:\/\/www.greenpeace.org\/static\/planet4-mexico-stateless\/2025\/10\/0602ecf0-gp0su2wev-768x512.jpg 768w, https:\/\/www.greenpeace.org\/static\/planet4-mexico-stateless\/2025\/10\/0602ecf0-gp0su2wev-510x340.jpg 510w\" sizes=\"auto, (max-width: 1200px) 100vw, 1200px\" \/><figcaption><div class=\"credit icon-left\"> \u00a9 Greenpeace \/ Michele Lapini<\/div><\/figcaption><\/figure>\n\n<p>Los pueblos ind\u00edgenas est\u00e1n en mayor riesgo debido a su estrecha relaci\u00f3n con los territorios y recursos naturales. Las <a href=\"https:\/\/www.scielo.org.mx\/scielo.php?script=sci_arttext&amp;pid=S0188-76532024000200001\" target=\"_blank\" rel=\"noreferrer noopener nofollow\"><strong>consecuencias del cambio clim\u00e1tico en M\u00e9xico<\/strong><\/a> incluyen sequ\u00edas, p\u00e9rdida de ecosistemas, inundaciones, aumento del nivel del mar y conflictos por recursos, agravados por la falta de reconocimiento legal y de mecanismos efectivos para prevenir y atender el desplazamiento clim\u00e1tico.<\/p>\n\n<h2 class=\"wp-block-heading\"><strong>\u00bfQu\u00e9 podemos hacer para evitar el cambio clim\u00e1tico?<\/strong><\/h2>\n\n<figure class=\"wp-block-image\"><img loading=\"lazy\" decoding=\"async\" width=\"1200\" height=\"802\" src=\"https:\/\/www.greenpeace.org\/static\/planet4-mexico-stateless\/2025\/10\/f09bd7a7-gp0sttoq2.jpg\" title=\"Strawberries in a Cardboard Box. \u00a9 Isabelle Povey \/ Greenpeace\" alt=\"Strawberries in a Cardboard Box. \u00a9 Isabelle Povey \/ Greenpeace\" class=\"wp-image-61486\" srcset=\"https:\/\/www.greenpeace.org\/static\/planet4-mexico-stateless\/2025\/10\/f09bd7a7-gp0sttoq2.jpg 1200w, https:\/\/www.greenpeace.org\/static\/planet4-mexico-stateless\/2025\/10\/f09bd7a7-gp0sttoq2-300x201.jpg 300w, https:\/\/www.greenpeace.org\/static\/planet4-mexico-stateless\/2025\/10\/f09bd7a7-gp0sttoq2-1024x684.jpg 1024w, https:\/\/www.greenpeace.org\/static\/planet4-mexico-stateless\/2025\/10\/f09bd7a7-gp0sttoq2-768x513.jpg 768w, https:\/\/www.greenpeace.org\/static\/planet4-mexico-stateless\/2025\/10\/f09bd7a7-gp0sttoq2-510x340.jpg 510w\" sizes=\"auto, (max-width: 1200px) 100vw, 1200px\" \/><figcaption><div class=\"credit icon-left\"> \u00a9 Isabelle Povey \/ Greenpeace<\/div><\/figcaption><\/figure>\n\n<p>El <a href=\"https:\/\/www.greenpeace.org\/colombia\/noticia\/campanas\/climayenergia\/la-naturaleza-no-espera-el-llamado-urgente-en-el-dia-contra-el-cambio-climatico\/\" target=\"_blank\" rel=\"noreferrer noopener\"><strong>desaf\u00edo m\u00e1s grande frente al cambio clim\u00e1tico<\/strong><\/a> es la toma de acciones para evitarlo. Esto requiere que individuos, comunidades, autoridades y empresas se unan para tomar medidas inmediatas y efectivas. El primer paso pueden ser sencillos cambios:<\/p>\n\n<p>1. Reducir el uso de pl\u00e1sticos de un solo uso<\/p>\n\n<p>2. Usar medios de transporte sostenibles o caminar<\/p>\n\n<p>3. Ahorrar energ\u00eda en casa<\/p>\n\n<p>4. Consumir productos locales y de temporada<\/p>\n\n<p>5. Reducir el consumo de carne y l\u00e1cteos<\/p>\n\n<p>6. Plantar \u00e1rboles o cuidar \u00e1reas verdes<\/p>\n\n<p>7. Usa el agua de forma responsable<\/p>\n\n<p>8. Baja la intensidad del brillo en tus dispositivos&nbsp;<\/p>\n\n<p>9. Limpia tu bandeja de entrada y archivos en la nube<\/p>\n\n<p>10. Descongela el refrigerador regularmente y limpia el congelador<br>\u00a1Nuestro planeta nos necesita! S\u00famate y s\u00e9 parte de la <a href=\"https:\/\/www.greenpeace.org\/mexico\/campanas\/cambio-climatico\/\" target=\"_blank\" rel=\"noreferrer noopener\"><strong>soluci\u00f3n al cambio clim\u00e1tico<\/strong><\/a>. No hay planeta B. Dona, firma o difunde. S\u00e9 parte del cambio.<\/p>\n\n<p><\/p>\n","protected":false},"excerpt":{"rendered":"<p>El cambio clim\u00e1tico es el problema urgente y hay que tomar medidas para evitarlo<\/p>\n","protected":false},"author":83,"featured_media":55963,"comment_status":"closed","ping_status":"open","sticky":false,"template":"","format":"standard","meta":{"ep_exclude_from_search":false,"p4_og_title":"\u00bfQu\u00e9 dijo la ONU sobre el cambio clim\u00e1tico?","p4_og_description":"Esto dice la ONU respecto al cambio clim\u00e1tico","p4_og_image":"https:\/\/www.greenpeace.org\/static\/planet4-mexico-stateless\/2025\/10\/17efe6aa-gp1swd0r.jpg","p4_og_image_id":"61484","p4_seo_canonical_url":"","p4_campaign_name":"","p4_local_project":"","p4_basket_name":"","p4_department":"","footnotes":""},"categories":[39],"tags":[47,70],"p4-page-type":[14],"class_list":["post-61483","post","type-post","status-publish","format-standard","has-post-thumbnail","hentry","category-clima-y-energia","tag-cambio-climatico","tag-tips-y-guias","p4-page-type-blog"],"_links":{"self":[{"href":"https:\/\/www.greenpeace.org\/mexico\/wp-json\/wp\/v2\/posts\/61483","targetHints":{"allow":["GET"]}}],"collection":[{"href":"https:\/\/www.greenpeace.org\/mexico\/wp-json\/wp\/v2\/posts"}],"about":[{"href":"https:\/\/www.greenpeace.org\/mexico\/wp-json\/wp\/v2\/types\/post"}],"author":[{"embeddable":true,"href":"https:\/\/www.greenpeace.org\/mexico\/wp-json\/wp\/v2\/users\/83"}],"replies":[{"embeddable":true,"href":"https:\/\/www.greenpeace.org\/mexico\/wp-json\/wp\/v2\/comments?post=61483"}],"version-history":[{"count":1,"href":"https:\/\/www.greenpeace.org\/mexico\/wp-json\/wp\/v2\/posts\/61483\/revisions"}],"predecessor-version":[{"id":61487,"href":"https:\/\/www.greenpeace.org\/mexico\/wp-json\/wp\/v2\/posts\/61483\/revisions\/61487"}],"wp:featuredmedia":[{"embeddable":true,"href":"https:\/\/www.greenpeace.org\/mexico\/wp-json\/wp\/v2\/media\/55963"}],"wp:attachment":[{"href":"https:\/\/www.greenpeace.org\/mexico\/wp-json\/wp\/v2\/media?parent=61483"}],"wp:term":[{"taxonomy":"category","embeddable":true,"href":"https:\/\/www.greenpeace.org\/mexico\/wp-json\/wp\/v2\/categories?post=61483"},{"taxonomy":"post_tag","embeddable":true,"href":"https:\/\/www.greenpeace.org\/mexico\/wp-json\/wp\/v2\/tags?post=61483"},{"taxonomy":"p4-page-type","embeddable":true,"href":"https:\/\/www.greenpeace.org\/mexico\/wp-json\/wp\/v2\/p4-page-type?post=61483"}],"curies":[{"name":"wp","href":"https:\/\/api.w.org\/{rel}","templated":true}]}}