{"id":61552,"date":"2025-11-05T18:13:23","date_gmt":"2025-11-05T23:13:23","guid":{"rendered":"https:\/\/www.greenpeace.org\/mexico\/?p=61552"},"modified":"2025-11-05T18:17:13","modified_gmt":"2025-11-05T23:17:13","slug":"el-dano-de-la-crisis-climatica-tiene-rostro","status":"publish","type":"post","link":"https:\/\/www.greenpeace.org\/mexico\/informacion-prensa\/61552\/el-dano-de-la-crisis-climatica-tiene-rostro\/","title":{"rendered":"El da\u00f1o de la crisis clim\u00e1tica tiene rostro"},"content":{"rendered":"\n<ul class=\"wp-block-list\">\n<li>Tambien tiene nombres de comunidades, de personas<\/li>\n\n\n\n<li>Son los rostros de quienes sufren el cambio clim\u00e1tico<\/li>\n<\/ul>\n\n<p>La expresi\u00f3n de Aleida refleja dignidad y fuerza, pero tambi\u00e9n un justo reclamo.<\/p>\n\n<p>Tras el paso del hurac\u00e1n Erick, m\u00e1s del 80 por ciento  de los hogares de Cuajinicuilapa, una poblaci\u00f3n ubicada en la costa chica de Guerrero, fueron afectados. Aleida hace el recuento: mucha vegetaci\u00f3n fue devastada, se experimenta un aumento de la temperatura y el ecosistema en general permanece en desequilibrio lo que, asegura,  les coloca a ella y su comunidad, en un estado de indefensi\u00f3n permanente frente a este tipo de eventos clim\u00e1ticos.\u00a0<\/p>\n\n<p>\u201cEsas son las afectaciones a grandes rasgos de lo que ha representado recibir el impacto a\u00f1o tras a\u00f1o de estos fen\u00f3menos meteorol\u00f3gicos, y es importante hablar de c\u00f3mo se cruza la racialidad y la marginalizaci\u00f3n de las poblaciones, en este caso la poblaci\u00f3n afromexicana, con la crisis clim\u00e1tica<a href=\"http:\/\/tica.no\">.<\/a> No est\u00e1n separadas, la injusticia racial con la injusticia clim\u00e1tica que vivimos hoy y Cuajinicuilapa es uno de esos casos. Entonces es necesario que se hagan consultas libres, previas e informadas con las comunidades para saber cu\u00e1les son las necesidades y c\u00f3mo se profundizan estas desigualdades estructurales con estos fen\u00f3menos, demanda Aleida. <\/p>\n\n<p>Greenpeace acudi\u00f3 a esta comunidad, hasta ah\u00ed llev\u00f3 tambi\u00e9n la factura de un modelo que alimenta el cambio clim\u00e1tico: el de la deforestaci\u00f3n, el de la agricultura y la ganader\u00eda industrial, el modelo energ\u00e9tico del petr\u00f3leo, el gas y el carb\u00f3n.  <\/p>\n\n<p>El &#8220;ticket&#8221; gigante que Greenpeace M\u00e9xico despleg\u00f3 antes en un edicio da\u00f1ado hace dos a\u00f1os por Otis, tambi\u00e9n en el estado de Guerrero, tiene n\u00fameros: ciento setenta y siete mil cuatrocientos veintitr\u00e9s millones, trescientos cincuenta y cinco mil, ciento sesenta pesos con ochenta y dos centavos (177 423 355 160. 82) que es el recuento en cifras por los da\u00f1os ocasionados por fen\u00f3menos meteorol\u00f3gicos extremos en los \u00faltimos diez a\u00f1os, pero viajamos hasta Cuajinicuilapa para mostrar que m\u00e1s all\u00e1 de los n\u00fameros, la crisis clim\u00e1tica tiene rostros. <\/p>\n\n<p>Desde esta comunidad pedimos se escuche la voz de Aleida V\u00e1zquez y la de tantas otras personas afectadas que urgen al gobierno a construir e implementar una pol\u00edtica nacional con enfoque de derechos humanos, g\u00e9nero y justicia clim\u00e1tica y racial que garantice la participaci\u00f3n plena y soluciones dignas para las personas desplazadas y afectadas.\u00a0\u00a0\u00a0\u00a0<\/p>\n\n<p>\u201cLa exigencia es que se garantice el ejercicio pleno de nuestros derechos, y para eso el Estado tiene que destinar recursos para que nuestros territorios tengan una estructura que nos ayude a solventar estos eventos, porque el calentamiento global es una realidad que ya nos super\u00f3; entonces pensar en la mitigaci\u00f3n y adaptaci\u00f3n de estos territorios para que se garantice nuestra salvaguarda de la vida propia y de la dignidad en nuestras comunidades&#8221;, pide V\u00e1zquez.<\/p>\n\n<p>Consulta el <a href=\"https:\/\/drive.google.com\/file\/d\/1wVkklBueGu_vWVD3sAMww_baRyxGElpv\/view?usp=sharing\" data-type=\"link\" data-id=\"https:\/\/drive.google.com\/file\/d\/1wVkklBueGu_vWVD3sAMww_baRyxGElpv\/view?usp=sharing\">comunicado de prensa<\/a>. <\/p>\n\n<p><\/p>\n","protected":false},"excerpt":{"rendered":"<p>Aleida es habitante de Cuajinicuilapa, Guerrero, comunidad que ha sido golpeada por huracanes a\u00f1o tras a\u00f1o.<\/p>\n","protected":false},"author":24,"featured_media":61553,"comment_status":"open","ping_status":"open","sticky":false,"template":"","format":"standard","meta":{"ep_exclude_from_search":false,"p4_og_title":"","p4_og_description":"","p4_og_image":"","p4_og_image_id":"","p4_seo_canonical_url":"","p4_campaign_name":"","p4_local_project":"","p4_basket_name":"","p4_department":"","footnotes":""},"categories":[2],"tags":[47,64],"p4-page-type":[16],"class_list":["post-61552","post","type-post","status-publish","format-standard","has-post-thumbnail","hentry","category-cambio-climatico","tag-cambio-climatico","tag-desplazamiento-climatico","p4-page-type-informacion-prensa"],"_links":{"self":[{"href":"https:\/\/www.greenpeace.org\/mexico\/wp-json\/wp\/v2\/posts\/61552","targetHints":{"allow":["GET"]}}],"collection":[{"href":"https:\/\/www.greenpeace.org\/mexico\/wp-json\/wp\/v2\/posts"}],"about":[{"href":"https:\/\/www.greenpeace.org\/mexico\/wp-json\/wp\/v2\/types\/post"}],"author":[{"embeddable":true,"href":"https:\/\/www.greenpeace.org\/mexico\/wp-json\/wp\/v2\/users\/24"}],"replies":[{"embeddable":true,"href":"https:\/\/www.greenpeace.org\/mexico\/wp-json\/wp\/v2\/comments?post=61552"}],"version-history":[{"count":1,"href":"https:\/\/www.greenpeace.org\/mexico\/wp-json\/wp\/v2\/posts\/61552\/revisions"}],"predecessor-version":[{"id":61554,"href":"https:\/\/www.greenpeace.org\/mexico\/wp-json\/wp\/v2\/posts\/61552\/revisions\/61554"}],"wp:featuredmedia":[{"embeddable":true,"href":"https:\/\/www.greenpeace.org\/mexico\/wp-json\/wp\/v2\/media\/61553"}],"wp:attachment":[{"href":"https:\/\/www.greenpeace.org\/mexico\/wp-json\/wp\/v2\/media?parent=61552"}],"wp:term":[{"taxonomy":"category","embeddable":true,"href":"https:\/\/www.greenpeace.org\/mexico\/wp-json\/wp\/v2\/categories?post=61552"},{"taxonomy":"post_tag","embeddable":true,"href":"https:\/\/www.greenpeace.org\/mexico\/wp-json\/wp\/v2\/tags?post=61552"},{"taxonomy":"p4-page-type","embeddable":true,"href":"https:\/\/www.greenpeace.org\/mexico\/wp-json\/wp\/v2\/p4-page-type?post=61552"}],"curies":[{"name":"wp","href":"https:\/\/api.w.org\/{rel}","templated":true}]}}