{"id":61737,"date":"2025-12-01T10:00:00","date_gmt":"2025-12-01T15:00:00","guid":{"rendered":"https:\/\/www.greenpeace.org\/mexico\/?p=61737"},"modified":"2025-11-27T12:02:12","modified_gmt":"2025-11-27T17:02:12","slug":"dia-para-dar-iniciativas-cuidado-planeta","status":"publish","type":"post","link":"https:\/\/www.greenpeace.org\/mexico\/blog\/61737\/dia-para-dar-iniciativas-cuidado-planeta\/","title":{"rendered":"Un D\u00eda para Dar: dona por el planeta y apoya iniciativas ambientales"},"content":{"rendered":"\n<figure class=\"wp-block-image\"><img loading=\"lazy\" decoding=\"async\" width=\"1200\" height=\"800\" src=\"https:\/\/www.greenpeace.org\/static\/planet4-mexico-stateless\/2025\/11\/5ae7e7be-gp0su3sye.jpg\" title=\"Direct Dialogue Campaigners in Hamburg. \u00a9 Julius Schrank \/ Greenpeace\" alt=\"Direct Dialogue Campaigners in Hamburg. \u00a9 Julius Schrank \/ Greenpeace\" class=\"wp-image-61739\" srcset=\"https:\/\/www.greenpeace.org\/static\/planet4-mexico-stateless\/2025\/11\/5ae7e7be-gp0su3sye.jpg 1200w, https:\/\/www.greenpeace.org\/static\/planet4-mexico-stateless\/2025\/11\/5ae7e7be-gp0su3sye-300x200.jpg 300w, https:\/\/www.greenpeace.org\/static\/planet4-mexico-stateless\/2025\/11\/5ae7e7be-gp0su3sye-1024x683.jpg 1024w, https:\/\/www.greenpeace.org\/static\/planet4-mexico-stateless\/2025\/11\/5ae7e7be-gp0su3sye-768x512.jpg 768w, https:\/\/www.greenpeace.org\/static\/planet4-mexico-stateless\/2025\/11\/5ae7e7be-gp0su3sye-510x340.jpg 510w\" sizes=\"auto, (max-width: 1200px) 100vw, 1200px\" \/><figcaption><div class=\"credit icon-left\"> \u00a9 Julius Schrank \/ Greenpeace<\/div><\/figcaption><\/figure>\n\n<p>A unos d\u00edas de iniciar la temporada navide\u00f1a, emerge una idea tan simple como revolucionaria. Este es el caso de <strong>Un D\u00eda para Dar<\/strong>, un movimiento a nivel mundial que naci\u00f3 como una respuesta al consumismo desenfrenado de la \u00e9poca, pues en vez de acumular busca compartir. La iniciativa tambi\u00e9n puede enfocarse <strong>para ayudar a cuidar el planeta<\/strong><\/p>\n\n<p>Esa chispa de inspiraci\u00f3n no tard\u00f3 en prender, floreciendo con fuerza en m\u00e1s de 85 pa\u00edses, conocido internacionalmente como <a href=\"https:\/\/fontilles.org\/giving-tuesday-un-dia-para-dar\/\" target=\"_blank\" rel=\"noreferrer noopener nofollow\"><strong>Giving Tuesday<\/strong><\/a>, une a millones de personas, organizaciones y empresas bajo la creencia fundamental de que cada persona tiene algo que dar para construir juntos la sociedad en la que anhelamos vivir.<\/p>\n\n<p>Take action box: Donaci\u00f3n<\/p>\n\n<h2 class=\"wp-block-heading\"><strong>\u00bfCu\u00e1ndo es Un D\u00eda para Dar?<\/strong><\/h2>\n\n<figure class=\"wp-block-image\"><img loading=\"lazy\" decoding=\"async\" width=\"1200\" height=\"800\" src=\"https:\/\/www.greenpeace.org\/static\/planet4-mexico-stateless\/2025\/11\/3e674f12-gp0sty51v.jpg\" title=\"Food Supplies to Communities Affected by Drought in Tef\u00e9. \u00a9 Bruno Kelly \/ Greenpeace\" alt=\"Food Supplies to Communities Affected by Drought in Tef\u00e9. \u00a9 Bruno Kelly \/ Greenpeace\" class=\"wp-image-61740\" srcset=\"https:\/\/www.greenpeace.org\/static\/planet4-mexico-stateless\/2025\/11\/3e674f12-gp0sty51v.jpg 1200w, https:\/\/www.greenpeace.org\/static\/planet4-mexico-stateless\/2025\/11\/3e674f12-gp0sty51v-300x200.jpg 300w, https:\/\/www.greenpeace.org\/static\/planet4-mexico-stateless\/2025\/11\/3e674f12-gp0sty51v-1024x683.jpg 1024w, https:\/\/www.greenpeace.org\/static\/planet4-mexico-stateless\/2025\/11\/3e674f12-gp0sty51v-768x512.jpg 768w, https:\/\/www.greenpeace.org\/static\/planet4-mexico-stateless\/2025\/11\/3e674f12-gp0sty51v-510x340.jpg 510w\" sizes=\"auto, (max-width: 1200px) 100vw, 1200px\" \/><figcaption><div class=\"credit icon-left\"> \u00a9 Bruno Kelly \/ Greenpeace<\/div><\/figcaption><\/figure>\n\n<p>Para este 2025, la <a href=\"https:\/\/undiaparadar.mx\/que-es\/\" target=\"_blank\" rel=\"noreferrer noopener nofollow\"><strong>celebraci\u00f3n de Un D\u00eda para Dar<\/strong><\/a> suceder\u00e1 el martes 2 de diciembre, pues se celebra cada a\u00f1o, el primer martes despu\u00e9s del D\u00eda de Acci\u00f3n de Gracias y de las intensas jornadas comerciales como el Black Friday y el Cyber Monday.\u00a0<\/p>\n\n<p>Su posici\u00f3n en el calendario se erige como un recordatorio de que, tras la fiebre del consumo, es posible hacer una pausa para enfocarnos en la colaboraci\u00f3n y el <strong>bien com\u00fan<\/strong>. Ante este panorama, qu\u00e9 mejor causa que la <strong>defensa ambiental<\/strong>.<\/p>\n\n<h2 class=\"wp-block-heading\"><strong>\u00bfC\u00f3mo tu donaci\u00f3n puede proteger el medio ambiente?<\/strong><\/h2>\n\n<figure class=\"wp-block-image\"><img loading=\"lazy\" decoding=\"async\" width=\"1200\" height=\"828\" src=\"https:\/\/www.greenpeace.org\/static\/planet4-mexico-stateless\/2025\/05\/656e8412-gp0su2xnd.jpg\" title=\"Clownfish in Batu Rufus, Piyanemo, Raja Ampat. \u00a9 Sumaryanto Bronto \/ Greenpeace\" alt=\"Clownfish in Batu Rufus, Piyanemo, Raja Ampat. \u00a9 Sumaryanto Bronto \/ Greenpeace\" class=\"wp-image-56142\" srcset=\"https:\/\/www.greenpeace.org\/static\/planet4-mexico-stateless\/2025\/05\/656e8412-gp0su2xnd.jpg 1200w, https:\/\/www.greenpeace.org\/static\/planet4-mexico-stateless\/2025\/05\/656e8412-gp0su2xnd-300x207.jpg 300w, https:\/\/www.greenpeace.org\/static\/planet4-mexico-stateless\/2025\/05\/656e8412-gp0su2xnd-1024x707.jpg 1024w, https:\/\/www.greenpeace.org\/static\/planet4-mexico-stateless\/2025\/05\/656e8412-gp0su2xnd-768x530.jpg 768w, https:\/\/www.greenpeace.org\/static\/planet4-mexico-stateless\/2025\/05\/656e8412-gp0su2xnd-493x340.jpg 493w\" sizes=\"auto, (max-width: 1200px) 100vw, 1200px\" \/><figcaption><div class=\"credit icon-left\"> \u00a9 Sumaryanto Bronto \/ Greenpeace<\/div><\/figcaption><\/figure>\n\n<p>Un D\u00eda para Dar es la fecha ideal para que la generosidad encuentre su eco m\u00e1s profundo en el coraz\u00f3n de nuestro planeta. Cada donaci\u00f3n se convierte en una gota que alimenta una corriente que<a href=\"https:\/\/www.greenpeace.org\/mexico\/blog\/56980\/oceanos-del-mundo-por-que-es-importante-cuidarlos\/\" target=\"_blank\" rel=\"noreferrer noopener\"><strong> protege la vida en nuestros oc\u00e9anos<\/strong><\/a>, bosques y selvas.<\/p>\n\n<p>Donar tambi\u00e9n es un acto de amor que inspira a las nuevas generaciones: una oportunidad para mostrarles que, cuando damos un poco de lo nuestro, contribuimos a proteger algo mucho m\u00e1s grande que nosotros mismos. Ense\u00f1arles a las infancias que su generosidad puede cuidar los oc\u00e9anos, los bosques y la vida que nos rodea es un regalo invaluable, uno que siembra en ellos la certeza de que tienen el poder de transformar el mundo.<\/p>\n\n<p>Incluso puedes hacer un donativo en nombre de tus hijos, convirtiendo ese gesto en un regalo especial que les recuerde, desde hoy y para siempre, que su existencia tiene la fuerza de cambiar el rumbo del planeta.<\/p>\n\n<p>En el coraz\u00f3n de <strong>Greenpeace<\/strong>, desde su fundaci\u00f3n, reside un principio inquebrantable: la <a href=\"https:\/\/www.greenpeace.org\/mexico\/blog\/8414\/hacer-donaciones-para-cuidar-al-planeta-es-importante\/\" target=\"_blank\" rel=\"noreferrer noopener\"><strong>independencia econ\u00f3mica y pol\u00edtica<\/strong><\/a>. Para asegurar que nuestra voz nunca sea condicionada y que nuestras acciones respondan \u00fanicamente a la misi\u00f3n de proteger el medio ambiente, Greenpeace no acepta dinero de empresas, gobiernos ni partidos pol\u00edticos.<\/p>\n\n<figure class=\"wp-block-image\"><img loading=\"lazy\" decoding=\"async\" width=\"1200\" height=\"857\" src=\"https:\/\/www.greenpeace.org\/static\/planet4-mexico-stateless\/2025\/06\/4b6cc64a-gp0stziv2.jpg\" title=\"Project Climate Vote Volunteers Canvass in Kingswood, UK. \u00a9 Marie Jacquemin \/ Greenpeace\" alt=\"Project Climate Vote Volunteers Canvass in Kingswood, UK. \u00a9 Marie Jacquemin \/ Greenpeace\" class=\"wp-image-56671\" srcset=\"https:\/\/www.greenpeace.org\/static\/planet4-mexico-stateless\/2025\/06\/4b6cc64a-gp0stziv2.jpg 1200w, https:\/\/www.greenpeace.org\/static\/planet4-mexico-stateless\/2025\/06\/4b6cc64a-gp0stziv2-300x214.jpg 300w, https:\/\/www.greenpeace.org\/static\/planet4-mexico-stateless\/2025\/06\/4b6cc64a-gp0stziv2-1024x731.jpg 1024w, https:\/\/www.greenpeace.org\/static\/planet4-mexico-stateless\/2025\/06\/4b6cc64a-gp0stziv2-768x548.jpg 768w, https:\/\/www.greenpeace.org\/static\/planet4-mexico-stateless\/2025\/06\/4b6cc64a-gp0stziv2-476x340.jpg 476w\" sizes=\"auto, (max-width: 1200px) 100vw, 1200px\" \/><figcaption><div class=\"credit icon-left\"> \u00a9 Marie Jacquemin \/ Greenpeace<\/div><\/figcaption><\/figure>\n\n<p>Nuestro trabajo requiere meses de esfuerzo y lucha constante. Por eso, las <a href=\"https:\/\/www.greenpeace.org\/mexico\/blog\/60539\/como-se-financia-greenpeace\/\" target=\"_blank\" rel=\"noreferrer noopener\"><strong>donaciones mensuales<\/strong><\/a> son esenciales, pues permiten planear a largo plazo investigaciones cient\u00edficas, acciones de protesta pac\u00edfica y procesos legales que pueden traducirse en iniciativas p\u00fablicas y regulaciones ambientales.<\/p>\n\n<p>Creemos en el poder de la gente para transformar el mundo. Cuando muchas personas se unen por una misma causa, los cambios en favor del planeta se vuelven posibles.<\/p>\n\n<p>Este D\u00eda para Dar, puedes convertirte en <a href=\"https:\/\/www.greenpeace.org\/mexico\/participa\/apoyanos\/?form=dona-hoy&amp;utm_content=BotonDonaMenu&amp;utm_source=greenpeace.org&amp;utm_medium=pagina_de_campa%C3%B1a&amp;utm_campaign=institucional\" target=\"_blank\" rel=\"noreferrer noopener\"><strong>socio con un donativo mensual<\/strong><\/a>, sabiendo que tu generosidad se transformar\u00e1 en acci\u00f3n directa.<\/p>\n\t\t\t<section\n\t\t\tclass=\"boxout  \"\n\t\t\t\n\t\t>\n\t\t\t<a\n\t\t\t\tdata-ga-category=\"Take Action Boxout\"\n\t\t\t\tdata-ga-action=\"Image\"\n\t\t\t\tdata-ga-label=\"n\/a\"\n\t\t\t\tclass=\"cover-card-overlay\"\n\t\t\t\thref=\"https:\/\/www.greenpeace.org\/mexico\/blog\/61737\/dia-para-dar-iniciativas-cuidado-planeta\/?form=dona-hoy&amp;utm_content=BlogDiaParaDar&amp;utm_source=greenpeace.org&amp;utm_medium=pagina_de_campa\u00f1a&amp;utm_campaign=oceans\" \n\t\t\t><\/a>\n\t\t\t\t\t\t\t<img\n\t\t\t\t\t\tsrc=\"https:\/\/www.greenpeace.org\/static\/planet4-mexico-stateless\/2025\/08\/1103d5f4-voluntariado-gpmx-veracruz.jpg\"\n\t\t\t\t\t\tsrcset=\"https:\/\/www.greenpeace.org\/static\/planet4-mexico-stateless\/2025\/08\/1103d5f4-voluntariado-gpmx-veracruz-300x198.jpg 300w, https:\/\/www.greenpeace.org\/static\/planet4-mexico-stateless\/2025\/08\/1103d5f4-voluntariado-gpmx-veracruz-768x506.jpg 768w, https:\/\/www.greenpeace.org\/static\/planet4-mexico-stateless\/2025\/08\/1103d5f4-voluntariado-gpmx-veracruz-510x336.jpg 510w, https:\/\/www.greenpeace.org\/static\/planet4-mexico-stateless\/2025\/08\/1103d5f4-voluntariado-gpmx-veracruz.jpg 1005w\"\n\t\t\t\t\t\tsizes=\"(min-width: 1000px) 358px, (min-width: 780px) 313px, 88px\"\n\t\t\t\t\t\talt=\"Fotograf\u00eda de un mural &quot;Protege los oc\u00e9anos&quot; donde se encuentran 5 activistas de Greenpeace M\u00e9xico sentados mientras lo observan.\" title=\"Fotograf\u00eda de un mural &quot;Protege los oc\u00e9anos&quot; donde se encuentran 5 activistas de Greenpeace M\u00e9xico sentados mientras lo observan.\"\n\t\t\t\t\/>\n            \t\t\t<div class=\"boxout-content\">\n\t\t\t\t\t\t\t\t\t<a\n\t\t\t\t\t\tclass=\"boxout-heading medium\"\n\t\t\t\t\t\tdata-ga-category=\"Take Action Boxout\"\n\t\t\t\t\t\tdata-ga-action=\"Title\"\n\t\t\t\t\t\tdata-ga-label=\"n\/a\"\n\t\t\t\t\t\thref=\"https:\/\/www.greenpeace.org\/mexico\/blog\/61737\/dia-para-dar-iniciativas-cuidado-planeta\/?form=dona-hoy&amp;utm_content=BlogDiaParaDar&amp;utm_source=greenpeace.org&amp;utm_medium=pagina_de_campa\u00f1a&amp;utm_campaign=oceans\"\n\t\t\t\t\t\t\n\t\t\t\t\t>\n\t\t\t\t\t\t\u00a0La Tierra necesita una voz fuerte y clara\n\t\t\t\t\t<\/a>\n\t\t\t\t\t\t\t\t\t\t\t\t\t<p class=\"boxout-excerpt\">Hoy, esa voz puede ser la tuya<\/p>\n\t\t\t\t                                    <a\n                        class=\"btn btn-primary\"\n                        data-ga-category=\"Take Action Boxout\"\n                        data-ga-action=\"Call to Action\"\n                        data-ga-label=\"n\/a\"\n                        href=\"https:\/\/www.greenpeace.org\/mexico\/blog\/61737\/dia-para-dar-iniciativas-cuidado-planeta\/?form=dona-hoy&amp;utm_content=BlogDiaParaDar&amp;utm_source=greenpeace.org&amp;utm_medium=pagina_de_campa\u00f1a&amp;utm_campaign=oceans\"\n                        \n                    >\n                        Dona ahora\n                    <\/a>\n                \t\t\t<\/div>\n\t\t\t\t\t<\/section>\n\t","protected":false},"excerpt":{"rendered":"<p>Descubre c\u00f3mo Un D\u00eda para Dar puede convertirse en una oportunidad para apoyar al medio ambiente<\/p>\n","protected":false},"author":83,"featured_media":61739,"comment_status":"closed","ping_status":"open","sticky":false,"template":"","format":"standard","meta":{"ep_exclude_from_search":false,"p4_og_title":"Un D\u00eda para Dar: por qu\u00e9 tu donaci\u00f3n es clave para defender el medio ambiente","p4_og_description":"Tu donaci\u00f3n en Un D\u00eda para Dar puede transformarse en acci\u00f3n ambiental real. Descubre c\u00f3mo","p4_og_image":"","p4_og_image_id":"","p4_seo_canonical_url":"","p4_campaign_name":"","p4_local_project":"","p4_basket_name":"","p4_department":"","footnotes":""},"categories":[43],"tags":[61],"p4-page-type":[14],"class_list":["post-61737","post","type-post","status-publish","format-standard","has-post-thumbnail","hentry","category-sobre-greenpeace","tag-donacion","p4-page-type-blog"],"_links":{"self":[{"href":"https:\/\/www.greenpeace.org\/mexico\/wp-json\/wp\/v2\/posts\/61737","targetHints":{"allow":["GET"]}}],"collection":[{"href":"https:\/\/www.greenpeace.org\/mexico\/wp-json\/wp\/v2\/posts"}],"about":[{"href":"https:\/\/www.greenpeace.org\/mexico\/wp-json\/wp\/v2\/types\/post"}],"author":[{"embeddable":true,"href":"https:\/\/www.greenpeace.org\/mexico\/wp-json\/wp\/v2\/users\/83"}],"replies":[{"embeddable":true,"href":"https:\/\/www.greenpeace.org\/mexico\/wp-json\/wp\/v2\/comments?post=61737"}],"version-history":[{"count":2,"href":"https:\/\/www.greenpeace.org\/mexico\/wp-json\/wp\/v2\/posts\/61737\/revisions"}],"predecessor-version":[{"id":61741,"href":"https:\/\/www.greenpeace.org\/mexico\/wp-json\/wp\/v2\/posts\/61737\/revisions\/61741"}],"wp:featuredmedia":[{"embeddable":true,"href":"https:\/\/www.greenpeace.org\/mexico\/wp-json\/wp\/v2\/media\/61739"}],"wp:attachment":[{"href":"https:\/\/www.greenpeace.org\/mexico\/wp-json\/wp\/v2\/media?parent=61737"}],"wp:term":[{"taxonomy":"category","embeddable":true,"href":"https:\/\/www.greenpeace.org\/mexico\/wp-json\/wp\/v2\/categories?post=61737"},{"taxonomy":"post_tag","embeddable":true,"href":"https:\/\/www.greenpeace.org\/mexico\/wp-json\/wp\/v2\/tags?post=61737"},{"taxonomy":"p4-page-type","embeddable":true,"href":"https:\/\/www.greenpeace.org\/mexico\/wp-json\/wp\/v2\/p4-page-type?post=61737"}],"curies":[{"name":"wp","href":"https:\/\/api.w.org\/{rel}","templated":true}]}}