{"id":61795,"date":"2025-12-02T19:13:57","date_gmt":"2025-12-03T00:13:57","guid":{"rendered":"https:\/\/www.greenpeace.org\/mexico\/?p=61795"},"modified":"2025-12-15T12:36:19","modified_gmt":"2025-12-15T17:36:19","slug":"detengan-la-ley-de-economia-circular","status":"publish","type":"post","link":"https:\/\/www.greenpeace.org\/mexico\/blog\/61795\/detengan-la-ley-de-economia-circular\/","title":{"rendered":"No queremos retroceso ambiental, detengan la Ley de Econom\u00eda Circular."},"content":{"rendered":"\n<h2 class=\"wp-block-heading\"><strong>\u00bfQu\u00e9 est\u00e1 pasando con la Ley General de Econom\u00eda Circular?<\/strong><\/h2>\n\n<p>La Ley General de Econom\u00eda Circular presentada por SEMARNAT busca presentarse como <strong>una ley ambiental, pero en realidad pone m\u00e1s atenci\u00f3n en lo econ\u00f3mico que en la protecci\u00f3n del medio ambiente<\/strong>. En lugar de enfocarse en prevenir y reducir los residuos, apuesta por aprovecharlos y quemarlos despu\u00e9s de que ya se generaron, lo cual no resuelve el problema de fondo.<\/p>\n\n<p>Fue <strong>elaborada con amplia participaci\u00f3n del sector empresarial <\/strong>y sin involucrar a la sociedad civil, incumpliendo est\u00e1ndares de participaci\u00f3n p\u00fablica y compromisos internacionales.<\/p>\n\n<p>Aunque incluye herramientas, como la responsabilidad extendida del Productor (REP), esta se plantea de forma gradual y flexible, lo que podr\u00eda permitir a las empresas retrasar su cumplimiento. Adem\u00e1s, <strong>no considera los impactos sociales y de salud que los productos pueden ocasionar,<\/strong> la ley abre la puerta a que las auditor\u00edas ambientales sean voluntarias y realizadas por la misma industria, lo que podr\u00eda generar greenwashing.<\/p>\n\n<p>Tambi\u00e9n permite que las empresas hagan compensaciones ambientales mediante cr\u00e9ditos o bonos que representan falsas soluciones. La ley privilegia el aprovechamiento econ\u00f3mico de los residuos, incluso mediante termovalorizaci\u00f3n (quema de basura),&nbsp; antes que impulsar el dise\u00f1o de productos m\u00e1s duraderos, reutilizables o reparables. En la pr\u00e1ctica, esto mantiene el modelo de producci\u00f3n masiva y de usar y tirar.<\/p>\n\n<p class=\"has-text-align-center has-green-400-color has-text-color has-link-color wp-elements-a9ed69f90d72838e8725d0571d880d63\"><strong>Lo peor: La iniciativa de Ley General de Econom\u00eda Circular est\u00e1 agendada para ser discutida en pleno el d\u00eda 3 de diciembre de 2025, lo que significa que la iniciativa ya no est\u00e1 en comisiones, sino que ser\u00e1 evaluada por toda la C\u00e1mara y est\u00e1 m\u00e1s cerca de convertirse en ley.<\/strong><\/p>\n\n<h2 class=\"wp-block-heading\"><strong>\u00bfC\u00f3mo ayudar?<\/strong><\/h2>\n\n<p>Comparte los materiales digitales que estamos difundiendo y arroba en todas las redes sociales a la<strong> SEMARNAT y a los legisladores que la promovieron: Ricardo Monreal y Ra\u00fal Bola\u00f1os Cacho Cu\u00e9 el d\u00eda 3 de Diciembre durante todo el d\u00eda<\/strong>. A\u00fan hay tiempo de corregir el rumbo, abrir el proceso a la ciudadan\u00eda y no avanzar con esta ley que no responde a la magnitud del desaf\u00edo socioambiental que enfrenta el pa\u00eds.<\/p>\n\n<p class=\"has-text-align-center\"><strong>No m\u00e1s greenwashing, la Ley de Econom\u00eda Circular debe revisarse a fondo.<\/strong><\/p>\n","protected":false},"excerpt":{"rendered":"<p>La Ley General de Econom\u00eda Circular busca presentarse como una ley ambiental, pero en realidad pone m\u00e1s atenci\u00f3n en lo econ\u00f3mico que en la protecci\u00f3n del medio ambiente. <\/p>\n","protected":false},"author":29,"featured_media":61923,"comment_status":"open","ping_status":"open","sticky":false,"template":"","format":"standard","meta":{"ep_exclude_from_search":false,"p4_og_title":"No queremos retroceso ambiental, detengan la Ley de Econom\u00eda Circular.","p4_og_description":"La Ley General de Econom\u00eda Circular presentada por SEMARNAT busca presentarse como una ley ambiental, pero en realidad pone m\u00e1s atenci\u00f3n en lo econ\u00f3mico que en la protecci\u00f3n del medio ambiente. ","p4_og_image":"https:\/\/www.greenpeace.org\/static\/planet4-mexico-stateless\/2025\/12\/785abb75-\u00a1indignante.png","p4_og_image_id":"61796","p4_seo_canonical_url":"","p4_campaign_name":"","p4_local_project":"","p4_basket_name":"","p4_department":"","footnotes":""},"categories":[45],"tags":[50,48],"p4-page-type":[14],"class_list":["post-61795","post","type-post","status-publish","format-standard","has-post-thumbnail","hentry","category-plasticos","tag-falsas-soluciones","tag-salud","p4-page-type-blog"],"_links":{"self":[{"href":"https:\/\/www.greenpeace.org\/mexico\/wp-json\/wp\/v2\/posts\/61795","targetHints":{"allow":["GET"]}}],"collection":[{"href":"https:\/\/www.greenpeace.org\/mexico\/wp-json\/wp\/v2\/posts"}],"about":[{"href":"https:\/\/www.greenpeace.org\/mexico\/wp-json\/wp\/v2\/types\/post"}],"author":[{"embeddable":true,"href":"https:\/\/www.greenpeace.org\/mexico\/wp-json\/wp\/v2\/users\/29"}],"replies":[{"embeddable":true,"href":"https:\/\/www.greenpeace.org\/mexico\/wp-json\/wp\/v2\/comments?post=61795"}],"version-history":[{"count":5,"href":"https:\/\/www.greenpeace.org\/mexico\/wp-json\/wp\/v2\/posts\/61795\/revisions"}],"predecessor-version":[{"id":61806,"href":"https:\/\/www.greenpeace.org\/mexico\/wp-json\/wp\/v2\/posts\/61795\/revisions\/61806"}],"wp:featuredmedia":[{"embeddable":true,"href":"https:\/\/www.greenpeace.org\/mexico\/wp-json\/wp\/v2\/media\/61923"}],"wp:attachment":[{"href":"https:\/\/www.greenpeace.org\/mexico\/wp-json\/wp\/v2\/media?parent=61795"}],"wp:term":[{"taxonomy":"category","embeddable":true,"href":"https:\/\/www.greenpeace.org\/mexico\/wp-json\/wp\/v2\/categories?post=61795"},{"taxonomy":"post_tag","embeddable":true,"href":"https:\/\/www.greenpeace.org\/mexico\/wp-json\/wp\/v2\/tags?post=61795"},{"taxonomy":"p4-page-type","embeddable":true,"href":"https:\/\/www.greenpeace.org\/mexico\/wp-json\/wp\/v2\/p4-page-type?post=61795"}],"curies":[{"name":"wp","href":"https:\/\/api.w.org\/{rel}","templated":true}]}}