{"id":61809,"date":"2025-12-03T15:43:14","date_gmt":"2025-12-03T20:43:14","guid":{"rendered":"https:\/\/www.greenpeace.org\/mexico\/?p=61809"},"modified":"2025-12-08T15:06:36","modified_gmt":"2025-12-08T20:06:36","slug":"defensa-derechos-ambientales-y-sociales-nuevamente-amenazada","status":"publish","type":"post","link":"https:\/\/www.greenpeace.org\/mexico\/informacion-prensa\/61809\/defensa-derechos-ambientales-y-sociales-nuevamente-amenazada\/","title":{"rendered":"La defensa de los derechos ambientales y sociales, nuevamente amenazada"},"content":{"rendered":"\n<ul class=\"wp-block-list\">\n<li>La Suprema Corte de Justicia de la Naci\u00f3n busca discutir por tercera vez el denominado proyecto de inter\u00e9s leg\u00edtimo<\/li>\n\n\n\n<li>Este concepto funciona como una protecci\u00f3n frente a violaciones y amenazas a derechos como el acceso a un medio ambiente sano<\/li>\n<\/ul>\n\n<p>Hace una semana distintas organizaciones de la sociedad civil alzaron sus voces para alertar sobre un proyecto presentado por la Suprema Corte de Justicia de la Naci\u00f3n (SCJN) a partir del cual propon\u00eda un criterio que, de manera peligrosa, podr\u00eda restringir la participaci\u00f3n activa de asociaciones civiles y organizaciones defensoras del medio ambiente para promover juicios de amparo por violaciones al derecho al medio ambiente sano.&nbsp;&nbsp;<\/p>\n\n<p>Frente a este hecho, las mismas organizaciones realizaron en conjunto solicitudes de audiencia p\u00fablica ante la SCJN -las cuales fueron rechazadas en sesi\u00f3n privada- con el objetivo de externar su preocupaci\u00f3n e insistir en que el juicio de amparo debe seguir siendo una herramienta accesible para la defensa de los derechos humanos y del medio ambiente (en un pa\u00eds donde la crisis ambiental, el cambio clim\u00e1tico, la impunidad y la violencia institucional est\u00e1n a la orden del d\u00eda).<\/p>\n\n<p>Sin embargo, el d\u00eda de hoy vuelven a encenderse las alertas en relaci\u00f3n a este tema, pues la Suprema Corte pretende llevar nuevamente a discusi\u00f3n el proyecto de inter\u00e9s leg\u00edtimo -programada para este jueves 4 de diciembre-, poniendo en peligro la participaci\u00f3n de la sociedad civil en torno a la defensa de los derechos ambientales y sociales.\u00a0<\/p>\n\n<p>La iniciativa se encuentra lejos de favorecer la construcci\u00f3n de una justicia m\u00e1s accesible para las personas y los derechos colectivos. Frente a este panorama, la sociedad civil organizada solicita el retiro inmediato del proyecto y que la gesti\u00f3n de las solicitudes de audiencia pueda realizarse de manera clara y transparente, con el objetivo de implementar un di\u00e1logo abierto y p\u00fablico en torno a dicha materia.<\/p>\n\n<p>Consulta el comunicado <a href=\"https:\/\/drive.google.com\/file\/d\/16ubnJQwM_66PMehEpuTfWcqYD8nRbNBw\/view?usp=sharing\" data-type=\"link\" data-id=\"https:\/\/drive.google.com\/file\/d\/16ubnJQwM_66PMehEpuTfWcqYD8nRbNBw\/view?usp=sharing\">aqu\u00ed.<\/a>&nbsp;<\/p>\n\n<p><\/p>\n","protected":false},"excerpt":{"rendered":"<p>La Suprema Corte de Justicia de la Naci\u00f3n amenaza la participaci\u00f3n civil en torno a la defensa de la Naturaleza y otros derechos sociales. Ent\u00e9rate por qu\u00e9.<\/p>\n","protected":false},"author":84,"featured_media":61810,"comment_status":"open","ping_status":"open","sticky":false,"template":"","format":"standard","meta":{"ep_exclude_from_search":false,"p4_og_title":"Verdades crudas sobre nuestra m\u00e1xima autoridad judicial en M\u00e9xico","p4_og_description":"Ent\u00e9rate de c\u00f3mo la Suprema Corte de Justicia de la Naci\u00f3n est\u00e1 impulsando un proyecto que deja desprotegida la participaci\u00f3n ciudadana en la protecci\u00f3n ambiental.","p4_og_image":"https:\/\/www.greenpeace.org\/static\/planet4-mexico-stateless\/2025\/12\/ce4c71bf-20251011_123709-scaled.jpg","p4_og_image_id":"61811","p4_seo_canonical_url":"","p4_campaign_name":"","p4_local_project":"","p4_basket_name":"","p4_department":"","footnotes":""},"categories":[43],"tags":[49,21],"p4-page-type":[16],"class_list":["post-61809","post","type-post","status-publish","format-standard","has-post-thumbnail","hentry","category-sobre-greenpeace","tag-derechos-humanos","tag-activismo","p4-page-type-informacion-prensa"],"_links":{"self":[{"href":"https:\/\/www.greenpeace.org\/mexico\/wp-json\/wp\/v2\/posts\/61809","targetHints":{"allow":["GET"]}}],"collection":[{"href":"https:\/\/www.greenpeace.org\/mexico\/wp-json\/wp\/v2\/posts"}],"about":[{"href":"https:\/\/www.greenpeace.org\/mexico\/wp-json\/wp\/v2\/types\/post"}],"author":[{"embeddable":true,"href":"https:\/\/www.greenpeace.org\/mexico\/wp-json\/wp\/v2\/users\/84"}],"replies":[{"embeddable":true,"href":"https:\/\/www.greenpeace.org\/mexico\/wp-json\/wp\/v2\/comments?post=61809"}],"version-history":[{"count":2,"href":"https:\/\/www.greenpeace.org\/mexico\/wp-json\/wp\/v2\/posts\/61809\/revisions"}],"predecessor-version":[{"id":61839,"href":"https:\/\/www.greenpeace.org\/mexico\/wp-json\/wp\/v2\/posts\/61809\/revisions\/61839"}],"wp:featuredmedia":[{"embeddable":true,"href":"https:\/\/www.greenpeace.org\/mexico\/wp-json\/wp\/v2\/media\/61810"}],"wp:attachment":[{"href":"https:\/\/www.greenpeace.org\/mexico\/wp-json\/wp\/v2\/media?parent=61809"}],"wp:term":[{"taxonomy":"category","embeddable":true,"href":"https:\/\/www.greenpeace.org\/mexico\/wp-json\/wp\/v2\/categories?post=61809"},{"taxonomy":"post_tag","embeddable":true,"href":"https:\/\/www.greenpeace.org\/mexico\/wp-json\/wp\/v2\/tags?post=61809"},{"taxonomy":"p4-page-type","embeddable":true,"href":"https:\/\/www.greenpeace.org\/mexico\/wp-json\/wp\/v2\/p4-page-type?post=61809"}],"curies":[{"name":"wp","href":"https:\/\/api.w.org\/{rel}","templated":true}]}}