{"id":61842,"date":"2025-12-09T13:35:05","date_gmt":"2025-12-09T18:35:05","guid":{"rendered":"https:\/\/www.greenpeace.org\/mexico\/?p=61842"},"modified":"2025-12-09T13:35:09","modified_gmt":"2025-12-09T18:35:09","slug":"ley-de-economia-circular-una-licencia-para-contaminar","status":"publish","type":"post","link":"https:\/\/www.greenpeace.org\/mexico\/informacion-prensa\/61842\/ley-de-economia-circular-una-licencia-para-contaminar\/","title":{"rendered":"Ley de Econom\u00eda Circular: \u00bfuna &#8220;licencia para contaminar&#8221; aceptada a espaldas de la ciudadan\u00eda?"},"content":{"rendered":"\n<ul class=\"wp-block-list\">\n<li>La iniciativa fue presentada &#8220;fast track&#8221; y &#8220;en lo oscurito&#8221;, sin la sociedad civil y violando el Acuerdo de Escaz\u00fa<\/li>\n<\/ul>\n\n<p>Ciudad de M\u00e9xico, 9 de diciembre de 2025.\u2014 El paso a una Ley General de Econom\u00eda Circular en M\u00e9xico (LGEC) ten\u00eda expectativas muy altas, se esperaba lograr la incorporaci\u00f3n de los residuos a un modelo de producci\u00f3n y consumo saludable con el planeta, a trav\u00e9s de la reutilizaci\u00f3n, reparaci\u00f3n, renovaci\u00f3n y reciclaje. Sin embargo, las y los principales actores que d\u00eda con d\u00eda accionan para que cada residuo (sea org\u00e1nico o no) sea parte de este proceso desconocen dicha ley, no est\u00e1n implicados, tampoco conocen de qu\u00e9 manera les beneficiar\u00eda, incluso se cuestionan si les afectar\u00eda o significa la legitimaci\u00f3n del greenwashing.<\/p>\n\n<p>\u00bfPuede llamarse \u201cdemocr\u00e1tica\u201d una ley que se aprueba sin escuchar a quienes viven sus consecuencias? Cuando una ley ignora a quienes la viven en la pr\u00e1ctica, como lo es la sociedad civil, se queda corta y no logra las expectativas previstas, sino incluso puede representar un retroceso. Adem\u00e1s de esto, \u00bfcu\u00e1les son los no negociables de esta ley?<\/p>\n\n<p>Conoce la perspectiva de los activistas que se manifestaron en oposici\u00f3n a la aprobaci\u00f3n &#8220;en lo oscurito&#8221; de la LGEC, frente a la C\u00e1mara de Diputados, quienes advirtieron que \u201cQUEMAR BASURA MATA\u201d. Y s\u00ed, pero el problema va m\u00e1s all\u00e1 de la quema&#8230; <\/p>\n\n<p>Consulta el comunicado <a href=\"https:\/\/drive.google.com\/file\/d\/1x4Un3rHv9pVXYdEuvVRAPKkclzVFSvlP\/view?usp=sharing\">aqu\u00ed<\/a>.<\/p>\n","protected":false},"excerpt":{"rendered":"<p>La ley est\u00e1 siendo aprobada en \u201cfast track\u201d y \u201cen lo oscurito\u201d, excluyendo a la sociedad civil y violando el Acuerdo de Escaz\u00fa. Conoce m\u00e1s aqu\u00ed.<\/p>\n","protected":false},"author":86,"featured_media":61848,"comment_status":"open","ping_status":"open","sticky":false,"template":"","format":"standard","meta":{"ep_exclude_from_search":false,"p4_og_title":"\u00a1Mienten! La peligrosa verdad de la Ley General de Econom\u00eda Circular","p4_og_description":"Ent\u00e9rate por qu\u00e9 la Ley de Econom\u00eda Circular legaliza la quema t\u00f3xica de residuos y pone en riesgo tu salud. ","p4_og_image":"https:\/\/www.greenpeace.org\/static\/planet4-mexico-stateless\/2025\/12\/26da5d9b-leyeconomiacircular-ilse-huesca-01_-scaled.jpg","p4_og_image_id":"61849","p4_seo_canonical_url":"","p4_campaign_name":"","p4_local_project":"","p4_basket_name":"","p4_department":"","footnotes":""},"categories":[2,44,45],"tags":[21,68,50],"p4-page-type":[16],"class_list":["post-61842","post","type-post","status-publish","format-standard","has-post-thumbnail","hentry","category-cambio-climatico","category-oceanos","category-plasticos","tag-activismo","tag-mexico-sin-plasticos","tag-falsas-soluciones","p4-page-type-informacion-prensa"],"_links":{"self":[{"href":"https:\/\/www.greenpeace.org\/mexico\/wp-json\/wp\/v2\/posts\/61842","targetHints":{"allow":["GET"]}}],"collection":[{"href":"https:\/\/www.greenpeace.org\/mexico\/wp-json\/wp\/v2\/posts"}],"about":[{"href":"https:\/\/www.greenpeace.org\/mexico\/wp-json\/wp\/v2\/types\/post"}],"author":[{"embeddable":true,"href":"https:\/\/www.greenpeace.org\/mexico\/wp-json\/wp\/v2\/users\/86"}],"replies":[{"embeddable":true,"href":"https:\/\/www.greenpeace.org\/mexico\/wp-json\/wp\/v2\/comments?post=61842"}],"version-history":[{"count":5,"href":"https:\/\/www.greenpeace.org\/mexico\/wp-json\/wp\/v2\/posts\/61842\/revisions"}],"predecessor-version":[{"id":61851,"href":"https:\/\/www.greenpeace.org\/mexico\/wp-json\/wp\/v2\/posts\/61842\/revisions\/61851"}],"wp:featuredmedia":[{"embeddable":true,"href":"https:\/\/www.greenpeace.org\/mexico\/wp-json\/wp\/v2\/media\/61848"}],"wp:attachment":[{"href":"https:\/\/www.greenpeace.org\/mexico\/wp-json\/wp\/v2\/media?parent=61842"}],"wp:term":[{"taxonomy":"category","embeddable":true,"href":"https:\/\/www.greenpeace.org\/mexico\/wp-json\/wp\/v2\/categories?post=61842"},{"taxonomy":"post_tag","embeddable":true,"href":"https:\/\/www.greenpeace.org\/mexico\/wp-json\/wp\/v2\/tags?post=61842"},{"taxonomy":"p4-page-type","embeddable":true,"href":"https:\/\/www.greenpeace.org\/mexico\/wp-json\/wp\/v2\/p4-page-type?post=61842"}],"curies":[{"name":"wp","href":"https:\/\/api.w.org\/{rel}","templated":true}]}}