{"id":62067,"date":"2026-01-19T13:36:43","date_gmt":"2026-01-19T18:36:43","guid":{"rendered":"https:\/\/www.greenpeace.org\/mexico\/?p=62067"},"modified":"2026-01-19T16:59:31","modified_gmt":"2026-01-19T21:59:31","slug":"informe-davos-in-the-sky-ingles","status":"publish","type":"post","link":"https:\/\/www.greenpeace.org\/mexico\/investigacion\/62067\/informe-davos-in-the-sky-ingles\/","title":{"rendered":"Informe: &#8220;Davos in the Sky&#8221; (ingl\u00e9s)"},"content":{"rendered":"\n<div class=\"wp-block-media-text is-stacked-on-mobile\"><figure class=\"wp-block-media-text__media\"><a href=\"https:\/\/greenpeace.at\/uploads\/2026\/01\/greenpeace-report-davos-in-the-sky.pdf\"><img decoding=\"async\" src=\"https:\/\/www.greenpeace.org\/static\/planet4-mexico-stateless\/2026\/01\/643b6d09-captura-de-pantalla-2026-01-19-111103.png\" alt=\"\" sizes=\"(min-width: 1600px) calc((1320px - 24px) \/ 2),(min-width: 1200px) calc((1140px - 24px) \/ 2),(min-width: 992px) calc((960px - 24px) \/ 2),(min-width: 768px) calc((720px - 24px) \/ 2),(min-width: 601px) calc((540px - 24px) \/ 2),(min-width: 577px) calc((540px - 24px) \/ 1), calc(100vw - 24px)\" srcset=\"https:\/\/www.greenpeace.org\/static\/planet4-mexico-stateless\/2026\/01\/643b6d09-captura-de-pantalla-2026-01-19-111103-e1768847895244.png 505w, https:\/\/www.greenpeace.org\/static\/planet4-mexico-stateless\/2026\/01\/643b6d09-captura-de-pantalla-2026-01-19-111103-e1768847895244-300x200.png 300w\" class=\"wp-image-62068 size-full\"\/><\/a><\/figure><div class=\"wp-block-media-text__content\">\n<p class=\"has-text-align-center has-green-800-color has-text-color has-link-color wp-elements-f64681bb61c7daf433e3738e452dd0d7\"><strong>Informe: &#8220;Davos in the Sky&#8221; (en ingl\u00e9s)<\/strong><\/p>\n\n\n\n<p>Un nuevo an\u00e1lisis revela que los vuelos en jet privado asociados al Foro Econ\u00f3mico Mundial se han disparado, convirtiendo los Alpes en un centro t\u00f3xico de estas operaciones y sus emisiones.<\/p>\n\n\n\n<p class=\"has-text-align-center has-green-800-color has-action-yellow-background-color has-text-color has-background has-link-color has-medium-font-size wp-elements-6864c70f4d33561e682b7e8788257a73\"><strong><a href=\"https:\/\/greenpeace.at\/uploads\/2026\/01\/greenpeace-report-davos-in-the-sky.pdf\">DESC\u00c1RGALO<\/a><\/strong><\/p>\n<\/div><\/div>\n","protected":false},"excerpt":{"rendered":"<p>Un nuevo an\u00e1lisis revela que los vuelos en jet privado asociados al Foro Econ\u00f3mico Mundial se han disparado, convirtiendo los Alpes en un centro t\u00f3xico de estas operaciones y sus&hellip;<\/p>\n","protected":false},"author":29,"featured_media":62068,"comment_status":"open","ping_status":"open","sticky":false,"template":"","format":"standard","meta":{"ep_exclude_from_search":false,"p4_og_title":"","p4_og_description":"","p4_og_image":"https:\/\/www.greenpeace.org\/static\/planet4-mexico-stateless\/2026\/01\/643b6d09-captura-de-pantalla-2026-01-19-111103.png","p4_og_image_id":"62068","p4_seo_canonical_url":"","p4_campaign_name":"","p4_local_project":"","p4_basket_name":"","p4_department":"","footnotes":""},"categories":[39],"tags":[7,47],"p4-page-type":[15],"class_list":["post-62067","post","type-post","status-publish","format-standard","has-post-thumbnail","hentry","category-clima-y-energia","tag-transporte","tag-cambio-climatico","p4-page-type-investigacion"],"_links":{"self":[{"href":"https:\/\/www.greenpeace.org\/mexico\/wp-json\/wp\/v2\/posts\/62067","targetHints":{"allow":["GET"]}}],"collection":[{"href":"https:\/\/www.greenpeace.org\/mexico\/wp-json\/wp\/v2\/posts"}],"about":[{"href":"https:\/\/www.greenpeace.org\/mexico\/wp-json\/wp\/v2\/types\/post"}],"author":[{"embeddable":true,"href":"https:\/\/www.greenpeace.org\/mexico\/wp-json\/wp\/v2\/users\/29"}],"replies":[{"embeddable":true,"href":"https:\/\/www.greenpeace.org\/mexico\/wp-json\/wp\/v2\/comments?post=62067"}],"version-history":[{"count":4,"href":"https:\/\/www.greenpeace.org\/mexico\/wp-json\/wp\/v2\/posts\/62067\/revisions"}],"predecessor-version":[{"id":62072,"href":"https:\/\/www.greenpeace.org\/mexico\/wp-json\/wp\/v2\/posts\/62067\/revisions\/62072"}],"wp:featuredmedia":[{"embeddable":true,"href":"https:\/\/www.greenpeace.org\/mexico\/wp-json\/wp\/v2\/media\/62068"}],"wp:attachment":[{"href":"https:\/\/www.greenpeace.org\/mexico\/wp-json\/wp\/v2\/media?parent=62067"}],"wp:term":[{"taxonomy":"category","embeddable":true,"href":"https:\/\/www.greenpeace.org\/mexico\/wp-json\/wp\/v2\/categories?post=62067"},{"taxonomy":"post_tag","embeddable":true,"href":"https:\/\/www.greenpeace.org\/mexico\/wp-json\/wp\/v2\/tags?post=62067"},{"taxonomy":"p4-page-type","embeddable":true,"href":"https:\/\/www.greenpeace.org\/mexico\/wp-json\/wp\/v2\/p4-page-type?post=62067"}],"curies":[{"name":"wp","href":"https:\/\/api.w.org\/{rel}","templated":true}]}}