{"id":62149,"date":"2026-02-04T15:57:52","date_gmt":"2026-02-04T20:57:52","guid":{"rendered":"https:\/\/www.greenpeace.org\/mexico\/?p=62149"},"modified":"2026-02-04T15:57:59","modified_gmt":"2026-02-04T20:57:59","slug":"la-colectividad-nos-salvara","status":"publish","type":"post","link":"https:\/\/www.greenpeace.org\/mexico\/blog\/62149\/la-colectividad-nos-salvara\/","title":{"rendered":"Un poquito de esperanza diaria no hace da\u00f1o\u00a0 \u00bfPor qu\u00e9 la colectividad nos salvar\u00e1?"},"content":{"rendered":"\n<p>En un mundo marcado por guerras, l\u00edderes ego\u00edstas y la concentraci\u00f3n extrema de riqueza, la crisis ambiental parece un problema imposible de enfrentar. Conflictos armados destruyen ecosistemas, mientras la explotaci\u00f3n desmedida de recursos y la toma de decisiones centradas en el beneficio individual amenazan nuestro futuro com\u00fan.<\/p>\n\n<p>Hoy en el D\u00eda de la Fraternidad Humana, es m\u00e1s que valioso recordar que aunque los problemas del mundo puedan sentirse abrumadores, la soluci\u00f3n no est\u00e1 en actuar solos, sino en unir fuerzas.&nbsp;<\/p>\n\n<p>La crisis ambiental nos afecta a todos, desde la disminuci\u00f3n de biodiversidad hasta los cambios en el clima que impactan nuestras ciudades y comunidades. Es f\u00e1cil sentirse impotente frente a noticias y cifras alarmantes, pero cada peque\u00f1a acci\u00f3n cuenta, y a\u00fan m\u00e1s cuando se multiplican en colectividad.&nbsp;<\/p>\n\n<p><strong>\u00bfPor qu\u00e9 la colectividad nos salvar\u00e1?<\/strong>&nbsp;<\/p>\n\n<p>Porque los problemas globales requieren respuestas globales y comunitarias. Cuando nos unimos en proyectos locales, campa\u00f1as ambientales o movimientos sociales, generamos redes de apoyo y conciencia que fortalecen la resiliencia de nuestro planeta y nos recuerdan que no estamos solos.<\/p>\n\n<p>La crisis clim\u00e1tica no es solo ambiental: es tambi\u00e9n social. En Greenpeace trabajamos por un mundo m\u00e1s justo, porque no hay justicia clim\u00e1tica sin justicia social. Nuestra labor parte de una verdad inc\u00f3moda: las estructuras sociales y econ\u00f3micas actuales han beneficiado a unos pocos y han dejado atr\u00e1s a muchas personas. Por eso, defender el planeta tambi\u00e9n implica transformar esos sistemas profundamente injustos.&nbsp;<\/p>\n\n<p>\u200b\u200bAnhelamos un futuro donde vivir en equilibrio con la naturaleza no sea una utop\u00eda, sino la norma. Un planeta sano, verde, justo, pac\u00edfico y solidario.<\/p>\n\n<p>Un poquito de esperanza diaria: una conversaci\u00f3n, un acto consciente, un gesto solidario, suma para enfrentar no solo la crisis ambiental, tambi\u00e9n las desigualdades y la violencia. Hoy la fraternidad humana y la acci\u00f3n colectiva son el ant\u00eddoto frente a la desesperanza ambiental.\u00a0<\/p>\n\n<p>No estamos sol@s. Podemos proteger nuestro hogar com\u00fan y construir un futuro m\u00e1s justo y verde.<\/p>\n\n<p>Recuerda que nosotros no aceptamos donativos de ninguna empresa, partido pol\u00edtico ni gobierno. Tu apoyo mensual garantiza nuestra independencia, transparencia y valent\u00eda para denunciar a quienes destruyen la naturaleza.<br><\/p>\n\t\t\t<section\n\t\t\tclass=\"boxout  \"\n\t\t\t\n\t\t>\n\t\t\t<a\n\t\t\t\tdata-ga-category=\"Take Action Boxout\"\n\t\t\t\tdata-ga-action=\"Image\"\n\t\t\t\tdata-ga-label=\"n\/a\"\n\t\t\t\tclass=\"cover-card-overlay\"\n\t\t\t\thref=\"https:\/\/act.gp\/4tjiLAa\" \n\t\t\t><\/a>\n\t\t\t\t\t\t\t<img\n\t\t\t\t\t\tsrc=\"https:\/\/www.greenpeace.org\/static\/planet4-mexico-stateless\/2023\/05\/6c097625-gp1sxabh_web_size-1.jpg\"\n\t\t\t\t\t\tsrcset=\"https:\/\/www.greenpeace.org\/static\/planet4-mexico-stateless\/2023\/05\/6c097625-gp1sxabh_web_size-1-300x200.jpg 300w, https:\/\/www.greenpeace.org\/static\/planet4-mexico-stateless\/2023\/05\/6c097625-gp1sxabh_web_size-1-768x512.jpg 768w, https:\/\/www.greenpeace.org\/static\/planet4-mexico-stateless\/2023\/05\/6c097625-gp1sxabh_web_size-1-510x340.jpg 510w, https:\/\/www.greenpeace.org\/static\/planet4-mexico-stateless\/2023\/05\/6c097625-gp1sxabh_web_size-1.jpg 800w\"\n\t\t\t\t\t\tsizes=\"(min-width: 1000px) 358px, (min-width: 780px) 313px, 88px\"\n\t\t\t\t\t\talt=\"\" title=\"\"\n\t\t\t\t\/>\n            \t\t\t<div class=\"boxout-content\">\n\t\t\t\t\t\t\t\t\t<a\n\t\t\t\t\t\tclass=\"boxout-heading medium\"\n\t\t\t\t\t\tdata-ga-category=\"Take Action Boxout\"\n\t\t\t\t\t\tdata-ga-action=\"Title\"\n\t\t\t\t\t\tdata-ga-label=\"n\/a\"\n\t\t\t\t\t\thref=\"https:\/\/act.gp\/4tjiLAa\"\n\t\t\t\t\t\t\n\t\t\t\t\t>\n\t\t\t\t\t\tSi t\u00fa tambi\u00e9n quieres sumarte a la acci\u00f3n colectiva&#8230;\n\t\t\t\t\t<\/a>\n\t\t\t\t\t\t\t\t\t\t\t\t\t<p class=\"boxout-excerpt\"><strong>\u00a1Apoya el activismo de Greenpeace<\/strong>!<\/p>\n\t\t\t\t                                    <a\n                        class=\"btn btn-primary\"\n                        data-ga-category=\"Take Action Boxout\"\n                        data-ga-action=\"Call to Action\"\n                        data-ga-label=\"n\/a\"\n                        href=\"https:\/\/act.gp\/4tjiLAa\"\n                        \n                    >\n                        AQU\u00cd\n                    <\/a>\n                \t\t\t<\/div>\n\t\t\t\t\t<\/section>\n\t\n<p><\/p>\n","protected":false},"excerpt":{"rendered":"<p>Hoy en el D\u00eda de la Fraternidad Humana, es m\u00e1s que valioso recordar que aunque los problemas del mundo puedan sentirse abrumadores, la soluci\u00f3n no est\u00e1 en actuar solos, sino en unir fuerzas.\u00a0<\/p>\n","protected":false},"author":43,"featured_media":52905,"comment_status":"open","ping_status":"open","sticky":false,"template":"","format":"standard","meta":{"ep_exclude_from_search":false,"p4_og_title":"Un poquito de esperanza diaria no hace da\u00f1o\u00a0 \u00bfPor qu\u00e9 la colectividad nos salvar\u00e1?","p4_og_description":"Hoy en el D\u00eda de la Fraternidad Humana, es m\u00e1s que valioso recordar que aunque los problemas del mundo puedan sentirse abrumadores, la soluci\u00f3n no est\u00e1 en actuar solos, sino en unir fuerzas.\u00a0","p4_og_image":"","p4_og_image_id":"","p4_seo_canonical_url":"","p4_campaign_name":"","p4_local_project":"","p4_basket_name":"","p4_department":"","footnotes":""},"categories":[77],"tags":[21,49],"p4-page-type":[14],"class_list":["post-62149","post","type-post","status-publish","format-standard","has-post-thumbnail","hentry","category-derechos-humanos","tag-activismo","tag-derechos-humanos","p4-page-type-blog"],"_links":{"self":[{"href":"https:\/\/www.greenpeace.org\/mexico\/wp-json\/wp\/v2\/posts\/62149","targetHints":{"allow":["GET"]}}],"collection":[{"href":"https:\/\/www.greenpeace.org\/mexico\/wp-json\/wp\/v2\/posts"}],"about":[{"href":"https:\/\/www.greenpeace.org\/mexico\/wp-json\/wp\/v2\/types\/post"}],"author":[{"embeddable":true,"href":"https:\/\/www.greenpeace.org\/mexico\/wp-json\/wp\/v2\/users\/43"}],"replies":[{"embeddable":true,"href":"https:\/\/www.greenpeace.org\/mexico\/wp-json\/wp\/v2\/comments?post=62149"}],"version-history":[{"count":3,"href":"https:\/\/www.greenpeace.org\/mexico\/wp-json\/wp\/v2\/posts\/62149\/revisions"}],"predecessor-version":[{"id":62153,"href":"https:\/\/www.greenpeace.org\/mexico\/wp-json\/wp\/v2\/posts\/62149\/revisions\/62153"}],"wp:featuredmedia":[{"embeddable":true,"href":"https:\/\/www.greenpeace.org\/mexico\/wp-json\/wp\/v2\/media\/52905"}],"wp:attachment":[{"href":"https:\/\/www.greenpeace.org\/mexico\/wp-json\/wp\/v2\/media?parent=62149"}],"wp:term":[{"taxonomy":"category","embeddable":true,"href":"https:\/\/www.greenpeace.org\/mexico\/wp-json\/wp\/v2\/categories?post=62149"},{"taxonomy":"post_tag","embeddable":true,"href":"https:\/\/www.greenpeace.org\/mexico\/wp-json\/wp\/v2\/tags?post=62149"},{"taxonomy":"p4-page-type","embeddable":true,"href":"https:\/\/www.greenpeace.org\/mexico\/wp-json\/wp\/v2\/p4-page-type?post=62149"}],"curies":[{"name":"wp","href":"https:\/\/api.w.org\/{rel}","templated":true}]}}