{"id":62703,"date":"2026-03-31T08:00:00","date_gmt":"2026-03-31T13:00:00","guid":{"rendered":"https:\/\/www.greenpeace.org\/mexico\/?p=62703"},"modified":"2026-03-29T15:29:05","modified_gmt":"2026-03-29T20:29:05","slug":"vacaciones-que-cuidan","status":"publish","type":"post","link":"https:\/\/www.greenpeace.org\/mexico\/blog\/62703\/vacaciones-que-cuidan\/","title":{"rendered":"Vacaciones que cuidan: Proteger hoy lo que ma\u00f1ana queremos disfrutar."},"content":{"rendered":"\n<p>Semana Santa llega este a\u00f1o en medio de una emergencia ambiental&nbsp; y comunidades en crisis. En esta temporada las costas mexicanas se llenan de turismo y diversi\u00f3n, pero mientras miles planean escapar al mar, en Veracruz hay comunidades que lejos de descansar, temen una temporada llena de retos e incertidumbre ante el desastre ambiental que enfrentan.<\/p>\n\n<p>A m\u00e1s de un mes de detectar un <a href=\"https:\/\/www.greenpeace.org\/mexico\/informacion-prensa\/62546\/desastre-petrolero-sigue-afectando-golfo-de-mexico\/\">derrame de petr\u00f3leo en playas y lagunas de Veracruz<\/a>  y Tabasco, la mancha de crudo en el Golfo de M\u00e9xico sigue expandi\u00e9ndose, con impactos severos en los ecosistemas y comunidades habitantes de las diversas zonas afectadas.<\/p>\n\t\t\t<section\n\t\t\tclass=\"boxout  \"\n\t\t\t\n\t\t>\n\t\t\t<a\n\t\t\t\tdata-ga-category=\"Take Action Boxout\"\n\t\t\t\tdata-ga-action=\"Image\"\n\t\t\t\tdata-ga-label=\"n\/a\"\n\t\t\t\tclass=\"cover-card-overlay\"\n\t\t\t\thref=\"https:\/\/actua.greenpeace.org.mx\/justicia-energetica\u00a0\" \n\t\t\t><\/a>\n\t\t\t\t\t\t\t<img\n\t\t\t\t\t\tsrc=\"https:\/\/www.greenpeace.org\/static\/planet4-mexico-stateless\/2026\/03\/85ab5e45-captura-de-pantalla-2026-03-26-153823.png\"\n\t\t\t\t\t\tsrcset=\"https:\/\/www.greenpeace.org\/static\/planet4-mexico-stateless\/2026\/03\/85ab5e45-captura-de-pantalla-2026-03-26-153823-300x279.png 300w, https:\/\/www.greenpeace.org\/static\/planet4-mexico-stateless\/2026\/03\/85ab5e45-captura-de-pantalla-2026-03-26-153823-365x340.png 365w, https:\/\/www.greenpeace.org\/static\/planet4-mexico-stateless\/2026\/03\/85ab5e45-captura-de-pantalla-2026-03-26-153823.png 760w\"\n\t\t\t\t\t\tsizes=\"(min-width: 1000px) 358px, (min-width: 780px) 313px, 88px\"\n\t\t\t\t\t\talt=\"\u00a1Qu\u00e9 no desacrediten nuestra voz!\" title=\"\u00a1Qu\u00e9 no desacrediten nuestra voz!\"\n\t\t\t\t\/>\n            \t\t\t<div class=\"boxout-content\">\n\t\t\t\t\t\t\t\t\t<a\n\t\t\t\t\t\tclass=\"boxout-heading medium\"\n\t\t\t\t\t\tdata-ga-category=\"Take Action Boxout\"\n\t\t\t\t\t\tdata-ga-action=\"Title\"\n\t\t\t\t\t\tdata-ga-label=\"n\/a\"\n\t\t\t\t\t\thref=\"https:\/\/actua.greenpeace.org.mx\/justicia-energetica\u00a0\"\n\t\t\t\t\t\t\n\t\t\t\t\t>\n\t\t\t\t\t\t\u00a1Qu\u00e9 no desacrediten nuestra voz!\n\t\t\t\t\t<\/a>\n\t\t\t\t\t\t\t\t\t\t\t\t\t<p class=\"boxout-excerpt\"><strong>\u00a0\u00a1El derrame de petr\u00f3leo en el Golfo de M\u00e9xico es una realidad!\u00a0<\/strong><\/p>\n\t\t\t\t                                    <a\n                        class=\"btn btn-primary\"\n                        data-ga-category=\"Take Action Boxout\"\n                        data-ga-action=\"Call to Action\"\n                        data-ga-label=\"n\/a\"\n                        href=\"https:\/\/actua.greenpeace.org.mx\/justicia-energetica\u00a0\"\n                        \n                    >\n                        FIRMA\n                    <\/a>\n                \t\t\t<\/div>\n\t\t\t\t\t<\/section>\n\t\n<p>Las im\u00e1genes que han circulado muestran manchas oscuras avanzando sobre el mar, playas con chapopote, fauna afectada y zonas pesqueras comprometidas. Pero m\u00e1s all\u00e1 del impacto visible, hay algo que no se alcanza a ver a simple vista: lo que ese petr\u00f3leo deja en los cuerpos y en la vida cotidiana.<\/p>\n\n<p>La exposici\u00f3n a hidrocarburos puede provocar:<\/p>\n\n<ul class=\"wp-block-list\">\n<li>Irritaci\u00f3n en piel y ojos<\/li>\n\n\n\n<li>Problemas respiratorios<\/li>\n\n\n\n<li>Dolores de cabeza y n\u00e1useas<\/li>\n\n\n\n<li>Riesgos a largo plazo por consumo de agua o alimentos contaminados o contacto directo con el crudo.<\/li>\n<\/ul>\n\n<p>Para quienes viven del mar, el riesgo no es opcional. Es diario.<\/p>\n\n<figure class=\"wp-block-image size-large\"><img loading=\"lazy\" decoding=\"async\" width=\"1024\" height=\"569\" src=\"https:\/\/www.greenpeace.org\/static\/planet4-mexico-stateless\/2026\/03\/3b78e42b-medidas-carrusel-header-40-1024x569.png\" alt=\"\" class=\"wp-image-62715\" srcset=\"https:\/\/www.greenpeace.org\/static\/planet4-mexico-stateless\/2026\/03\/3b78e42b-medidas-carrusel-header-40-1024x569.png 1024w, https:\/\/www.greenpeace.org\/static\/planet4-mexico-stateless\/2026\/03\/3b78e42b-medidas-carrusel-header-40-300x167.png 300w, https:\/\/www.greenpeace.org\/static\/planet4-mexico-stateless\/2026\/03\/3b78e42b-medidas-carrusel-header-40-768x427.png 768w, https:\/\/www.greenpeace.org\/static\/planet4-mexico-stateless\/2026\/03\/3b78e42b-medidas-carrusel-header-40-510x283.png 510w, https:\/\/www.greenpeace.org\/static\/planet4-mexico-stateless\/2026\/03\/3b78e42b-medidas-carrusel-header-40.png 1440w\" sizes=\"auto, (max-width: 1024px) 100vw, 1024px\" \/><figcaption class=\"wp-element-caption\"> Restos de hidrocarburo a pie de playa en Pajapan, Veracruz &#8211; Greenpeace M\u00e9xico_ Jorge Serratos<\/figcaption><\/figure>\n\n<p>Lo que ocurri\u00f3 en el Golfo de M\u00e9xico nos recuerda lo que est\u00e1 en juego. Un derrame de petr\u00f3leo no solo ensucia el mar, transforma por completo a estos lugares y a la vida de quien los habita.&nbsp;<\/p>\n\n<p>Las repercusiones en la econom\u00eda local empiezan a ser visibles. <a href=\"https:\/\/imagendeveracruz.mx\/veracruz\/hidrocarburos-llegan-a-muelle-de-pescadores-en-veracruz-afecta-trabajo-en-el-mar-20260324-0050.html\">Pescadores, restaurantes, mercados que dependen del oc\u00e9ano est\u00e1n en crisis<\/a>, no pueden pescar, o bien, lo que recolectan est\u00e1 da\u00f1ado con olor al combustible y por lo tanto se traduce en un producto invendible e inseguro. Sus posibles ganancias extra por la llegada del turismo se ven comprometidas, por razones totalmente ajenas a ellas y ellos.<\/p>\n\n<h3 class=\"wp-block-heading\"><strong>Prevenir es la verdadera soluci\u00f3n<\/strong><\/h3>\n\n<p>Los desastres ambientales como \u00e9ste son evitables, son consecuencia de decisiones mal informadas y la falta de planeaci\u00f3n adecuada, con base en modelos energ\u00e9ticos que dependen en combustibles f\u00f3siles, falta de regulaci\u00f3n, mantenimiento de infraestructura, y poca transparencia para con la sociedad.<\/p>\n\n<p>Lo ocurrido en Veracruz no es un caso aislado, sino un recordatorio de los riesgos de un modelo energ\u00e9tico que&nbsp; ignora sus impactos. El petr\u00f3leo y el gas son combustibles que generan grandes da\u00f1os (sociales, pol\u00edticos y ambientales) frente a las energ\u00edas renovables que son la opci\u00f3n si queremos evitar m\u00e1s incidentes como estos y combatir el cambio clim\u00e1tico. Elegir esta segunda opci\u00f3n no llevar\u00eda a entornos m\u00e1s seguros, saludables y responsables con las personas, biodiversidad y ecosistemas. Es momento de cambiar.<\/p>\n\n<p>Las playas, selvas, r\u00edos y manglares que miles de personas visitan cada temporada, no solo son destinos tur\u00edsticos, son ecosistemas vivos que sostienen la vida y supervivencia de comunidades.<\/p>\n\n<p>La exigencia es directa a las autoridades: transparencia, responsabilidad, rendici\u00f3n de cuentas y una reparaci\u00f3n justa y pronta sobre el derrame de hidrocarburos en el Golfo de M\u00e9xico.<\/p>\n\n<p>No puede haber descanso en territorios contaminados, ni puede haber desarrollo a costa de la vida.<\/p>\n\n<h3 class=\"wp-block-heading has-text-align-center has-green-500-color has-text-color has-link-color wp-elements-8d82d02fca40ef50bb1e58cebd5192d4\"><strong>\u00a1Comparte esta informaci\u00f3n&nbsp; y suma tu voz!<\/strong><\/h3>\n\n<p class=\"has-text-align-center\"><strong>#YoS\u00edVeoElDerrame<\/strong><\/p>\n","protected":false},"excerpt":{"rendered":"<p>Semana Santa llega este a\u00f1o en medio de una emergencia ambiental\u00a0 y comunidades en crisis. No puede haber descanso en territorios contaminados.<\/p>\n","protected":false},"author":29,"featured_media":62706,"comment_status":"open","ping_status":"open","sticky":false,"template":"","format":"standard","meta":{"ep_exclude_from_search":false,"p4_og_title":"Vacaciones que cuidan: Proteger hoy lo que ma\u00f1ana queremos disfrutar.","p4_og_description":"Semana Santa llega este a\u00f1o en medio de una emergencia ambiental\u00a0 y comunidades en crisis. En esta temporada las costas mexicanas se llenan de turismo y diversi\u00f3n, pero mientras miles planean escapar al mar, en Veracruz hay comunidades que lejos de descansar, temen una temporada llena de retos e incertidumbre ante el desastre ambiental que enfrentan.","p4_og_image":"https:\/\/www.greenpeace.org\/static\/planet4-mexico-stateless\/2026\/03\/c23932fa-medidas-carrusel-header-39.png","p4_og_image_id":"62706","p4_seo_canonical_url":"","p4_campaign_name":"","p4_local_project":"","p4_basket_name":"","p4_department":"","footnotes":""},"categories":[39,44],"tags":[53],"p4-page-type":[14],"class_list":["post-62703","post","type-post","status-publish","format-standard","has-post-thumbnail","hentry","category-clima-y-energia","category-oceanos","tag-perdida-de-ecosistemas","p4-page-type-blog"],"_links":{"self":[{"href":"https:\/\/www.greenpeace.org\/mexico\/wp-json\/wp\/v2\/posts\/62703","targetHints":{"allow":["GET"]}}],"collection":[{"href":"https:\/\/www.greenpeace.org\/mexico\/wp-json\/wp\/v2\/posts"}],"about":[{"href":"https:\/\/www.greenpeace.org\/mexico\/wp-json\/wp\/v2\/types\/post"}],"author":[{"embeddable":true,"href":"https:\/\/www.greenpeace.org\/mexico\/wp-json\/wp\/v2\/users\/29"}],"replies":[{"embeddable":true,"href":"https:\/\/www.greenpeace.org\/mexico\/wp-json\/wp\/v2\/comments?post=62703"}],"version-history":[{"count":5,"href":"https:\/\/www.greenpeace.org\/mexico\/wp-json\/wp\/v2\/posts\/62703\/revisions"}],"predecessor-version":[{"id":62716,"href":"https:\/\/www.greenpeace.org\/mexico\/wp-json\/wp\/v2\/posts\/62703\/revisions\/62716"}],"wp:featuredmedia":[{"embeddable":true,"href":"https:\/\/www.greenpeace.org\/mexico\/wp-json\/wp\/v2\/media\/62706"}],"wp:attachment":[{"href":"https:\/\/www.greenpeace.org\/mexico\/wp-json\/wp\/v2\/media?parent=62703"}],"wp:term":[{"taxonomy":"category","embeddable":true,"href":"https:\/\/www.greenpeace.org\/mexico\/wp-json\/wp\/v2\/categories?post=62703"},{"taxonomy":"post_tag","embeddable":true,"href":"https:\/\/www.greenpeace.org\/mexico\/wp-json\/wp\/v2\/tags?post=62703"},{"taxonomy":"p4-page-type","embeddable":true,"href":"https:\/\/www.greenpeace.org\/mexico\/wp-json\/wp\/v2\/p4-page-type?post=62703"}],"curies":[{"name":"wp","href":"https:\/\/api.w.org\/{rel}","templated":true}]}}