{"id":62833,"date":"2026-04-18T10:22:16","date_gmt":"2026-04-18T15:22:16","guid":{"rendered":"https:\/\/www.greenpeace.org\/mexico\/?p=62833"},"modified":"2026-04-27T10:54:56","modified_gmt":"2026-04-27T15:54:56","slug":"una-mancha-en-el-mar-y-en-la-comunidad-cronica-desde-veracruz","status":"publish","type":"post","link":"https:\/\/www.greenpeace.org\/mexico\/blog\/62833\/una-mancha-en-el-mar-y-en-la-comunidad-cronica-desde-veracruz\/","title":{"rendered":"Una mancha en el mar y en la comunidad: cr\u00f3nica desde Veracruz."},"content":{"rendered":"\n<p><strong>Por: Dayro de la Fuente \/ Coordinador de voluntarios M\u00e9xico <\/strong><\/p>\n\n<p>Cuando uno va a Veracruz, espera encontrar el mar como lo conocemos: abierto, vivo y en movimiento. Pero esta vez se sent\u00eda distinto.<\/p>\n\n<p>Parte del equipo que conformamos Greenpeace M\u00e9xico acudimos a Pajapan, Veracruz en la semana del 21 al 26 de marzo, para documentar el da\u00f1o ocasionado por el <a href=\"https:\/\/www.greenpeace.org\/mexico\/informacion-prensa\/62769\/crisis-socioambiental-en-el-golfo-de-mexico\/\">derrame de hidrocarburos <\/a>que inici\u00f3 desde febrero del 2026.<\/p>\n\n<p><\/p>\n\t\t\t<section\n\t\t\tclass=\"boxout  \"\n\t\t\t\n\t\t>\n\t\t\t<a\n\t\t\t\tdata-ga-category=\"Take Action Boxout\"\n\t\t\t\tdata-ga-action=\"Image\"\n\t\t\t\tdata-ga-label=\"n\/a\"\n\t\t\t\tclass=\"cover-card-overlay\"\n\t\t\t\thref=\"https:\/\/actua.greenpeace.org.mx\/justicia-energetica\" \n\t\t\t><\/a>\n\t\t\t\t\t\t\t<img\n\t\t\t\t\t\tsrc=\"https:\/\/www.greenpeace.org\/static\/planet4-mexico-stateless\/2026\/03\/85ab5e45-captura-de-pantalla-2026-03-26-153823.png\"\n\t\t\t\t\t\tsrcset=\"https:\/\/www.greenpeace.org\/static\/planet4-mexico-stateless\/2026\/03\/85ab5e45-captura-de-pantalla-2026-03-26-153823-300x279.png 300w, https:\/\/www.greenpeace.org\/static\/planet4-mexico-stateless\/2026\/03\/85ab5e45-captura-de-pantalla-2026-03-26-153823-365x340.png 365w, https:\/\/www.greenpeace.org\/static\/planet4-mexico-stateless\/2026\/03\/85ab5e45-captura-de-pantalla-2026-03-26-153823.png 760w\"\n\t\t\t\t\t\tsizes=\"(min-width: 1000px) 358px, (min-width: 780px) 313px, 88px\"\n\t\t\t\t\t\talt=\"\u00a1Qu\u00e9 no desacrediten nuestra voz!\" title=\"\u00a1Qu\u00e9 no desacrediten nuestra voz!\"\n\t\t\t\t\/>\n            \t\t\t<div class=\"boxout-content\">\n\t\t\t\t\t\t\t\t\t<a\n\t\t\t\t\t\tclass=\"boxout-heading medium\"\n\t\t\t\t\t\tdata-ga-category=\"Take Action Boxout\"\n\t\t\t\t\t\tdata-ga-action=\"Title\"\n\t\t\t\t\t\tdata-ga-label=\"n\/a\"\n\t\t\t\t\t\thref=\"https:\/\/actua.greenpeace.org.mx\/justicia-energetica\"\n\t\t\t\t\t\t\n\t\t\t\t\t>\n\t\t\t\t\t\t\u00a1Basta de combistibles f\u00f3siles!\n\t\t\t\t\t<\/a>\n\t\t\t\t\t\t\t\t\t\t\t\t\t<p class=\"boxout-excerpt\">Los derrames de petr\u00f3leo no son accidentes aislados \u00a1ALTO!<\/p>\n\t\t\t\t                                    <a\n                        class=\"btn btn-primary\"\n                        data-ga-category=\"Take Action Boxout\"\n                        data-ga-action=\"Call to Action\"\n                        data-ga-label=\"n\/a\"\n                        href=\"https:\/\/actua.greenpeace.org.mx\/justicia-energetica\"\n                        \n                    >\n                        FIRMA\n                    <\/a>\n                \t\t\t<\/div>\n\t\t\t\t\t<\/section>\n\t\n<p>No estaba preparado para un sentimiento que el mar nunca me hab\u00eda hecho experimentar. Hab\u00eda algo en el aire, en la orilla, en la forma en que el paisaje se sosten\u00eda en silencio. El mar, que normalmente habla con fuerza, parec\u00eda contenido. Como si estuviera resistiendo algo que no deber\u00eda estar ah\u00ed.<\/p>\n\n<figure class=\"wp-block-image size-large\"><img loading=\"lazy\" decoding=\"async\" width=\"1024\" height=\"576\" src=\"https:\/\/www.greenpeace.org\/static\/planet4-mexico-stateless\/2026\/04\/11846c8f-foto-cortesia-de-pablo-e.-piovano-2-1024x576.png\" alt=\"\" class=\"wp-image-62849\" srcset=\"https:\/\/www.greenpeace.org\/static\/planet4-mexico-stateless\/2026\/04\/11846c8f-foto-cortesia-de-pablo-e.-piovano-2-1024x576.png 1024w, https:\/\/www.greenpeace.org\/static\/planet4-mexico-stateless\/2026\/04\/11846c8f-foto-cortesia-de-pablo-e.-piovano-2-300x169.png 300w, https:\/\/www.greenpeace.org\/static\/planet4-mexico-stateless\/2026\/04\/11846c8f-foto-cortesia-de-pablo-e.-piovano-2-768x432.png 768w, https:\/\/www.greenpeace.org\/static\/planet4-mexico-stateless\/2026\/04\/11846c8f-foto-cortesia-de-pablo-e.-piovano-2-510x287.png 510w, https:\/\/www.greenpeace.org\/static\/planet4-mexico-stateless\/2026\/04\/11846c8f-foto-cortesia-de-pablo-e.-piovano-2.png 1366w\" sizes=\"auto, (max-width: 1024px) 100vw, 1024px\" \/><\/figure>\n\n<h3 class=\"wp-block-heading\">El oc\u00e9ano no es un recurso: es vida<\/h3>\n\n<p><br>Durante a\u00f1os hemos normalizado que el oc\u00e9ano est\u00e1 ah\u00ed para usarse, como un recurso m\u00e1s, ignorando que es un ecosistema finito del cual depende la vida en todo el planeta. Es un cuerpo vivo, produce m\u00e1s del 50% del ox\u00edgeno que respiramos, regula el clima al absorber calor y carbono, y es fuente de alimento, salud y sustento econ\u00f3mico para cientos de comunidades.<br><\/p>\n\n<p>Lo que ocurre en el mar atraviesa todas las formas de vida. Un derrame de petr\u00f3leo no es un error aislado. Es la consecuencia de un modelo que sigue apostando por combustibles f\u00f3siles. Un modelo que prioriza el valor econ\u00f3mico sobre la vida. Recuerdo estar en la orilla, viendo como cada lugar en la playa ten\u00eda sedimentos de hidrocarburo, s\u00ed, \u00a1no hab\u00eda un s\u00f3lo lugar que no estuviera en la misma situaci\u00f3n!, caminar por la arena aunque fueran un par de minutos dejaba en tus botas plastas obscuras dif\u00edciles de quitar.<\/p>\n\n<p><br>A unos metros, personas intentaban limpiar con lo que ten\u00edan a la mano. Sin equipo, sin protecci\u00f3n, pero con toda el alma. Solo con la urgencia de quien sabe que si no lo hace, nadie m\u00e1s lo har\u00e1 a tiempo.<br>El mar deja de ser sustento y se convierte en preocupaci\u00f3n constante. Lo que antes era certeza, ahora es duda. No hay turistas, no hay venta, no hay claridad sobre cu\u00e1ndo va a terminar esto.<\/p>\n\n<p><br>Y hay algo profundamente injusto: quienes menos responsabilidad tienen, son quienes enfrentan las consecuencias m\u00e1s duras.<\/p>\n\n<figure class=\"wp-block-image size-large\"><img loading=\"lazy\" decoding=\"async\" width=\"1024\" height=\"576\" src=\"https:\/\/www.greenpeace.org\/static\/planet4-mexico-stateless\/2026\/04\/93db7e2f-foto-cortesia-de-pablo-e.-piovano-3-1024x576.png\" alt=\"\" class=\"wp-image-62848\" srcset=\"https:\/\/www.greenpeace.org\/static\/planet4-mexico-stateless\/2026\/04\/93db7e2f-foto-cortesia-de-pablo-e.-piovano-3-1024x576.png 1024w, https:\/\/www.greenpeace.org\/static\/planet4-mexico-stateless\/2026\/04\/93db7e2f-foto-cortesia-de-pablo-e.-piovano-3-300x169.png 300w, https:\/\/www.greenpeace.org\/static\/planet4-mexico-stateless\/2026\/04\/93db7e2f-foto-cortesia-de-pablo-e.-piovano-3-768x432.png 768w, https:\/\/www.greenpeace.org\/static\/planet4-mexico-stateless\/2026\/04\/93db7e2f-foto-cortesia-de-pablo-e.-piovano-3-510x287.png 510w, https:\/\/www.greenpeace.org\/static\/planet4-mexico-stateless\/2026\/04\/93db7e2f-foto-cortesia-de-pablo-e.-piovano-3.png 1366w\" sizes=\"auto, (max-width: 1024px) 100vw, 1024px\" \/><\/figure>\n\n<p>Cada derrame nos recuerda algo inc\u00f3modo: esto es evitable.Es el resultado de seguir sosteniendo un modelo energ\u00e9tico que prioriza la extracci\u00f3n sobre la vida, la ganancia sobre el cuidado y la inmediatez sobre el futuro.<\/p>\n\n<p><br>Hablar de transici\u00f3n energ\u00e9tica no es una idea abstracta.Es hablar de responsabilidad. Es hablar de poner a las personas al centro.De construir un modelo que no sacrifique territorios ni comunidades.<\/p>\n\n<p>Hay momentos que incomodan porque nos obligan a posicionarnos. Este es uno de ellos. El mar no necesita m\u00e1s diagn\u00f3sticos. Necesita decisiones. <\/p>\n\n<p><strong>Es momento de reflexionar sobre lo que hemos decidido permitir, y de lo que todav\u00eda estamos a tiempo de cambiar.<\/strong><\/p>\n","protected":false},"excerpt":{"rendered":"<p>Cuando uno va a Veracruz, espera encontrar el mar como lo conocemos: abierto, vivo y en movimiento. Pero esta vez se sent\u00eda distinto.<\/p>\n","protected":false},"author":88,"featured_media":62835,"comment_status":"open","ping_status":"open","sticky":false,"template":"","format":"standard","meta":{"ep_exclude_from_search":false,"p4_og_title":"Una mancha en el mar y en la comunidad: cr\u00f3nica desde Veracruz","p4_og_description":"Parte del equipo que conformamos Greenpeace M\u00e9xico acudimos  a Pajapan, Veracruz en la semana del 21 al 26 de marzo, para documentar el da\u00f1o ocasionado por el derrame de hidrocarburos que inici\u00f3 desde febrero del 2026.","p4_og_image":"https:\/\/www.greenpeace.org\/static\/planet4-mexico-stateless\/2026\/04\/81337764-5372.jpg","p4_og_image_id":"62835","p4_seo_canonical_url":"","p4_campaign_name":"","p4_local_project":"","p4_basket_name":"","p4_department":"","footnotes":""},"categories":[39],"tags":[51,53],"p4-page-type":[14],"class_list":["post-62833","post","type-post","status-publish","format-standard","has-post-thumbnail","hentry","category-clima-y-energia","tag-combustibles-fosiles","tag-perdida-de-ecosistemas","p4-page-type-blog"],"_links":{"self":[{"href":"https:\/\/www.greenpeace.org\/mexico\/wp-json\/wp\/v2\/posts\/62833","targetHints":{"allow":["GET"]}}],"collection":[{"href":"https:\/\/www.greenpeace.org\/mexico\/wp-json\/wp\/v2\/posts"}],"about":[{"href":"https:\/\/www.greenpeace.org\/mexico\/wp-json\/wp\/v2\/types\/post"}],"author":[{"embeddable":true,"href":"https:\/\/www.greenpeace.org\/mexico\/wp-json\/wp\/v2\/users\/88"}],"replies":[{"embeddable":true,"href":"https:\/\/www.greenpeace.org\/mexico\/wp-json\/wp\/v2\/comments?post=62833"}],"version-history":[{"count":3,"href":"https:\/\/www.greenpeace.org\/mexico\/wp-json\/wp\/v2\/posts\/62833\/revisions"}],"predecessor-version":[{"id":62852,"href":"https:\/\/www.greenpeace.org\/mexico\/wp-json\/wp\/v2\/posts\/62833\/revisions\/62852"}],"wp:featuredmedia":[{"embeddable":true,"href":"https:\/\/www.greenpeace.org\/mexico\/wp-json\/wp\/v2\/media\/62835"}],"wp:attachment":[{"href":"https:\/\/www.greenpeace.org\/mexico\/wp-json\/wp\/v2\/media?parent=62833"}],"wp:term":[{"taxonomy":"category","embeddable":true,"href":"https:\/\/www.greenpeace.org\/mexico\/wp-json\/wp\/v2\/categories?post=62833"},{"taxonomy":"post_tag","embeddable":true,"href":"https:\/\/www.greenpeace.org\/mexico\/wp-json\/wp\/v2\/tags?post=62833"},{"taxonomy":"p4-page-type","embeddable":true,"href":"https:\/\/www.greenpeace.org\/mexico\/wp-json\/wp\/v2\/p4-page-type?post=62833"}],"curies":[{"name":"wp","href":"https:\/\/api.w.org\/{rel}","templated":true}]}}