{"id":62867,"date":"2026-04-30T11:24:09","date_gmt":"2026-04-30T16:24:09","guid":{"rendered":"https:\/\/www.greenpeace.org\/mexico\/?p=62867"},"modified":"2026-04-30T11:24:15","modified_gmt":"2026-04-30T16:24:15","slug":"dia-de-las-infancias","status":"publish","type":"post","link":"https:\/\/www.greenpeace.org\/mexico\/blog\/62867\/dia-de-las-infancias\/","title":{"rendered":"D\u00eda de las infancias: Las nuevas generaciones no son responsables de nuestras decisiones ambientales."},"content":{"rendered":"\n<p>El D\u00eda de las Infancias nos invita a celebrar, reconocer y proteger a quienes representan el presente y el futuro. Hoy, las infancias crecen en un contexto marcado por la crisis ambiental. Escuchan sobre el cambio clim\u00e1tico, la escasez de agua, la contaminaci\u00f3n y la p\u00e9rdida de biodiversidad, muchos incluso ya est\u00e1n viviendo estas problem\u00e1ticas antes de entender completamente qu\u00e9 significan.&nbsp;<\/p>\n\n<p>Seg\u00fan el <a href=\"https:\/\/www.unicef.org\/media\/105541\/file\/UNICEF_climate%20crisis_child_rights_crisis-summary-ES.pdf\">\u00cdndice de Riesgo Clim\u00e1tico de la Infancia de UNICEF<\/a> revela que 1.000 millones de ni\u00f1os est\u00e1n expuestos a un riesgo clim\u00e1tico \u201cextremadamente alto\u201d .<\/p>\n\n<p>Desde 1989, pr\u00e1cticamente todos los pa\u00edses del mundo acordaron que los ni\u00f1os tienen derecho a vivir en un medio ambiente limpio, a respirar aire puro, y a disponer de agua para beber y alimentos que comer. Pero con su inacci\u00f3n ante el cambio clim\u00e1tico, los dirigentes del mundo est\u00e1n incumpliendo esta promesa.&nbsp;<\/p>\n\n<p>En lugar de ir a la escuela o vivir en un hogar seguro, los ni\u00f1os soportan hambrunas, conflictos y enfermedades mortales como consecuencia de las transformaciones clim\u00e1ticas y medioambientales. Problemas como la crisis ambiental, la desigualdad social, la violencia o la incertidumbre econ\u00f3mica no surgieron de la nada; son el resultado de decisiones acumuladas durante d\u00e9cadas.<\/p>\n\t\t\t<section\n\t\t\tclass=\"boxout  \"\n\t\t\t\n\t\t>\n\t\t\t<a\n\t\t\t\tdata-ga-category=\"Take Action Boxout\"\n\t\t\t\tdata-ga-action=\"Image\"\n\t\t\t\tdata-ga-label=\"n\/a\"\n\t\t\t\tclass=\"cover-card-overlay\"\n\t\t\t\thref=\"https:\/\/donacion.greenpeace.org.mx\/page\/atrevete\" \n\t\t\t><\/a>\n\t\t\t\t\t\t\t<img\n\t\t\t\t\t\tsrc=\"https:\/\/www.greenpeace.org\/static\/planet4-mexico-stateless\/2026\/03\/c89c0729-imagen-donacion-pagina-web-1-1024x576.png\"\n\t\t\t\t\t\tsrcset=\"https:\/\/www.greenpeace.org\/static\/planet4-mexico-stateless\/2026\/03\/c89c0729-imagen-donacion-pagina-web-1-300x169.png 300w, https:\/\/www.greenpeace.org\/static\/planet4-mexico-stateless\/2026\/03\/c89c0729-imagen-donacion-pagina-web-1-1024x576.png 1024w, https:\/\/www.greenpeace.org\/static\/planet4-mexico-stateless\/2026\/03\/c89c0729-imagen-donacion-pagina-web-1-768x432.png 768w, https:\/\/www.greenpeace.org\/static\/planet4-mexico-stateless\/2026\/03\/c89c0729-imagen-donacion-pagina-web-1-510x287.png 510w, https:\/\/www.greenpeace.org\/static\/planet4-mexico-stateless\/2026\/03\/c89c0729-imagen-donacion-pagina-web-1.png 1248w\"\n\t\t\t\t\t\tsizes=\"(min-width: 1000px) 358px, (min-width: 780px) 313px, 88px\"\n\t\t\t\t\t\talt=\"\" title=\"\"\n\t\t\t\t\/>\n            \t\t\t<div class=\"boxout-content\">\n\t\t\t\t\t\t\t\t\t<a\n\t\t\t\t\t\tclass=\"boxout-heading medium\"\n\t\t\t\t\t\tdata-ga-category=\"Take Action Boxout\"\n\t\t\t\t\t\tdata-ga-action=\"Title\"\n\t\t\t\t\t\tdata-ga-label=\"n\/a\"\n\t\t\t\t\t\thref=\"https:\/\/donacion.greenpeace.org.mx\/page\/atrevete\"\n\t\t\t\t\t\t\n\t\t\t\t\t>\n\t\t\t\t\t\t\u00a1Ay\u00fadanos a seguir protegiendo al planeta!\n\t\t\t\t\t<\/a>\n\t\t\t\t\t\t\t\t\t\t\t\t\t<p class=\"boxout-excerpt\">S\u00famate al movimiento<\/p>\n\t\t\t\t                                    <a\n                        class=\"btn btn-primary\"\n                        data-ga-category=\"Take Action Boxout\"\n                        data-ga-action=\"Call to Action\"\n                        data-ga-label=\"n\/a\"\n                        href=\"https:\/\/donacion.greenpeace.org.mx\/page\/atrevete\"\n                        \n                    >\n                        Dona aqu\u00ed\n                    <\/a>\n                \t\t\t<\/div>\n\t\t\t\t\t<\/section>\n\t\n<p>Nuestras hijas e hijos heredar\u00e1n las consecuencias de nuestras decisiones; pero tambi\u00e9n est\u00e1n desarrollando la manera en que se relacionan con el entorno. Observan c\u00f3mo consumimos, c\u00f3mo hablamos del planeta, c\u00f3mo actuamos frente a los problemas. No solo son testigos del presente, son participantes activos.<\/p>\n\n<p>Criar con conciencia ambiental no significa criar desde la culpa, sino desde la responsabilidad compartida. Significa ense\u00f1arles que aunque heredaron un mundo con problemas, tambi\u00e9n tienen la capacidad de imaginar y construir algo mejor.<\/p>\n\n<p>La pregunta entonces no es qu\u00e9 futuro (bueno o malo) le espera a las infancias, sino qu\u00e9 estamos dispuestos a cambiar nosotras , las personas adultas, para ofrecerles un futuro m\u00e1s justo, digno y esperanzador. \u00a1Atr\u00e9vete a cambiar el presente y el futuro de las infancias y de sus familias!<\/p>\n\n<p><\/p>\n","protected":false},"excerpt":{"rendered":"<p>En el D\u00eda de las Infancias hay que preguntarnos: qu\u00e9 estamos dispuestos a cambiar las personas adultas para ofrecerles un futuro m\u00e1s justo, digno y esperanzador a las infancias.<\/p>\n","protected":false},"author":29,"featured_media":62869,"comment_status":"open","ping_status":"open","sticky":false,"template":"","format":"standard","meta":{"ep_exclude_from_search":false,"p4_og_title":"D\u00eda de las infancias: Las nuevas generaciones no son responsables de nuestras decisiones ambientales.","p4_og_description":"En el D\u00eda de las Infancias hay que preguntarnos: qu\u00e9 estamos dispuestos a cambiar las personas adultas para ofrecerles un futuro m\u00e1s justo, digno y esperanzador a las infancias.","p4_og_image":"https:\/\/www.greenpeace.org\/static\/planet4-mexico-stateless\/2026\/04\/7673aba7-shutterstock_2143580297-scaled.jpg","p4_og_image_id":"62869","p4_seo_canonical_url":"","p4_campaign_name":"","p4_local_project":"","p4_basket_name":"","p4_department":"","footnotes":""},"categories":[77],"tags":[49,21],"p4-page-type":[14],"class_list":["post-62867","post","type-post","status-publish","format-standard","has-post-thumbnail","hentry","category-derechos-humanos","tag-derechos-humanos","tag-activismo","p4-page-type-blog"],"_links":{"self":[{"href":"https:\/\/www.greenpeace.org\/mexico\/wp-json\/wp\/v2\/posts\/62867","targetHints":{"allow":["GET"]}}],"collection":[{"href":"https:\/\/www.greenpeace.org\/mexico\/wp-json\/wp\/v2\/posts"}],"about":[{"href":"https:\/\/www.greenpeace.org\/mexico\/wp-json\/wp\/v2\/types\/post"}],"author":[{"embeddable":true,"href":"https:\/\/www.greenpeace.org\/mexico\/wp-json\/wp\/v2\/users\/29"}],"replies":[{"embeddable":true,"href":"https:\/\/www.greenpeace.org\/mexico\/wp-json\/wp\/v2\/comments?post=62867"}],"version-history":[{"count":1,"href":"https:\/\/www.greenpeace.org\/mexico\/wp-json\/wp\/v2\/posts\/62867\/revisions"}],"predecessor-version":[{"id":62870,"href":"https:\/\/www.greenpeace.org\/mexico\/wp-json\/wp\/v2\/posts\/62867\/revisions\/62870"}],"wp:featuredmedia":[{"embeddable":true,"href":"https:\/\/www.greenpeace.org\/mexico\/wp-json\/wp\/v2\/media\/62869"}],"wp:attachment":[{"href":"https:\/\/www.greenpeace.org\/mexico\/wp-json\/wp\/v2\/media?parent=62867"}],"wp:term":[{"taxonomy":"category","embeddable":true,"href":"https:\/\/www.greenpeace.org\/mexico\/wp-json\/wp\/v2\/categories?post=62867"},{"taxonomy":"post_tag","embeddable":true,"href":"https:\/\/www.greenpeace.org\/mexico\/wp-json\/wp\/v2\/tags?post=62867"},{"taxonomy":"p4-page-type","embeddable":true,"href":"https:\/\/www.greenpeace.org\/mexico\/wp-json\/wp\/v2\/p4-page-type?post=62867"}],"curies":[{"name":"wp","href":"https:\/\/api.w.org\/{rel}","templated":true}]}}