{"id":62872,"date":"2026-04-30T17:19:33","date_gmt":"2026-04-30T22:19:33","guid":{"rendered":"https:\/\/www.greenpeace.org\/mexico\/?p=62872"},"modified":"2026-04-30T17:19:36","modified_gmt":"2026-04-30T22:19:36","slug":"vacante-campanista-jr","status":"publish","type":"post","link":"https:\/\/www.greenpeace.org\/mexico\/vacante\/62872\/vacante-campanista-jr\/","title":{"rendered":"Vacante: Campa\u00f1ista jr"},"content":{"rendered":"\n<p>Greenpeace es una organizaci\u00f3n ecologista global y un referente en temas ambientales en M\u00e9xico desde 1993. Nuestro objetivo es garantizar la capacidad de la Tierra para nutrir la vida en toda su diversidad. Somos independientes pol\u00edtica y econ\u00f3micamente. No aceptamos dinero de empresas ni de gobiernos. Nuestra independencia nos da la autoridad y el dinamismo necesarios para hacer campa\u00f1as de incidencia p\u00fablica dirigidas a la protecci\u00f3n del medio ambiente.<\/p>\n\n<h3 class=\"wp-block-heading has-green-500-color has-text-color has-link-color wp-elements-be0e5a3b5d72971bc240562759129b6d\">Prop\u00f3sito de la posici\u00f3n:<\/h3>\n\n<p>Apoyar a campa\u00f1istas en el desarrollo e implementaci\u00f3n de los proyectos de Greenpeace M\u00e9xico, bajo el t\u00edtulo de campa\u00f1ista J\u00fanior, garantizando un marco de trabajo global en conjunto con Greenpeace Internacional y asegurando que las actividades de incidencia p\u00fablica, incluidas las acciones, sean inspiradoras, creativas y de alto impacto para ejercer presi\u00f3n a los tomadores de decisiones de campa\u00f1a como son gobierno y corporaciones, as\u00ed como contribuir a la movilizaci\u00f3n ciudadana, para as\u00ed alcanzar los objetivos nacionales y globales de la organizaci\u00f3n.<\/p>\n\n<h3 class=\"wp-block-heading has-green-500-color has-text-color has-link-color wp-elements-8596003fb19049eaf52c07dc23d88ddc\"><strong>Alcance:<\/strong><\/h3>\n\n<p><strong>Relaciones Internas Directas: <\/strong>Campa\u00f1as, Acciones, Legal, Comunicaci\u00f3n&nbsp;<strong>Relaciones externas: <\/strong>Alianzas<\/p>\n\n<h3 class=\"wp-block-heading has-green-500-color has-text-color has-link-color wp-elements-65b03e182746d7c31459e79657fa2cb2\"><strong>Competencias, habilidades y requisitos adicionales:<\/strong><\/h3>\n\n<ul class=\"wp-block-list\">\n<li>Licenciatura en ciencias sociales, biol\u00f3gicas, ambientales y\/o de la comunicaci\u00f3n<\/li>\n\n\n\n<li>Experiencia de 1 a 2 a\u00f1os de experiencia haciendo campa\u00f1as de inter\u00e9s p\u00fablico y\/o pol\u00edtico<\/li>\n\n\n\n<li>Disponibilidad para viajar<\/li>\n\n\n\n<li>Ingles avanzado escrito, hablado y comprendido\u00a0<\/li>\n\n\n\n<li>Habilidades de comunicaci\u00f3n escrita y verbal\u00a0<\/li>\n\n\n\n<li>Conocimiento de factores sociales y econ\u00f3micos locales\/ regionales\/ internacionales<\/li>\n\n\n\n<li>Conocimiento de ecolog\u00eda y ciencias de la Tierra, cambio clim\u00e1tico, transici\u00f3n energ\u00e9tica y de las problem\u00e1ticas que enfrentan los oc\u00e9anos, as\u00ed como del problema de la contaminaci\u00f3n por pl\u00e1sticos.<\/li>\n\n\n\n<li>Experiencia en incidencia pol\u00edtica<\/li>\n\n\n\n<li>Experiencia en investigaci\u00f3n y en realizaci\u00f3n de campa\u00f1as\u00a0<\/li>\n\n\n\n<li>Habilidades para tomar decisiones<\/li>\n\n\n\n<li>Amplio conocimiento y comprensi\u00f3n del sector ONGs<\/li>\n\n\n\n<li>Experiencia en relaciones p\u00fablicas<\/li>\n\n\n\n<li>Capacidad para evaluar riesgos e implicaciones potenciales<\/li>\n\n\n\n<li>Experiencia en la gesti\u00f3n efectiva de situaciones de confrontaci\u00f3n.\u00a0<\/li>\n\n\n\n<li>Capacidad para comprender y sintetizar informaci\u00f3n cient\u00edfica relevante<\/li>\n\n\n\n<li>Capacidad para entender y sintetizar asuntos legales y t\u00e9cnicos relevantes<\/li>\n\n\n\n<li>Capacidad para comunicar asuntos cient\u00edficos adaptados a la audiencia objetivo<\/li>\n<\/ul>\n\n<h3 class=\"wp-block-heading has-green-500-color has-text-color has-link-color wp-elements-61149eec28fb169f687472920c771fe7\">Experiencia de por lo menos 1 a\u00f1o en temas relacionados con:<\/h3>\n\n<ul class=\"wp-block-list\">\n<li>Ambiental<\/li>\n\n\n\n<li>Trabajo de coalici\u00f3n<\/li>\n\n\n\n<li>Construcci\u00f3n y gesti\u00f3n de relaciones p\u00fablicas<\/li>\n\n\n\n<li>Campa\u00f1as de participaci\u00f3n ciudadana<\/li>\n\n\n\n<li>Habilidades y\/o experiencia en investigaci\u00f3n<\/li>\n\n\n\n<li>Habilidades y\/o experiencia en cabildeo<\/li>\n\n\n\n<li>Experiencia en an\u00e1lisis de contextos econ\u00f3micos y pol\u00edticos, mapeo de actores y an\u00e1lisis de poder<\/li>\n\n\n\n<li>Experiencia en cooperaci\u00f3n internacional<\/li>\n<\/ul>\n\n<h3 class=\"wp-block-heading has-green-400-color has-text-color has-link-color wp-elements-8b8c241bee6f4cac3c916cbe3d1a4e21\">Principales responsabilidades:<\/h3>\n\n<ul class=\"wp-block-list\">\n<li>Identificar objetivos y estrategias claves para el proyecto.<\/li>\n\n\n\n<li>Proporcionar insumos para el desarrollo de proyectos basados en propuestas cuando sea relevante.<\/li>\n\n\n\n<li>Llevar relaciones con socios clave, acad\u00e9micos, activistas, medios de comunicaci\u00f3n, la industria, pol\u00edticos, funcionarios p\u00fablicos y otras ONG para garantizar la interacci\u00f3n y una influencia significativa en el logro de los objetivos.<\/li>\n\n\n\n<li>Representar a Greenpeace en reuniones \/ conferencias relevantes con organismos externos, como medios de comunicaci\u00f3n, industria, gobiernos, ONG, en acuerdo con campa\u00f1istas\/Directora de Campa\u00f1as, con el fin de promover los objetivos de campa\u00f1a acordados para generar presi\u00f3n en los tomadores de decisiones (legisladores, funcionarios gubernamentales, etc.) y \/ o corporaciones. En cuanto a las audiencias clave.<\/li>\n\n\n\n<li>Llevar la relaci\u00f3n con sus contrapartes internacionales en otras oficinas de Greenpeace para crear sinergias e implementar adecuadamente los objetivos globales en M\u00e9xico.<\/li>\n\n\n\n<li>Contribuir proactivamente en el desarrollo e implementaci\u00f3n de planes de proyectos de acuerdo con las pautas establecidas por Greenpeace International, adapt\u00e1ndose a las pol\u00edticas legales, socioecon\u00f3micas y nacionales.<\/li>\n\n\n\n<li>Establecer prioridades y proporcionar herramientas e informaci\u00f3n a las \u00e1reas participantes del proyecto, en acuerdo con campa\u00f1istas\/Directora de<\/li>\n\n\n\n<li>Campa\u00f1as, para llevar a cabo las acciones y actividades de manera adecuada y oportuna.<\/li>\n\n\n\n<li>Coordinar y preparar actualizaciones de los movimientos y \/ o tendencias externas relacionadas con los proyectos, a fin de visualizar las tendencias emergentes y anticipar cambios que podr\u00edan redefinir la estrategia.<\/li>\n\n\n\n<li>Identificar oportunidades y amenazas del proyecto<\/li>\n\n\n\n<li>Proporcionar a la Directora de Campa\u00f1as, y campa\u00f1istas los informes, el an\u00e1lisis y el estado del proyecto para tomar decisiones acertadas de manera oportuna.<\/li>\n\n\n\n<li>Colaborar con otras oficinas de Greenpeace y Greenpeace International (GPI) para construir proyectos integrados a trav\u00e9s del an\u00e1lisis del contexto local, nacional y global, a fin de detectar amenazas y oportunidades.<\/li>\n\n\n\n<li>Llevar, junto con campa\u00f1istas, la vocer\u00eda de la campa\u00f1a ante medios de comunicaci\u00f3n, alianzas, comunidades y otros sectores, as\u00ed como al interior de Greenpeace.<\/li>\n<\/ul>\n\n<h3 class=\"wp-block-heading has-green-400-color has-text-color has-link-color wp-elements-a00fa048f1876a0314badb7cd097dc7e\"><strong>Evaluaciones de Desempe\u00f1o:<\/strong><\/h3>\n\n<ul class=\"wp-block-list\">\n<li>La evaluaci\u00f3n del comprendimiento del puesto se llevar\u00e1 a cabo a los 90 d\u00edas posteriores a la firma del contrato de capacitaci\u00f3n.<br><\/li>\n\n\n\n<li>Todas las responsabilidades que se describen en este documento son enunciativas m\u00e1s no limitativas ya que nuestra manera de trabajar est\u00e1 enmarcada en tres grandes metas, las cuales son: cambio de din\u00e1micas de poder, cambio de pensamiento y l\u00edmites ambientales, por lo que todo el personal debe ser capaz de adaptarse a las necesidades particulares y puntuales de la organizaci\u00f3n y el contexto de actualidad.\u00a0<\/li>\n<\/ul>\n\n<h3 class=\"wp-block-heading has-green-400-color has-text-color has-link-color wp-elements-345e9dc5d12390979f51e947bf22b8ee\"><strong>Greenpeace Ofrece:<\/strong><\/h3>\n\n<ul class=\"wp-block-list\">\n<li>Sueldo bruto mensual $42,729.18 m\u00e1s prestaciones superiores a las de ley (vales de despensa, seguro de vida y gastos m\u00e9dicos mayores.)<\/li>\n\n\n\n<li>D\u00edas administrativos&nbsp;<\/li>\n\n\n\n<li>Horario: Tiempo completo&nbsp;<\/li>\n\n\n\n<li>Localizaci\u00f3n y ubicaci\u00f3n del puesto: Ciudad de M\u00e9xico&nbsp;<\/li>\n\n\n\n<li>Contrato inicial por 3 meses con posibilidad de indeterminado<\/li>\n<\/ul>\n\n<h3 class=\"wp-block-heading has-green-400-color has-text-color has-link-color wp-elements-66ffa1c91bb67d3acd910692474c449f\">\u00bfC\u00f3mo aplicar?<\/h3>\n\n<p>Las personas interesadas \u200b\u200bdeben enviar CV, carta motivos y 3 referencias laborales al correo talentomx@greenpeace.org con el t\u00edtulo<strong><em> \u201cCampa\u00f1ista Jr\u201d<\/em><\/strong>. \u00daltimo d\u00eda para la recepci\u00f3n de postulaciones: <strong>12 de mayo de 2026<\/strong>.<\/p>\n\n<h3 class=\"wp-block-heading has-green-400-color has-text-color has-link-color wp-elements-872767d5710ea3815ab1801b6ffc2c98\"><strong>Principios de Integridad<\/strong><\/h3>\n\n<p>En Greenpeace nos apegamos a la <em>no violencia <\/em>en todo lo que hacemos.Lla no violencia se aplica de forma estricta e incondicional en todo lo que hacemos.&nbsp;<\/p>\n\n<ul class=\"wp-block-list\">\n<li>JUSTICIA: Significa que todas las personas obtengan lo que es correcto, justo, \u00e9tico y moral. La practicamos en la forma en que nos hacemos responsables y practicamos la rendici\u00f3n de cuentas.<\/li>\n\n\n\n<li>EQUIDAD: La equidad reconoce las desventajas y circunstancias personales. La equidad logra justicia tratando a las personas de manera diferente con base en sus necesidades. La practicamos en c\u00f3mo abordamos las desigualdades sist\u00e9micas cuando imaginamos nuestro futuro com\u00fan.<\/li>\n\n\n\n<li>DIVERSIDAD: Valorar la diversidad significa reconocer las diferencias y necesidades diversas. La practicamos en c\u00f3mo aceptamos y mantenemos nuestra complejidad y nuestras diferencias como personas.<\/li>\n\n\n\n<li>INCLUSI\u00d3N: Significa m\u00e1s que simplemente diversidad y representaci\u00f3n, es la participaci\u00f3n aut\u00e9ntica y el empoderamiento con un verdadero sentido de pertenencia y de acceso pleno a oportunidades. La practicamos en c\u00f3mo invitamos y amplificamos todas las voces del movimiento por la justicia clim\u00e1tica.<\/li>\n\n\n\n<li>SEGURIDAD: Greenpeace tiene tolerancia cero al acoso, la intimidaci\u00f3n y la discriminaci\u00f3n. La practicamos en c\u00f3mo construimos entornos en los que nos sentimos seguros de ser quienes somos.<\/li>\n<\/ul>\n\n<p>Declaraci\u00f3n de Prop\u00f3sito sobre Diversidad e Inclusi\u00f3n: Para cumplir su misi\u00f3n Greenpeace M\u00e9xico debe garantizar un entorno de trabajo diverso e incluyente en el que no se permita la violencia en ninguna de sus formas. Entendemos por diversidad el respeto a las similitudes y diferencias igualmente v\u00e1lidas que hacen \u00fanica a cada persona, independientemente del g\u00e9nero, origen, creencias, formaci\u00f3n profesional, preferencias sexuales o condici\u00f3n socio-econ\u00f3mica, por inclusi\u00f3n, a las pr\u00e1cticas pol\u00edticas y procedimientos para integrar a todas las personas en la organizaci\u00f3n. Greenpeace M\u00e9xico quiere consolidar un espacio laboral digno, seguro y respetuoso en el que sus integrantes se sientan incluidos y respetados, tanto en sus similitudes como en sus diferencias. Por ello Greenpeace insta a enorgullecerse de la diversidad y a reconocer y abrazar las diferencias de forma equitativa.<\/p>\n\n<p class=\"has-text-align-center has-medium-font-size\"><strong>\u00a1S\u00e9 parte de Greenpeace y ayuda a construir el futuro que queremos ver!<\/strong><\/p>\n","protected":false},"excerpt":{"rendered":"<p>\u00danete al equipo como Campa\u00f1ista Junior. Apoya a campa\u00f1istas en el desarrollo e implementaci\u00f3n de los proyectos de Greenpeace M\u00e9xico.<\/p>\n","protected":false},"author":29,"featured_media":50241,"comment_status":"open","ping_status":"open","sticky":false,"template":"","format":"standard","meta":{"ep_exclude_from_search":false,"p4_og_title":"Vacante: Campa\u00f1ista jr","p4_og_description":"\u00danete al equipo como Campa\u00f1ista Junior. Apoya a campa\u00f1istas en el desarrollo e implementaci\u00f3n de los proyectos de Greenpeace M\u00e9xico.","p4_og_image":"https:\/\/www.greenpeace.org\/static\/planet4-mexico-stateless\/2021\/12\/d703a395-globo-aerostatico-greenpeace-activista.jpg","p4_og_image_id":"50241","p4_seo_canonical_url":"","p4_campaign_name":"","p4_local_project":"","p4_basket_name":"","p4_department":"","footnotes":""},"categories":[43],"tags":[],"p4-page-type":[25],"class_list":["post-62872","post","type-post","status-publish","format-standard","has-post-thumbnail","hentry","category-sobre-greenpeace","p4-page-type-vacante"],"_links":{"self":[{"href":"https:\/\/www.greenpeace.org\/mexico\/wp-json\/wp\/v2\/posts\/62872","targetHints":{"allow":["GET"]}}],"collection":[{"href":"https:\/\/www.greenpeace.org\/mexico\/wp-json\/wp\/v2\/posts"}],"about":[{"href":"https:\/\/www.greenpeace.org\/mexico\/wp-json\/wp\/v2\/types\/post"}],"author":[{"embeddable":true,"href":"https:\/\/www.greenpeace.org\/mexico\/wp-json\/wp\/v2\/users\/29"}],"replies":[{"embeddable":true,"href":"https:\/\/www.greenpeace.org\/mexico\/wp-json\/wp\/v2\/comments?post=62872"}],"version-history":[{"count":1,"href":"https:\/\/www.greenpeace.org\/mexico\/wp-json\/wp\/v2\/posts\/62872\/revisions"}],"predecessor-version":[{"id":62873,"href":"https:\/\/www.greenpeace.org\/mexico\/wp-json\/wp\/v2\/posts\/62872\/revisions\/62873"}],"wp:featuredmedia":[{"embeddable":true,"href":"https:\/\/www.greenpeace.org\/mexico\/wp-json\/wp\/v2\/media\/50241"}],"wp:attachment":[{"href":"https:\/\/www.greenpeace.org\/mexico\/wp-json\/wp\/v2\/media?parent=62872"}],"wp:term":[{"taxonomy":"category","embeddable":true,"href":"https:\/\/www.greenpeace.org\/mexico\/wp-json\/wp\/v2\/categories?post=62872"},{"taxonomy":"post_tag","embeddable":true,"href":"https:\/\/www.greenpeace.org\/mexico\/wp-json\/wp\/v2\/tags?post=62872"},{"taxonomy":"p4-page-type","embeddable":true,"href":"https:\/\/www.greenpeace.org\/mexico\/wp-json\/wp\/v2\/p4-page-type?post=62872"}],"curies":[{"name":"wp","href":"https:\/\/api.w.org\/{rel}","templated":true}]}}