{"id":62875,"date":"2026-04-30T18:22:04","date_gmt":"2026-04-30T23:22:04","guid":{"rendered":"https:\/\/www.greenpeace.org\/mexico\/?p=62875"},"modified":"2026-04-30T18:22:07","modified_gmt":"2026-04-30T23:22:07","slug":"santa-marta-transicion-energetica","status":"publish","type":"post","link":"https:\/\/www.greenpeace.org\/mexico\/informacion-prensa\/62875\/santa-marta-transicion-energetica\/","title":{"rendered":"Santa Marta cierra con llamados a acelerar la transici\u00f3n energ\u00e9tica."},"content":{"rendered":"\n<p>Greenpeace advierte que los espacios de di\u00e1logo deben traducirse en decisiones<br>concretas y urgentes para avanzar hacia una transici\u00f3n energ\u00e9tica justa.<\/p>\n\n<p>En el cierre de la Conferencia Internacional para la Transici\u00f3n m\u00e1s all\u00e1 de los Combustibles F\u00f3siles, Greenpeace se\u00f1al\u00f3 que lo ocurrido en la ciudad refleja una voluntad de avanzar en medio de un contexto global marcado por la brecha entre los compromisos y la acci\u00f3n. Sin embargo, advirti\u00f3 que estos espacios solo ser\u00e1n relevantes si se traducen en medidas concretas.<br><\/p>\n\n<p>\u201cLa transici\u00f3n energ\u00e9tica no puede seguir siendo una promesa. Ya est\u00e1 en marcha, y lo que est\u00e1 en juego ahora es si se hace de manera justa, planificada y con financiamiento, o de forma desordenada y con mayores costos para las personas y la naturaleza\u201d, afirm\u00f3 Laura Caicedo, vocera de Greenpeace Colombia.<\/p>\n\n<p><br>La organizaci\u00f3n subray\u00f3 que la transici\u00f3n energ\u00e9tica trasciende los ciclos pol\u00edticos y ya no depende de qui\u00e9n est\u00e9 en el poder, sino de la capacidad de los gobiernos de tomar decisiones a la altura de la crisis clim\u00e1tica, energ\u00e9tica y de biodiversidad.<br><\/p>\n\n<p>Asimismo, Greenpeace destac\u00f3 la necesidad de acercar este debate a la vida cotidiana. Se\u00f1al\u00f3 que no se trata \u00fanicamente de metas de reducci\u00f3n de emisiones, sino de c\u00f3mo se produce y se accede a la energ\u00eda que sostiene actividades b\u00e1sicas como cocinar, transportarse y trabajar. En ese sentido, M\u00e9xico y Colombia cuentan con una oportunidad concreta para avanzar hacia un modelo energ\u00e9tico m\u00e1s democr\u00e1tico, resiliente y basado en fuentes renovables como el sol y el viento.<\/p>\n\n<p>Para Greenpeace, Santa Marta no representa un punto de llegada, sino el inicio de un proceso que debe escalar r\u00e1pidamente e incidir en la toma de decisiones en otros espacios de cooperaci\u00f3n internacional. \u201cEsta Conferencia fue un gran espacio para poner la transici\u00f3n energ\u00e9tica en la agenda de cara a la COP del clima. Hay voluntad, hay un aire fresco que se celebra, pero esto es solo el comienzo: se necesita m\u00e1s tiempo para que este proceso madure como un verdadero espacio de di\u00e1logo que informe la toma de decisiones en este y otros \u00e1mbitos de cooperaci\u00f3n sobre los temas centrales de la energ\u00eda. Sin embargo, no puede ser una excusa para dilatar el cumplimiento de compromisos nacionales ya asumidos en materia de reducci\u00f3n de emisiones, protecci\u00f3n de ecosistemas e inclusi\u00f3n de las personas.\u201d<\/p>\n\n<p><br>En este contexto, la organizaci\u00f3n hizo un llamado a que las discusiones impulsadas durante la Conferencia se traduzcan en compromisos concretos a nivel nacional rumbo a la pr\u00f3xima COP 31 del clima que se llevar\u00e1 a cabo en Turqu\u00eda, con mayor ambici\u00f3n y un enfoque centrado en la justicia social y ambiental.<\/p>\n\n<p class=\"has-text-align-center has-green-500-color has-text-color has-link-color wp-elements-5c183b51ba0c0b9d56dc76ebfbd506a2\"><strong>DESCARGA EL COMUNICADO <a href=\"https:\/\/drive.google.com\/file\/d\/1oGKdIa0UJ4SRAm5RbM7wtTUIJ4qSROZY\/view?usp=sharing\">AQU\u00cd<\/a><br><\/strong><\/p>\n\n<p><strong>Contacto para Prensa:<br><\/strong>Agustina D&#8217;Ambra, Analista Senior de Comunicaciones &amp; Prensa l Greenpeace Andino:<br>+54 9 1168381995, agustina.dambra@greenpeace.org<\/p>\n\n<p><\/p>\n","protected":false},"excerpt":{"rendered":"<p>Greenpeace advierte que los espacios de di\u00e1logo deben traducirse en decisiones concretas para avanzar hacia una transici\u00f3n energ\u00e9tica justa.<\/p>\n","protected":false},"author":29,"featured_media":59141,"comment_status":"open","ping_status":"open","sticky":false,"template":"","format":"standard","meta":{"ep_exclude_from_search":false,"p4_og_title":"Santa Marta cierra con llamados a acelerar la transici\u00f3n energ\u00e9tica.","p4_og_description":"Greenpeace advierte que los espacios de di\u00e1logo deben traducirse en decisiones concretas para avanzar hacia una transici\u00f3n energ\u00e9tica justa.","p4_og_image":"https:\/\/www.greenpeace.org\/static\/planet4-mexico-stateless\/2025\/07\/0a152348-combustibles-fosiles-petroleo.jpg","p4_og_image_id":"59141","p4_seo_canonical_url":"","p4_campaign_name":"","p4_local_project":"","p4_basket_name":"","p4_department":"","footnotes":""},"categories":[39],"tags":[54,51],"p4-page-type":[16],"class_list":["post-62875","post","type-post","status-publish","format-standard","has-post-thumbnail","hentry","category-clima-y-energia","tag-energia-renovable","tag-combustibles-fosiles","p4-page-type-informacion-prensa"],"_links":{"self":[{"href":"https:\/\/www.greenpeace.org\/mexico\/wp-json\/wp\/v2\/posts\/62875","targetHints":{"allow":["GET"]}}],"collection":[{"href":"https:\/\/www.greenpeace.org\/mexico\/wp-json\/wp\/v2\/posts"}],"about":[{"href":"https:\/\/www.greenpeace.org\/mexico\/wp-json\/wp\/v2\/types\/post"}],"author":[{"embeddable":true,"href":"https:\/\/www.greenpeace.org\/mexico\/wp-json\/wp\/v2\/users\/29"}],"replies":[{"embeddable":true,"href":"https:\/\/www.greenpeace.org\/mexico\/wp-json\/wp\/v2\/comments?post=62875"}],"version-history":[{"count":1,"href":"https:\/\/www.greenpeace.org\/mexico\/wp-json\/wp\/v2\/posts\/62875\/revisions"}],"predecessor-version":[{"id":62876,"href":"https:\/\/www.greenpeace.org\/mexico\/wp-json\/wp\/v2\/posts\/62875\/revisions\/62876"}],"wp:featuredmedia":[{"embeddable":true,"href":"https:\/\/www.greenpeace.org\/mexico\/wp-json\/wp\/v2\/media\/59141"}],"wp:attachment":[{"href":"https:\/\/www.greenpeace.org\/mexico\/wp-json\/wp\/v2\/media?parent=62875"}],"wp:term":[{"taxonomy":"category","embeddable":true,"href":"https:\/\/www.greenpeace.org\/mexico\/wp-json\/wp\/v2\/categories?post=62875"},{"taxonomy":"post_tag","embeddable":true,"href":"https:\/\/www.greenpeace.org\/mexico\/wp-json\/wp\/v2\/tags?post=62875"},{"taxonomy":"p4-page-type","embeddable":true,"href":"https:\/\/www.greenpeace.org\/mexico\/wp-json\/wp\/v2\/p4-page-type?post=62875"}],"curies":[{"name":"wp","href":"https:\/\/api.w.org\/{rel}","templated":true}]}}