{"id":643,"date":"2018-05-15T00:00:00","date_gmt":"2018-05-15T05:00:00","guid":{"rendered":"https:\/\/www.greenpeace.org\/mexico\/blog\/643\/excelentes-noticias-veracruz-camina-hacia-un-futuro-libre-de-plasticos\/"},"modified":"2025-08-27T00:51:27","modified_gmt":"2025-08-27T05:51:27","slug":"excelentes-noticias-veracruz-camina-hacia-un-futuro-libre-de-plasticos","status":"publish","type":"post","link":"https:\/\/www.greenpeace.org\/mexico\/blog\/643\/excelentes-noticias-veracruz-camina-hacia-un-futuro-libre-de-plasticos\/","title":{"rendered":"\u00a1Excelentes noticias! Veracruz camina hacia un futuro libre de pl\u00e1sticos"},"content":{"rendered":"\n<p><strong><em>El Congreso de Veracruz prohibi\u00f3 popotes y bolsas de pl\u00e1stico, una gran victoria para el movimiento ciudadano #YoSinPl\u00e1sticos.<\/em><\/strong><\/p>\n\n<p><br>El Congreso del estado de Veracruz aprob\u00f3 ayer con una mayor\u00eda aplastante de 37 votos a favor y 0 en contra el Decreto que reforma y adici\u00f3n de diversas disposiciones de la Ley de Prevenci\u00f3n y Gesti\u00f3n Integral de Residuos S\u00f3lidos Urbanos y de Manejo Especial para el estado de Veracruz de Ignacio de la Llave.<\/p>\n\n<p>Con ello se pondr\u00e1 una prohibici\u00f3n progresiva al uso de popotes y bolsas pl\u00e1sticas de un s\u00f3lo uso en el estado y se iniciar\u00e1 un proceso para sustituirlas por aquellas que sean biodegradables.<\/p>\n\n<h2 class=\"wp-block-heading\">La prohibici\u00f3n de pl\u00e1sticos es resultado de un esfuerzo colectivo impulsado por la ciudadan\u00eda y organizaciones locales<\/h2>\n\n<p>Esta gran noticia es producto del trabajo organizado de voluntarios y voluntarias de Greenpeace del Puerto de Veracruz y Xalapa que en conjunto con otras organizaciones locales se sumaron al movimiento #YoSinPl\u00e1sticos para poner un fin a la contaminaci\u00f3n por este material.<\/p>\n\n<p>Las y los voluntarios de Greenpeace en el estado, as\u00ed como las personas que trabajan en el \u00e1rea de Di\u00e1logo Directo, fueron una pieza clave para alcanzar esta victoria, para la cual comenzaron por convencer a comercios locales para que dejaran de utilizar envases de pl\u00e1stico de un solo uso en C\u00f3rdoba, Orizaba, Xalapa y Puerto de Veracruz y despu\u00e9s apoyando a Fundaci\u00f3n Chalchi, quienes iniciaron el lobby en el Congreso, siguiendo la legislaci\u00f3n que proh\u00edbe en todo el estado el uso de popotes y bolsas. pl\u00e1sticos de un solo uso.<\/p>\n\n<figure class=\"wp-block-image size-large\"><img loading=\"lazy\" decoding=\"async\" width=\"1024\" height=\"576\" src=\"https:\/\/www.greenpeace.org\/static\/planet4-mexico-stateless\/2018\/11\/ceabd853-ceabd853-veracruz1-1024x576.jpg\" title=\"Entrevista a activistas de Greenpeace M\u00e9xico en Veracruz, para hablar del decreto que reforma y adiciona diversas disposiciones de la Ley de Prevenci\u00f3n y Gesti\u00f3n Integral de Residuos S\u00f3lidos Urbanos y de Manejo Especial.\" alt=\"Entrevista a activistas de Greenpeace M\u00e9xico en Veracruz, para hablar del decreto que reforma y adiciona diversas disposiciones de la Ley de Prevenci\u00f3n y Gesti\u00f3n Integral de Residuos S\u00f3lidos Urbanos y de Manejo Especial.\" class=\"wp-image-645\" srcset=\"https:\/\/www.greenpeace.org\/static\/planet4-mexico-stateless\/2018\/11\/ceabd853-ceabd853-veracruz1-1024x576.jpg 1024w, https:\/\/www.greenpeace.org\/static\/planet4-mexico-stateless\/2018\/11\/ceabd853-ceabd853-veracruz1-300x169.jpg 300w, https:\/\/www.greenpeace.org\/static\/planet4-mexico-stateless\/2018\/11\/ceabd853-ceabd853-veracruz1-768x432.jpg 768w, https:\/\/www.greenpeace.org\/static\/planet4-mexico-stateless\/2018\/11\/ceabd853-ceabd853-veracruz1-510x287.jpg 510w, https:\/\/www.greenpeace.org\/static\/planet4-mexico-stateless\/2018\/11\/ceabd853-ceabd853-veracruz1.jpg 1032w\" sizes=\"auto, (max-width: 1024px) 100vw, 1024px\" \/><\/figure>\n\n<h3 class=\"wp-block-heading\">Un paso importante desde lo local para frenar la contaminaci\u00f3n pl\u00e1stica de nuestros oc\u00e9anos<\/h3>\n\n<p>En Greenpeace trabajamos el tema de los pl\u00e1sticos desde 2016 a trav\u00e9s de cambios concretos que buscan un cambio en la vida de las personas y la biodiversidad para disminuir los impactos de la contaminaci\u00f3n pl\u00e1stica de los oc\u00e9anos. \u201cEsto es un peque\u00f1o paso para Veracruz y con ello un aporte real a la disminuci\u00f3n de la contaminaci\u00f3n pl\u00e1stica. Un paso que de seguro puede fortalecerse con el tiempo pero nos alegra saber que naci\u00f3 desde la ciudadan\u00eda inspirada por el trabajo local de voluntarios de Greenpeace quienes apoyan estos cambios in situ\u201d, coment\u00f3 Miguel Rivas, coordinador de la campa\u00f1a de oc\u00e9anos de Greenpeace M\u00e9xico.<\/p>\n\n<p>Este logro nos llena de esperanza y ser\u00e1 un motor de empuje para el resto de las ciudadanas y los ciudadanos que, como fundaci\u00f3n Chalchi AC, buscan hacer lobby localmente para cambiar las reglas del juego. As\u00ed como Veracruz, esperamos que este sea uno de muchos estados que se unan a esta iniciativa y se liberen del pl\u00e1stico.<\/p>\n\n<p>Consulta la gaceta oficial de Veracruz en esta liga:<br><a class=\"\" href=\"http:\/\/www.legisver.gob.mx\/gaceta\/gacetaLXIV\/GACETA94.pdf\">http:\/\/www.legisver.gob.mx\/gaceta\/gacetaLXIV\/GACETA94.pdf<\/a><\/p>\n<p>\u00a0<\/p>\n<p>\u00a0<\/p>\n<p><a title=\"Lib\u00e9rate del pl\u00e1stico\" href=\"https:\/\/act.gp\/2rSrj3e\" target=\"_blank\" rel=\"noopener noreferrer\"><img loading=\"lazy\" decoding=\"async\" style=\"display: block; margin-left: auto; margin-right: auto;\" title=\"bot\u00f3n pl\u00e1sticos\" src=\"https:\/\/www.greenpeace.org\/static\/planet4-mexico-stateless\/2018\/11\/69f04f7e-69f04f7e-boton_firma_plasticos.jpg\" alt=\"Boton plasticos\" width=\"323\" height=\"62\" \/><\/a><\/p>\n<p>\u00a0<\/p>\n","protected":false},"excerpt":{"rendered":"<p>Veracruz aprueba la prohibici\u00f3n de pl\u00e1sticos de un solo uso gracias al impulso ciudadano ya la campa\u00f1a #YoSinPl\u00e1sticos de Greenpeace M\u00e9xico.<\/p>\n","protected":false},"author":29,"featured_media":644,"comment_status":"open","ping_status":"open","sticky":false,"template":"","format":"standard","meta":{"ep_exclude_from_search":false,"p4_og_title":"\u00a1Excelentes noticias! Veracruz camina hacia un futuro libre de pl\u00e1sticos","p4_og_description":"Veracruz aprueba la prohibici\u00f3n de pl\u00e1sticos de un solo uso gracias al impulso ciudadano ya la campa\u00f1a #YoSinPl\u00e1sticos de Greenpeace M\u00e9xico.","p4_og_image":"https:\/\/www.greenpeace.org\/static\/planet4-mexico-stateless\/2018\/11\/d911ad41-d911ad41-veracruz2.jpg","p4_og_image_id":"644","p4_seo_canonical_url":"","p4_campaign_name":"","p4_local_project":"","p4_basket_name":"","p4_department":"","footnotes":""},"categories":[45],"tags":[68,62],"p4-page-type":[14],"class_list":["post-643","post","type-post","status-publish","format-standard","has-post-thumbnail","hentry","category-plasticos","tag-mexico-sin-plasticos","tag-victorias","p4-page-type-blog"],"_links":{"self":[{"href":"https:\/\/www.greenpeace.org\/mexico\/wp-json\/wp\/v2\/posts\/643","targetHints":{"allow":["GET"]}}],"collection":[{"href":"https:\/\/www.greenpeace.org\/mexico\/wp-json\/wp\/v2\/posts"}],"about":[{"href":"https:\/\/www.greenpeace.org\/mexico\/wp-json\/wp\/v2\/types\/post"}],"author":[{"embeddable":true,"href":"https:\/\/www.greenpeace.org\/mexico\/wp-json\/wp\/v2\/users\/29"}],"replies":[{"embeddable":true,"href":"https:\/\/www.greenpeace.org\/mexico\/wp-json\/wp\/v2\/comments?post=643"}],"version-history":[{"count":5,"href":"https:\/\/www.greenpeace.org\/mexico\/wp-json\/wp\/v2\/posts\/643\/revisions"}],"predecessor-version":[{"id":58580,"href":"https:\/\/www.greenpeace.org\/mexico\/wp-json\/wp\/v2\/posts\/643\/revisions\/58580"}],"wp:featuredmedia":[{"embeddable":true,"href":"https:\/\/www.greenpeace.org\/mexico\/wp-json\/wp\/v2\/media\/644"}],"wp:attachment":[{"href":"https:\/\/www.greenpeace.org\/mexico\/wp-json\/wp\/v2\/media?parent=643"}],"wp:term":[{"taxonomy":"category","embeddable":true,"href":"https:\/\/www.greenpeace.org\/mexico\/wp-json\/wp\/v2\/categories?post=643"},{"taxonomy":"post_tag","embeddable":true,"href":"https:\/\/www.greenpeace.org\/mexico\/wp-json\/wp\/v2\/tags?post=643"},{"taxonomy":"p4-page-type","embeddable":true,"href":"https:\/\/www.greenpeace.org\/mexico\/wp-json\/wp\/v2\/p4-page-type?post=643"}],"curies":[{"name":"wp","href":"https:\/\/api.w.org\/{rel}","templated":true}]}}