{"id":651,"date":"2018-03-01T00:00:00","date_gmt":"2018-03-01T05:00:00","guid":{"rendered":"https:\/\/www.greenpeace.org\/mexico\/blog\/651\/la-mala-calidad-del-aire-afecta-a-todo-mexico\/"},"modified":"2025-08-27T00:39:49","modified_gmt":"2025-08-27T05:39:49","slug":"la-mala-calidad-del-aire-afecta-a-todo-mexico","status":"publish","type":"post","link":"https:\/\/www.greenpeace.org\/mexico\/blog\/651\/la-mala-calidad-del-aire-afecta-a-todo-mexico\/","title":{"rendered":"La mala calidad del aire afecta a todo M\u00e9xico"},"content":{"rendered":"\n<p>La contaminaci\u00f3n atmosf\u00e9rica afecta a millones de personas en todo M\u00e9xico. Desde el norte hasta el sur del pa\u00eds, el aire que respiramos est\u00e1 lejos de cumplir con los est\u00e1ndares de salud recomendados por organismos internacionales. Esta situaci\u00f3n ha llevado a ciudadanos \u2014incluyendo ni\u00f1as y ni\u00f1os\u2014 a alzar la voz para exigir aire limpio.<\/p>\n\n<figure class=\"wp-block-image size-large\"><img loading=\"lazy\" decoding=\"async\" width=\"1024\" height=\"570\" src=\"https:\/\/www.greenpeace.org\/static\/planet4-mexico-stateless\/2023\/08\/437ab839-copy-of-puebla-web-1024x570.png\" title=\"Dos voluntarias de Greenpeace M\u00e9xico en Puebla usan cubrebocas y sostienen una manta con el mensaje \u201cCofepris juega con el aire que respiro\u201d, como parte de una protesta por la mala calidad del aire.\" alt=\"Dos voluntarias de Greenpeace M\u00e9xico en Puebla usan cubrebocas y sostienen una manta con el mensaje \u201cCofepris juega con el aire que respiro\u201d, como parte de una protesta por la mala calidad del aire.\" class=\"wp-image-53066\"\/><\/figure>\n\n<h2 class=\"wp-block-heading\">Ni\u00f1as, ni\u00f1os y activistas se unen para exigir aire limpio<\/h2>\n\n<p>Desde 14 lugares emblem\u00e1ticos en distintas ciudades mexicanas, activistas de Greenpeace se sumaron al llamado que lanz\u00f3 un grupo de ni\u00f1as y ni\u00f1os. La exigencia es clara: que la Comisi\u00f3n Federal para la Protecci\u00f3n contra Riesgos Sanitarios (Cofepris) ajuste las normas oficiales mexicanas de calidad del aire a los valores propuestos por la Organizaci\u00f3n Mundial de la Salud (OMS).<\/p>\n\n<h3 class=\"wp-block-heading\">Cofepris sigue sin responder a la demanda ciudadana<\/h3>\n\n<p>A pesar de que la petici\u00f3n formal fue presentada el 1 de noviembre del a\u00f1o anterior, Cofepris no ha respondido dentro del plazo legal. Por esta raz\u00f3n, se ha iniciado una demanda de amparo para obligar a las autoridades a tomar acci\u00f3n.<\/p>\n\n<figure class=\"wp-block-image size-large\"><img loading=\"lazy\" decoding=\"async\" width=\"1024\" height=\"570\" src=\"https:\/\/www.greenpeace.org\/static\/planet4-mexico-stateless\/2018\/11\/70ab0bf0-70ab0bf0-queretaro-web-1024x570.png\" title=\"Dos voluntarios de Greenpeace M\u00e9xico en Quer\u00e9taro usan cubrebocas y sostienen una manta con el mensaje \u201cCofepris juega con el aire que respiro\u201d, como parte de una protesta por la mala calidad del aire.\" alt=\"Dos voluntarios de Greenpeace M\u00e9xico en Quer\u00e9taro usan cubrebocas y sostienen una manta con el mensaje \u201cCofepris juega con el aire que respiro\u201d, como parte de una protesta por la mala calidad del aire.\" class=\"wp-image-653\" srcset=\"https:\/\/www.greenpeace.org\/static\/planet4-mexico-stateless\/2018\/11\/70ab0bf0-70ab0bf0-queretaro-web-1024x570.png 1024w, https:\/\/www.greenpeace.org\/static\/planet4-mexico-stateless\/2018\/11\/70ab0bf0-70ab0bf0-queretaro-web-300x167.png 300w, https:\/\/www.greenpeace.org\/static\/planet4-mexico-stateless\/2018\/11\/70ab0bf0-70ab0bf0-queretaro-web-768x428.png 768w, https:\/\/www.greenpeace.org\/static\/planet4-mexico-stateless\/2018\/11\/70ab0bf0-70ab0bf0-queretaro-web-510x284.png 510w, https:\/\/www.greenpeace.org\/static\/planet4-mexico-stateless\/2018\/11\/70ab0bf0-70ab0bf0-queretaro-web.png 1200w\" sizes=\"auto, (max-width: 1024px) 100vw, 1024px\" \/><\/figure>\n\n<h2 class=\"wp-block-heading\">Una problem\u00e1tica nacional: no solo es la Ciudad de M\u00e9xico<\/h2>\n\n<p>\u201cLa mala calidad del aire no es exclusiva de la Ciudad de M\u00e9xico; es un problema que afecta a todo el pa\u00eds y que deber\u00eda ser atendido de inmediato\u201d, se\u00f1al\u00f3 Paloma Neumann, coordinadora de la campa\u00f1a Revoluci\u00f3n Urbana de Greenpeace M\u00e9xico.<\/p>\n\n<h3 class=\"wp-block-heading\">Estados que se sumaron a la exigencia por aire limpio<\/h3>\n\n<p>Los estados que participaron en la acci\u00f3n fueron Monterrey, Veracruz, Guanajuato, San Luis Potos\u00ed, Chihuahua, Hidalgo, Puebla, Quer\u00e9taro, Tamaulipas, Coahuila, Estado de M\u00e9xico, Yucat\u00e1n y Michoac\u00e1n. Desde ah\u00ed, se lanz\u00f3 el mensaje: <strong>\u201cCofepris juega con el aire que respiro\u201d.<\/strong><\/p>\n\n<figure class=\"wp-block-image size-large\"><img loading=\"lazy\" decoding=\"async\" width=\"1024\" height=\"570\" src=\"https:\/\/www.greenpeace.org\/static\/planet4-mexico-stateless\/2018\/11\/b5185531-b5185531-irapuato-web-1-1024x570.png\" title=\"Dos voluntarias de Greenpeace M\u00e9xico en Irapuato sostienen una manta con el mensaje \u201cCofepris juega con el aire que respiro\u201d, como parte de una protesta por la mala calidad del aire.\" alt=\"Dos voluntarias de Greenpeace M\u00e9xico en Irapuato sostienen una manta con el mensaje \u201cCofepris juega con el aire que respiro\u201d, como parte de una protesta por la mala calidad del aire.\" class=\"wp-image-654\" srcset=\"https:\/\/www.greenpeace.org\/static\/planet4-mexico-stateless\/2018\/11\/b5185531-b5185531-irapuato-web-1-1024x570.png 1024w, https:\/\/www.greenpeace.org\/static\/planet4-mexico-stateless\/2018\/11\/b5185531-b5185531-irapuato-web-1-300x167.png 300w, https:\/\/www.greenpeace.org\/static\/planet4-mexico-stateless\/2018\/11\/b5185531-b5185531-irapuato-web-1-768x428.png 768w, https:\/\/www.greenpeace.org\/static\/planet4-mexico-stateless\/2018\/11\/b5185531-b5185531-irapuato-web-1-510x284.png 510w, https:\/\/www.greenpeace.org\/static\/planet4-mexico-stateless\/2018\/11\/b5185531-b5185531-irapuato-web-1.png 1200w\" sizes=\"auto, (max-width: 1024px) 100vw, 1024px\" \/><\/figure>\n\n<h2 class=\"wp-block-heading\">Normas insuficientes<\/h2>\n\n<p>Seg\u00fan la Estrategia Nacional de Calidad del Aire (ENCA) 2017-2030, las normas oficiales mexicanas son considerablemente m\u00e1s permisibles que los est\u00e1ndares recomendados por la OMS. Y, aun as\u00ed, se rebasan en m\u00faltiples ciudades del pa\u00eds.<\/p>\n\n<h3 class=\"wp-block-heading\">Datos alarmantes sobre la contaminaci\u00f3n del aire<\/h3>\n\n<p>En 2014, se excedieron los l\u00edmites de part\u00edculas PM10 en ciudades como Ciudad Ju\u00e1rez, Monterrey, Guadalajara, Toluca, Celaya, Torre\u00f3n y Ciudad Victoria. Ese mismo a\u00f1o, el ozono super\u00f3 los niveles normados en Irapuato, Pachuca, Cuernavaca, y otras zonas metropolitanas.<\/p>\n\n<p><br>En 2016, la OMS identific\u00f3 como las ciudades m\u00e1s contaminadas por part\u00edculas PM2.5 a Monterrey, Toluca, Salamanca, Le\u00f3n, Irapuato, Silao, Puebla y la Ciudad de M\u00e9xico.<\/p>\n\n<h3 class=\"wp-block-heading\">La salud de la poblaci\u00f3n est\u00e1 en riesgo<\/h3>\n\n<p>Si se adoptaran los valores de la OMS, solo en CDMX, Monterrey y Guadalajara se podr\u00edan evitar al menos 2,170 muertes prematuras causadas por exposici\u00f3n a part\u00edculas finas PM2.5.<\/p>\n\n<h2 class=\"wp-block-heading\">\u00a1S\u00famate a la petici\u00f3n por aire limpio!<\/h2>\n\n<p>Firma aqu\u00ed: <a class=\"\" href=\"https:\/\/actua.greenpeace.org.mx\/calidad-del-aire\">https:\/\/actua.greenpeace.org.mx\/calidad-del-aire<\/a><\/p>\n","protected":false},"excerpt":{"rendered":"<p>Activistas exigen a Cofepris actualizar normas de calidad del aire seg\u00fan la OMS para proteger la salud y prevenir muertes prematuras en M\u00e9xico.<\/p>\n","protected":false},"author":29,"featured_media":652,"comment_status":"open","ping_status":"open","sticky":false,"template":"","format":"standard","meta":{"ep_exclude_from_search":false,"p4_og_title":"La mala calidad del aire afecta a todo M\u00e9xico","p4_og_description":"Activistas exigen a Cofepris actualizar normas de calidad del aire seg\u00fan la OMS para proteger la salud y prevenir muertes prematuras en M\u00e9xico.","p4_og_image":"https:\/\/www.greenpeace.org\/static\/planet4-mexico-stateless\/2023\/08\/437ab839-copy-of-puebla-web-e1691608413857.png","p4_og_image_id":"53066","p4_seo_canonical_url":"","p4_campaign_name":"","p4_local_project":"","p4_basket_name":"","p4_department":"","footnotes":""},"categories":[39],"tags":[21,48],"p4-page-type":[14],"class_list":["post-651","post","type-post","status-publish","format-standard","has-post-thumbnail","hentry","category-clima-y-energia","tag-activismo","tag-salud","p4-page-type-blog"],"_links":{"self":[{"href":"https:\/\/www.greenpeace.org\/mexico\/wp-json\/wp\/v2\/posts\/651","targetHints":{"allow":["GET"]}}],"collection":[{"href":"https:\/\/www.greenpeace.org\/mexico\/wp-json\/wp\/v2\/posts"}],"about":[{"href":"https:\/\/www.greenpeace.org\/mexico\/wp-json\/wp\/v2\/types\/post"}],"author":[{"embeddable":true,"href":"https:\/\/www.greenpeace.org\/mexico\/wp-json\/wp\/v2\/users\/29"}],"replies":[{"embeddable":true,"href":"https:\/\/www.greenpeace.org\/mexico\/wp-json\/wp\/v2\/comments?post=651"}],"version-history":[{"count":5,"href":"https:\/\/www.greenpeace.org\/mexico\/wp-json\/wp\/v2\/posts\/651\/revisions"}],"predecessor-version":[{"id":58593,"href":"https:\/\/www.greenpeace.org\/mexico\/wp-json\/wp\/v2\/posts\/651\/revisions\/58593"}],"wp:featuredmedia":[{"embeddable":true,"href":"https:\/\/www.greenpeace.org\/mexico\/wp-json\/wp\/v2\/media\/652"}],"wp:attachment":[{"href":"https:\/\/www.greenpeace.org\/mexico\/wp-json\/wp\/v2\/media?parent=651"}],"wp:term":[{"taxonomy":"category","embeddable":true,"href":"https:\/\/www.greenpeace.org\/mexico\/wp-json\/wp\/v2\/categories?post=651"},{"taxonomy":"post_tag","embeddable":true,"href":"https:\/\/www.greenpeace.org\/mexico\/wp-json\/wp\/v2\/tags?post=651"},{"taxonomy":"p4-page-type","embeddable":true,"href":"https:\/\/www.greenpeace.org\/mexico\/wp-json\/wp\/v2\/p4-page-type?post=651"}],"curies":[{"name":"wp","href":"https:\/\/api.w.org\/{rel}","templated":true}]}}