{"id":65504,"date":"2026-09-01T18:13:49","date_gmt":"2026-09-01T23:13:49","guid":{"rendered":"https:\/\/www.greenpeace.org\/mexico\/?p=65504"},"modified":"2026-09-02T23:05:31","modified_gmt":"2026-09-03T04:05:31","slug":"pendientes-justicia-social-ambiental-segundo-informe","status":"publish","type":"post","link":"https:\/\/www.greenpeace.org\/mexico\/informacion-prensa\/65504\/pendientes-justicia-social-ambiental-segundo-informe\/","title":{"rendered":"Segundo Informe de Gobierno:Contradicciones y pendientes en materia de justicia social y ambiental."},"content":{"rendered":"\n<ul class=\"wp-block-list\">\n<li><strong>Fracking \u201csustentable\u201d, \u201caccidentes\u201d de la industria petrolera y diferentes mega-proyectos como la planta de amoniaco en Topolobampo, los Polos de Desarrollo de Econom\u00eda Circular y el Tren Maya; los sellos de la administraci\u00f3n en materia ambiental<\/strong><\/li>\n<\/ul>\n\n<p class=\"wp-block-paragraph\"><strong>Ciudad de M\u00e9xico, 1 de septiembre de 2026 &#8211;<\/strong> Con motivo de su segundo a\u00f1o de gobierno, la presidenta Claudia Sheinbaum Pardo present\u00f3 su segundo informe de actividades, en el que proyect\u00f3 un estado general de progreso y logros en torno a rubros clave como seguridad, estabilidad macroecon\u00f3mica, educaci\u00f3n, apoyos sociales e inversiones estrat\u00e9gicas en sectores como el energ\u00e9tico, infraestructura y salud, sin destacar avances significativos en cuanto a protecci\u00f3n ambiental se refiere.\u00a0<\/p>\n\n<p class=\"wp-block-paragraph\">En este marco, desde Greenpeace M\u00e9xico se\u00f1alamos que persiste una visi\u00f3n en la que el cuidado y la preservaci\u00f3n del medio ambiente no es prioritaria y, ante todo, el presente a\u00f1o ha estado marcado por grandes retrocesos en el sector ambiental.&nbsp;<\/p>\n\n<h3 class=\"wp-block-heading has-text-align-center has-green-800-color has-text-color has-link-color wp-elements-5d393b397987160297c2b5e4918b1875\"><strong>Consulta el comunicado completo <a href=\"https:\/\/www.greenpeace.org\/static\/planet4-mexico-stateless\/2026\/09\/3225a9a4-comunicado_balance_segundoinformegobierno_sheinbaum_1sept26.pdf\">AQU\u00cd<\/a><\/strong><\/h3>\n\n<figure class=\"wp-block-image aligncenter size-full\"><a href=\"https:\/\/www.greenpeace.org\/static\/planet4-mexico-stateless\/2026\/09\/3225a9a4-comunicado_balance_segundoinformegobierno_sheinbaum_1sept26.pdf\"><img loading=\"lazy\" decoding=\"async\" width=\"561\" height=\"745\" title=\"Captura de pantalla 2026-09-01 171256\" src=\"https:\/\/www.greenpeace.org\/static\/planet4-mexico-stateless\/2026\/09\/39315d00-captura-de-pantalla-2026-09-01-171256.png\" alt=\"\" class=\"wp-image-65508\" srcset=\"https:\/\/www.greenpeace.org\/static\/planet4-mexico-stateless\/2026\/09\/39315d00-captura-de-pantalla-2026-09-01-171256.png 561w, https:\/\/www.greenpeace.org\/static\/planet4-mexico-stateless\/2026\/09\/39315d00-captura-de-pantalla-2026-09-01-171256-226x300.png 226w, https:\/\/www.greenpeace.org\/static\/planet4-mexico-stateless\/2026\/09\/39315d00-captura-de-pantalla-2026-09-01-171256-256x340.png 256w\" sizes=\"auto, (max-width: 561px) 100vw, 561px\" \/><\/a><\/figure>\n\n<p class=\"wp-block-paragraph\">Desde el sureste hasta el norte, se muestran los efectos de los agroqu\u00edmicos y fertilizantes agr\u00edcolas, los megaproyectos extractivistas, los combustibles f\u00f3siles, y de un modelo de un supuesto \u201cdesarrollo\u201d que por a\u00f1os ha fomentado la destrucci\u00f3n de la naturaleza y el aumento de las desigualdades sociales que agravan el cambio clim\u00e1tico. En ese sentido, el gobierno de la Presidenta Claudia Sheinbaum debe impulsar una pol\u00edtica ambiental que est\u00e9 a la altura de los grandes retos en la materia que enfrenta el pa\u00eds, que sea suficiente para afrontar las consecuencias de una crisis clim\u00e1tica que avanza a pasos agigantados, y que acrecienta, como nunca antes, la degradaci\u00f3n de los ecosistemas naturales de los que depende la vida en el planeta.<\/p>\n\n<p class=\"wp-block-paragraph\"><strong>Contacto para Prensa:<\/strong> Sara Del Real, Oficial de Prensa de Greenpeace M\u00e9xico,\u00a0 5540845320 l <a href=\"mailto:sdreal@greenpeace.org\">sdreal@greenpeace.org<\/a>\u00a0<\/p>\n\n<p class=\"wp-block-paragraph\">Notas:<\/p>\n\n<ol class=\"wp-block-list\">\n<li>Plan Nacional de Desarrollo 2025-2030, en: <a href=\"https:\/\/www.gob.mx\/cms\/uploads\/attachment\/file\/981072\/PND_2025-2030_v250226_14.pdf#:~:text=Nacional%20de%20Energ%C3%ADa%20incluye%20nuevas%20inversiones%20en,PEMEX%20en%20un%20modelo%20de%20soberan%C3%ADa%20energ%C3%A9tica\">https:\/\/www.gob.mx\/cms\/uploads\/attachment\/file\/981072\/PND_2025-2030_v250226_14.pdf#:~:text=Nacional%20de%20Energ%C3%ADa%20incluye%20nuevas%20inversiones%20en,PEMEX%20en%20un%20modelo%20de%20soberan%C3%ADa%20energ%C3%A9tica<\/a>.\u00a0\u00a0<\/li>\n\n\n\n<li>100 compromisos para el Segundo Piso de la Cuarta Transformaci\u00f3n, en: <a href=\"https:\/\/www.gob.mx\/presidencia\/documentos\/100-compromisos-para-el-segundo-piso-de-la-cuarta-transformacion\">https:\/\/www.gob.mx\/presidencia\/documentos\/100-compromisos-para-el-segundo-piso-de-la-cuarta-transformacion<\/a>\u00a0<\/li>\n<\/ol>\n","protected":false},"excerpt":{"rendered":"<p>Desde el sureste hasta el norte, se muestran los efectos de los agroqu\u00edmicos y fertilizantes agr\u00edcolas, los megaproyectos extractivistas, los combustibles f\u00f3siles, y de un modelo de un supuesto \u201cdesarrollo\u201d que por a\u00f1os ha fomentado la destrucci\u00f3n de la naturaleza y el aumento de las desigualdades sociales que agravan el cambio clim\u00e1tico. En ese sentido, el gobierno de la Presidenta Claudia Sheinbaum debe impulsar una pol\u00edtica ambiental que est\u00e9 a la altura de los grandes retos en la materia que enfrenta el pa\u00eds, que sea suficiente para afrontar las consecuencias de una crisis clim\u00e1tica que avanza a pasos agigantados, y que acrecienta, como nunca antes, la degradaci\u00f3n de los ecosistemas naturales de los que depende la vida en el planeta.<\/p>\n","protected":false},"author":29,"featured_media":65505,"comment_status":"open","ping_status":"open","sticky":false,"template":"","format":"standard","meta":{"ep_exclude_from_search":false,"p4_og_title":"Contradicciones y pendientes en materia de justicia social y ambiental: Segundo Informe de Gobierno.","p4_og_description":"Desde el sureste hasta el norte, se muestran los efectos de los agroqu\u00edmicos y fertilizantes agr\u00edcolas, los megaproyectos extractivistas, los combustibles f\u00f3siles, y de un modelo de un supuesto \u201cdesarrollo\u201d que por a\u00f1os ha fomentado la destrucci\u00f3n de la naturaleza y el aumento de las desigualdades sociales que agravan el cambio clim\u00e1tico. En ese sentido, el gobierno de la Presidenta Claudia Sheinbaum debe impulsar una pol\u00edtica ambiental que est\u00e9 a la altura de los grandes retos en la materia que enfrenta el pa\u00eds, que sea suficiente para afrontar las consecuencias de una crisis clim\u00e1tica que avanza a pasos agigantados, y que acrecienta, como nunca antes, la degradaci\u00f3n de los ecosistemas naturales de los que depende la vida en el planeta.","p4_og_image":"https:\/\/www.greenpeace.org\/static\/planet4-mexico-stateless\/2026\/09\/2e8ebbf9-ifnorme.jpg","p4_og_image_id":"65505","p4_seo_canonical_url":"","p4_campaign_name":"","p4_local_project":"","p4_basket_name":"","p4_department":"","footnotes":""},"categories":[39,80],"tags":[49,64,50],"p4-page-type":[16],"class_list":["post-65504","post","type-post","status-publish","format-standard","has-post-thumbnail","hentry","category-clima-y-energia","category-politca-publica","tag-derechos-humanos","tag-desplazamiento-climatico","tag-falsas-soluciones","p4-page-type-informacion-prensa"],"_links":{"self":[{"href":"https:\/\/www.greenpeace.org\/mexico\/wp-json\/wp\/v2\/posts\/65504","targetHints":{"allow":["GET"]}}],"collection":[{"href":"https:\/\/www.greenpeace.org\/mexico\/wp-json\/wp\/v2\/posts"}],"about":[{"href":"https:\/\/www.greenpeace.org\/mexico\/wp-json\/wp\/v2\/types\/post"}],"author":[{"embeddable":true,"href":"https:\/\/www.greenpeace.org\/mexico\/wp-json\/wp\/v2\/users\/29"}],"replies":[{"embeddable":true,"href":"https:\/\/www.greenpeace.org\/mexico\/wp-json\/wp\/v2\/comments?post=65504"}],"version-history":[{"count":3,"href":"https:\/\/www.greenpeace.org\/mexico\/wp-json\/wp\/v2\/posts\/65504\/revisions"}],"predecessor-version":[{"id":65520,"href":"https:\/\/www.greenpeace.org\/mexico\/wp-json\/wp\/v2\/posts\/65504\/revisions\/65520"}],"wp:featuredmedia":[{"embeddable":true,"href":"https:\/\/www.greenpeace.org\/mexico\/wp-json\/wp\/v2\/media\/65505"}],"wp:attachment":[{"href":"https:\/\/www.greenpeace.org\/mexico\/wp-json\/wp\/v2\/media?parent=65504"}],"wp:term":[{"taxonomy":"category","embeddable":true,"href":"https:\/\/www.greenpeace.org\/mexico\/wp-json\/wp\/v2\/categories?post=65504"},{"taxonomy":"post_tag","embeddable":true,"href":"https:\/\/www.greenpeace.org\/mexico\/wp-json\/wp\/v2\/tags?post=65504"},{"taxonomy":"p4-page-type","embeddable":true,"href":"https:\/\/www.greenpeace.org\/mexico\/wp-json\/wp\/v2\/p4-page-type?post=65504"}],"curies":[{"name":"wp","href":"https:\/\/api.w.org\/{rel}","templated":true}]}}