{"id":8347,"date":"2020-05-06T17:35:07","date_gmt":"2020-05-06T22:35:07","guid":{"rendered":"https:\/\/www.greenpeace.org\/mexico\/?p=8347"},"modified":"2025-07-21T11:22:41","modified_gmt":"2025-07-21T16:22:41","slug":"cenace-obstaculiza-transicion-energetica-necesaria-para-combatir-el-cambio-climatico","status":"publish","type":"post","link":"https:\/\/www.greenpeace.org\/mexico\/informacion-prensa\/8347\/cenace-obstaculiza-transicion-energetica-necesaria-para-combatir-el-cambio-climatico\/","title":{"rendered":"CENACE obstaculiza transici\u00f3n energ\u00e9tica necesaria para combatir el cambio clim\u00e1tico"},"content":{"rendered":"\n<ul class=\"wp-block-list\">\n<li>El Acuerdo emitido por <strong>CENACE <\/strong>no tiene justificaci\u00f3n t\u00e9cnica ni jur\u00eddica y tiene implicaciones muy severas en cuestiones de salud y emisiones de gases efecto invernadero.<\/li>\n\n\n\n<li>El Acuerdo beneficia la generaci\u00f3n de electricidad sucia, cara y obsoleta a partir de combust\u00f3leo resultante de procesos de refinaci\u00f3n.<\/li>\n\n\n\n<li>Las modificaciones realizadas atentan contra el cumplimiento de los objetivos clim\u00e1ticos establecidos en la Ley General de Cambio Clim\u00e1tico y a lo comprometido por M\u00e9xico en el Acuerdo de Par\u00eds.<\/li>\n<\/ul>\n\n<p>El <em>Acuerdo para garantizar la eficiencia, calidad, confiabilidad, continuidad y seguridad de Sistema El\u00e9ctrico Nacional <\/em>y emitido por el Centro Nacional de Control de Energ\u00eda (CENACE) el pasado 29 de abril, justificado absurdamente y sin sentido por la crisis sanitaria del COVID-19, representa un obst\u00e1culo y una amenaza a la ya insuficiente pol\u00edtica clim\u00e1tica y a la consecuci\u00f3n de las Contribuciones Nacionalmente Determinadas que el Estado mexicano present\u00f3 en cumplimiento al Acuerdo de Par\u00eds y que est\u00e1n estipuladas en la Ley General de Cambio Clim\u00e1tico y la Ley de Transici\u00f3n Energ\u00e9tica, limitando la operaci\u00f3n de las plantas de generaci\u00f3n renovable y frenando, sin justificaci\u00f3n t\u00e9cnica ni jur\u00eddica, la entrada en operaci\u00f3n de las nuevas plantas que ganaron las subastas de energ\u00eda.<\/p>\n\n<p>Las energ\u00edas renovables, lejos de poner en riesgo el sistema el\u00e9ctrico nacional, pueden construir un sistema m\u00e1s resiliente, justo y accesible. En un pa\u00eds en el que m\u00e1s del 30% de los hogares sufren alg\u00fan tipo de pobreza energ\u00e9tica, est\u00e1 claro que el sistema el\u00e9ctrico basado en proyectos f\u00f3siles centralizados no ha sido efectivo en generar acceso; las energ\u00edas renovables, adem\u00e1s de coadyuvar a la consecuci\u00f3n de las metas clim\u00e1ticas de M\u00e9xico, combaten la pobreza energ\u00e9tica, generan empleos y fomentan el ahorro y eficiencia en el consumo de energ\u00eda.&nbsp;<\/p>\n\n<p>El reciente Acuerdo emitido por el CENACE abre la oportunidad de poner en marcha plantas de generaci\u00f3n el\u00e9ctricas a base de combust\u00f3leo (combustible residual de los procesos de refinaci\u00f3n de petr\u00f3leo) que estaban en desuso y programadas para ser retiradas del sistema el\u00e9ctrico debido a su ineficiencia, altos costos econ\u00f3micos, de salud, ambientales y por sus emisiones de gases efecto invernadero. Recordemos que tan s\u00f3lo por la contaminaci\u00f3n por material particulado en M\u00e9xico el Instituto de Evaluaci\u00f3n y M\u00e9tricas en Salud (IHME) de la Universidad de Washington estima que en 2017 murieron al menos 36 mil personas.&nbsp;<\/p>\n\n<p>Este Acuerdo se une al resto de medidas, cambios en las leyes y pol\u00edticas realizadas durante la presente administraci\u00f3n que han dado marcha atr\u00e1s a los mecanismos de acci\u00f3n clim\u00e1tica que se hab\u00edan desarrollado en nuestro pa\u00eds, han frenado el desarrollo de energ\u00edas renovables y ponen en riesgo el cumplimiento de leyes y compromisos internacionales que mandatan la reducci\u00f3n de emisiones de GEI en nuestro pa\u00eds. Las pol\u00edticas de SENER har\u00e1n que M\u00e9xico sea el primer pa\u00eds del G20 que, en los hechos, incumpla los compromisos del Acuerdo de Par\u00eds. Ejemplos de estas pol\u00edticas regresivas que ya hemos abordado desde el OCCA son:<\/p>\n\n<ul class=\"wp-block-list\">\n<li>La negativa de la Secretar\u00eda de Energ\u00eda para que M\u00e9xico ratifique el Anexo VI del Convenio MARPOL, el cual reducir\u00eda para 2030 la siguientes emisiones del transporte mar\u00edtimo: el 71% del material particulado, el 71% de carbono negro, 80%\u00a0 de emisiones de di\u00f3xido de azufre, 81% de emisiones de \u00f3xidos de nitr\u00f3geno;<\/li>\n\n\n\n<li>La postergaci\u00f3n de la cobertura nacional de di\u00e9sel de ultra bajo azufre hasta 2024;<\/li>\n\n\n\n<li>La cancelaci\u00f3n de subastas de energ\u00eda limpia;<\/li>\n\n\n\n<li>La publicaci\u00f3n, en octubre de 2019, del Acuerdo por el que se Modifican los lineamientos que establecen los criterios para el otorgamiento de Certificados de Energ\u00eda Limpia;<\/li>\n\n\n\n<li>La Resoluci\u00f3n de la CRE para autorizar a Pemex el suministro temporal de di\u00e9sel de 500 partes por mill\u00f3n (ppm) en algunas regiones de Guerrero, Oaxaca, Puebla y Veracruz, que est\u00e1n definidas dentro de las zonas de suministro de di\u00e9sel de Ultra Bajo Azufre (UBA, menos de 15 ppm).<\/li>\n<\/ul>\n\n<p>De acuerdo con la Prospectiva de Energ\u00edas Renovables 2018-2032 de M\u00e9xico, entre 2007 y 2017 la capacidad instalada de generaci\u00f3n el\u00e9ctrica con energ\u00edas renovables ven\u00eda creciendo a una tasa media anual de 4.5% y fueron las energ\u00edas e\u00f3lica y solar las que presentaron la mayor tasa de crecimiento promedio con el 47.6% y 43.2% respectivamente.&nbsp;&nbsp;<\/p>\n\n<p>En tanto el Renewables 2019, Global Status Report destacaba que M\u00e9xico hab\u00eda entrado a la lista de los diez pa\u00edses con mayores adiciones de energ\u00eda solar fotovoltaica. Sin embargo, en lo que se refiere a la generaci\u00f3n de energ\u00eda e\u00f3lica, el Global Wind Report 2019 hace menci\u00f3n que la voluntad pol\u00edtica vacilante de M\u00e9xico ha creado un ritmo debilitante de estancamiento para el desarrollo de la industria e\u00f3lica.<\/p>\n\n<p>Cabe se\u00f1alar que el Global Trends in Renewable Energy Investment 2019 indica que la inversi\u00f3n en capacidad instalada renovable cay\u00f3 38% en 2018 y que debido a la incertidumbre en el marco regulatorio es muy probable que la inversi\u00f3n se reduzca a\u00fan m\u00e1s. Por su parte, la Comisi\u00f3n Econ\u00f3mica para Am\u00e9rica Latina y el Caribe (CEPAL) reporta que M\u00e9xico es el segundo pa\u00eds latinoamericano con menor proporci\u00f3n de energ\u00edas renovables en la oferta energ\u00e9tica total, solamente detr\u00e1s de Barbados.&nbsp;<\/p>\n\n<p>Lo anterior es sumamente grave y preocupante en el contexto actual pues, adem\u00e1s de los retos en materia de salud que nos ha dejado ver la pandemia del COVID-19, existe la necesidad de reconstruir las econom\u00edas de los pa\u00edses a partir de medidas y pol\u00edticas m\u00e1s sostenibles que fortalezcan la resiliencia de las poblaciones en el mediano y largo plazo. En ese sentido, precisamente la generaci\u00f3n de energ\u00eda a partir de fuentes renovables y limpias es una soluci\u00f3n clave para esta recuperaci\u00f3n, y desde ya los gobiernos habr\u00edan de estar generando las condiciones y los incentivos apropiados para que suceda esta transici\u00f3n energ\u00e9tica. Sin embargo, el multicitado Acuerdo nos lleva en sentido opuesto a dicha reconstrucci\u00f3n.&nbsp;<\/p>\n\n<p><strong><em>Integrantes del Observatorio Ciudadano de Calidad del Aire que suscriben:<\/em><\/strong><em> Asociaci\u00f3n Interamericana para la Defensa del Ambiente, Bicitekas, Centro Mexicano de Derecho Ambiental, El Poder del Consumidor, FOTCA, Fundaci\u00f3n Tl\u00e1loc, Greenpeace M\u00e9xico, ICCT, ICM, ITDP M\u00e9xico, REDIM, Redspira, Transita Seguro, WWF.<\/em><\/p>\n<div class=\"EmptyMessage\">Block content is empty. Check the block&#8217;s settings or remove it.<\/div>","protected":false},"excerpt":{"rendered":"<p>El Acuerdo de CENACE frena la transici\u00f3n energ\u00e9tica y favorece combustibles sucios, incumpliendo metas clim\u00e1ticas y afectando la salud p\u00fablica.<\/p>\n","protected":false},"author":21,"featured_media":59380,"comment_status":"open","ping_status":"open","sticky":false,"template":"","format":"standard","meta":{"ep_exclude_from_search":false,"p4_og_title":"CENACE obstaculiza transici\u00f3n energ\u00e9tica necesaria para combatir el cambio clim\u00e1tico","p4_og_description":"El Acuerdo de CENACE frena la transici\u00f3n energ\u00e9tica y favorece combustibles sucios, incumpliendo metas clim\u00e1ticas y afectando la salud p\u00fablica.","p4_og_image":"https:\/\/www.greenpeace.org\/static\/planet4-mexico-stateless\/2025\/07\/a33224e9-energia-eolica.jpg","p4_og_image_id":"59380","p4_seo_canonical_url":"","p4_campaign_name":"not set","p4_local_project":"not set","p4_basket_name":"not set","p4_department":"","footnotes":""},"categories":[39],"tags":[47,54],"p4-page-type":[16],"class_list":["post-8347","post","type-post","status-publish","format-standard","has-post-thumbnail","hentry","category-clima-y-energia","tag-cambio-climatico","tag-energia-renovable","p4-page-type-informacion-prensa"],"_links":{"self":[{"href":"https:\/\/www.greenpeace.org\/mexico\/wp-json\/wp\/v2\/posts\/8347","targetHints":{"allow":["GET"]}}],"collection":[{"href":"https:\/\/www.greenpeace.org\/mexico\/wp-json\/wp\/v2\/posts"}],"about":[{"href":"https:\/\/www.greenpeace.org\/mexico\/wp-json\/wp\/v2\/types\/post"}],"author":[{"embeddable":true,"href":"https:\/\/www.greenpeace.org\/mexico\/wp-json\/wp\/v2\/users\/21"}],"replies":[{"embeddable":true,"href":"https:\/\/www.greenpeace.org\/mexico\/wp-json\/wp\/v2\/comments?post=8347"}],"version-history":[{"count":5,"href":"https:\/\/www.greenpeace.org\/mexico\/wp-json\/wp\/v2\/posts\/8347\/revisions"}],"predecessor-version":[{"id":59405,"href":"https:\/\/www.greenpeace.org\/mexico\/wp-json\/wp\/v2\/posts\/8347\/revisions\/59405"}],"wp:featuredmedia":[{"embeddable":true,"href":"https:\/\/www.greenpeace.org\/mexico\/wp-json\/wp\/v2\/media\/59380"}],"wp:attachment":[{"href":"https:\/\/www.greenpeace.org\/mexico\/wp-json\/wp\/v2\/media?parent=8347"}],"wp:term":[{"taxonomy":"category","embeddable":true,"href":"https:\/\/www.greenpeace.org\/mexico\/wp-json\/wp\/v2\/categories?post=8347"},{"taxonomy":"post_tag","embeddable":true,"href":"https:\/\/www.greenpeace.org\/mexico\/wp-json\/wp\/v2\/tags?post=8347"},{"taxonomy":"p4-page-type","embeddable":true,"href":"https:\/\/www.greenpeace.org\/mexico\/wp-json\/wp\/v2\/p4-page-type?post=8347"}],"curies":[{"name":"wp","href":"https:\/\/api.w.org\/{rel}","templated":true}]}}