{"id":8349,"date":"2020-05-08T14:30:28","date_gmt":"2020-05-08T19:30:28","guid":{"rendered":"https:\/\/www.greenpeace.org\/mexico\/?p=8349"},"modified":"2025-07-21T11:05:32","modified_gmt":"2025-07-21T16:05:32","slug":"5-acciones-de-recuperacion-que-debe-seguir-el-gobierno-despues-del-covid-19","status":"publish","type":"post","link":"https:\/\/www.greenpeace.org\/mexico\/blog\/8349\/5-acciones-de-recuperacion-que-debe-seguir-el-gobierno-despues-del-covid-19\/","title":{"rendered":"5 acciones de recuperaci\u00f3n que debe seguir el gobierno despu\u00e9s del COVID-19"},"content":{"rendered":"\n<p>Nada es para siempre. Es un hecho. La situaci\u00f3n en la que nos encontramos ahora en M\u00e9xico como consecuencia del <strong>COVID-19<\/strong> va cambiar tarde o temprano. En China, Italia, Espa\u00f1a e incluso Estados Unidos, los pa\u00edses m\u00e1s afectados por la <strong>pandemia<\/strong>, ya est\u00e1n en una fase diferente y las personas est\u00e1n saliendo, poco a poco, de sus casas.\u00a0<\/p>\n\n<p>En M\u00e9xico esta semana enfrentaremos el periodo de mayor contagio en el pa\u00eds. Es un momento estrat\u00e9gico para pensar hacia d\u00f3nde ir\u00e1 el pa\u00eds una vez que termine la Jornada de <strong>Sana Distancia. <\/strong>El ingenio de los <strong>comerciantes locales<\/strong> para hacer llegar los productos hasta casa, las muestra de solidaridad hacia quienes enfrentan el virus desde la primera l\u00ednea y la disciplina con la que muchas personas acataron el \u201c<strong>Qu\u00e9date en casa\u201d<\/strong> podr\u00edan darnos unas pistas de lo que, como ciudadan\u00eda, queremos para el futuro. Podr\u00eda pensarse que, como sucedi\u00f3 tras el sismo de 1985 y en otros eventos de contingencia, una nueva ciudadan\u00eda est\u00e1 naciendo.<\/p>\n\n<figure class=\"wp-block-image size-large is-resized  caption-style-blue-overlay caption-alignment-center\"><img loading=\"lazy\" decoding=\"async\" width=\"1024\" height=\"683\" src=\"https:\/\/www.greenpeace.org\/static\/planet4-mexico-stateless\/2025\/07\/7c9178c2-basura-1024x683.jpg\" title=\"Fotograf\u00eda de una persona vaciando un costal sobre una monta\u00f1a de basura.\" alt=\"Fotograf\u00eda de una persona vaciando un costal sobre una monta\u00f1a de basura.\" class=\"wp-image-59041\" style=\"width:725px;height:487px\" srcset=\"https:\/\/www.greenpeace.org\/static\/planet4-mexico-stateless\/2025\/07\/7c9178c2-basura-1024x683.jpg 1024w, https:\/\/www.greenpeace.org\/static\/planet4-mexico-stateless\/2025\/07\/7c9178c2-basura-300x200.jpg 300w, https:\/\/www.greenpeace.org\/static\/planet4-mexico-stateless\/2025\/07\/7c9178c2-basura-768x512.jpg 768w, https:\/\/www.greenpeace.org\/static\/planet4-mexico-stateless\/2025\/07\/7c9178c2-basura-510x340.jpg 510w, https:\/\/www.greenpeace.org\/static\/planet4-mexico-stateless\/2025\/07\/7c9178c2-basura.jpg 1200w\" sizes=\"auto, (max-width: 1024px) 100vw, 1024px\" \/><\/figure>\n\n<p>Esa nueva ciudadan\u00eda esperar\u00eda que el gobierno tambi\u00e9n le siga el paso. A continuaci\u00f3n enlistamos cinco acciones que deber\u00eda tomar el gobierno despu\u00e9s del COVID-19, basados en el Plan de recuperaci\u00f3n econ\u00f3mica para M\u00e9xico que propone Greenpeace:<\/p>\n\n<p><a href=\"https:\/\/actua.greenpeace.org.mx\/apoya-la-recuperacion-verde-y-justa-de-mexico-ante-el-covid-19\" target=\"_blank\" rel=\"noreferrer noopener\"><strong>\u00a1Apoya aqu\u00ed la recuperaci\u00f3n verde y justa de M\u00e9xico ante el COVID-19!<\/strong><\/a><\/p>\n\n<h2 class=\"wp-block-heading\"><strong>1. Mejorar c\u00f3mo viven las y los mexicanos<\/strong><\/h2>\n\n<p><strong>Empleo, salud y alimentaci\u00f3n<\/strong> son palabras claves cuando se habla de vida digna en el mundo. Cualquier estrategia de reactivaci\u00f3n econ\u00f3mica debe tener en el centro estos <strong>derechos sociales<\/strong>. M\u00e9xico podr\u00eda llegar a ellos en esta nueva etapa a trav\u00e9s de proyectos de inversi\u00f3n para infraestructura no contaminante: solarizaci\u00f3n de hogares y edificios p\u00fablicos, la electrificaci\u00f3n del transporte y el fortalecimiento de un modelo de producci\u00f3n agroecol\u00f3gico.\u00a0<\/p>\n\n<p>Una cosa va de la mano de otra: M\u00e9xico se podr\u00eda ahorrar hasta 871 mil millones de pesos si electrifica el <strong>transporte <\/strong>en las ciudades del pa\u00eds, pues actualmente los gastos para atender enfermedades derivadas de respirar aire contaminado,rebasan el <strong>Gasto del Sector Salud y el Presupuesto al Fondo <\/strong>para la Mitigaci\u00f3n y Adaptaci\u00f3n.\u00a0<\/p>\n\n<p>Asimismo, el gobierno debe asegurar la <strong>autosuficiencia alimentaria<\/strong> reorientando los recursos p\u00fablicos hacia la apertura de mercados de comercio justo y medios de distribuci\u00f3n de<strong> producci\u00f3n local,<\/strong> ya que, en tiempos de crisis, el acceso a los alimentos saludables, naturales, producidos localmente es estrat\u00e9gico para preservar la<strong> salud ambiental<\/strong> y de la <strong>poblaci\u00f3n<\/strong>. Recordemos que en M\u00e9xico, uno de los retos frente al COVID-19 ha sido la denisdad de poblaci\u00f3n con obesidad y diabetes, derivadas del <strong>consumo de alimentos ultraprocesados y con alto valor cal\u00f3rico.<\/strong><\/p>\n\n<h2 class=\"wp-block-heading\"><strong>2. Cambiar el modelo de consumo y producci\u00f3n<\/strong><\/h2>\n\n<p>M\u00e9xico, como la mayor\u00eda de los pa\u00edses del mundo, basa su modelo de producci\u00f3n y consumo en la <strong>explotaci\u00f3n de la naturaleza y las personas<\/strong>, la contaminaci\u00f3n del planeta, la generaci\u00f3n de grandes cantidades de residuos y <strong>gases de efecto invernadero (GEI)<\/strong> y la ampliaci\u00f3n de las desigualdades, lo que nos hace m\u00e1s vulnerables ante las crisis.\u00a0<\/p>\n\n<figure class=\"wp-block-image size-full  caption-style-blue-overlay caption-alignment-center\"><img loading=\"lazy\" decoding=\"async\" width=\"800\" height=\"533\" src=\"https:\/\/www.greenpeace.org\/static\/planet4-mexico-stateless\/2021\/12\/60ae1459-compras-y-consumo-responsable.jpg\" title=\"Foto de productos de mercado sin envoltorios pl\u00e1sticos.\" alt=\"Foto de productos de mercado sin envoltorios pl\u00e1sticos.\" class=\"wp-image-50251\" srcset=\"https:\/\/www.greenpeace.org\/static\/planet4-mexico-stateless\/2021\/12\/60ae1459-compras-y-consumo-responsable.jpg 800w, https:\/\/www.greenpeace.org\/static\/planet4-mexico-stateless\/2021\/12\/60ae1459-compras-y-consumo-responsable-300x200.jpg 300w, https:\/\/www.greenpeace.org\/static\/planet4-mexico-stateless\/2021\/12\/60ae1459-compras-y-consumo-responsable-768x512.jpg 768w, https:\/\/www.greenpeace.org\/static\/planet4-mexico-stateless\/2021\/12\/60ae1459-compras-y-consumo-responsable-510x340.jpg 510w\" sizes=\"auto, (max-width: 800px) 100vw, 800px\" \/><\/figure>\n\n<p>Si queremos caminar en un sentido contrario una vez que superemos la pandemia, nuestro pa\u00eds tiene que transitar hacia un nuevo modelo de econom\u00eda circular, restaurativa y regenerativa, es decir, no podemos seguir dependiendo de los pl\u00e1sticos y de otros empaques de un solo uso para distribuir los productos sino que necesitamos formas alternativas de distribuci\u00f3n basadas en modelos de reutilizaci\u00f3n de materiales durables y resistentes, as\u00ed como de venta a granel (libre de empaque).&nbsp;<\/p>\n\n<h2 class=\"wp-block-heading\"><strong>3. Mejorar nuestra infraestructura y espacio p\u00fablico<\/strong><\/h2>\n\n<p>M\u00e9xico tiene que <strong>descarbonizar <\/strong>el <strong>transporte <\/strong>e impulsando las energ\u00edas renovables, esto quiere decir, por ejemplo, sustituir la flota vehicular del gobierno por veh\u00edculos el\u00e9ctricos, fomentar la renovaci\u00f3n del <strong>transporte p\u00fablico <\/strong>para adquirir autobuses el\u00e9ctricos en las zonas metropolitanas del pa\u00eds (ciudades que excedan 500 mil habitantes), implementar redes de ciclov\u00edas en las ciudades del pa\u00eds, construir carriles especiales de transporte p\u00fablico r\u00e1pido, y renovar y actualizar la red el\u00e9ctrica nacional para favorecer la energ\u00eda renovable distribuida y abastecer las <strong>necesidades de energ\u00eda del pa\u00eds.\u00a0<\/strong><\/p>\n\n<figure class=\"wp-block-image size-large  caption-style-blue-overlay caption-alignment-center\"><img loading=\"lazy\" decoding=\"async\" width=\"1024\" height=\"683\" src=\"https:\/\/www.greenpeace.org\/static\/planet4-mexico-stateless\/2025\/07\/bc31e62b-movilidad-sustentable-bici-1024x683.jpg\" title=\"Fotograf\u00eda a\u00e9rea donde se observan dos personas movi\u00e9ndose en bici.\" alt=\"Fotograf\u00eda a\u00e9rea donde se observan dos personas movi\u00e9ndose en bici.\" class=\"wp-image-59266\" srcset=\"https:\/\/www.greenpeace.org\/static\/planet4-mexico-stateless\/2025\/07\/bc31e62b-movilidad-sustentable-bici-1024x683.jpg 1024w, https:\/\/www.greenpeace.org\/static\/planet4-mexico-stateless\/2025\/07\/bc31e62b-movilidad-sustentable-bici-300x200.jpg 300w, https:\/\/www.greenpeace.org\/static\/planet4-mexico-stateless\/2025\/07\/bc31e62b-movilidad-sustentable-bici-768x512.jpg 768w, https:\/\/www.greenpeace.org\/static\/planet4-mexico-stateless\/2025\/07\/bc31e62b-movilidad-sustentable-bici-510x340.jpg 510w, https:\/\/www.greenpeace.org\/static\/planet4-mexico-stateless\/2025\/07\/bc31e62b-movilidad-sustentable-bici.jpg 1200w\" sizes=\"auto, (max-width: 1024px) 100vw, 1024px\" \/><figcaption><div class=\"credit icon-left\"> \u00a9 Jilson Tiu \/ Greenpeace<\/div><\/figcaption><\/figure>\n\n<h2 class=\"wp-block-heading\"><strong>4. Acelerar la transici\u00f3n energ\u00e9tica<\/strong><\/h2>\n\n<p>No podemos caminar hacia atr\u00e1s. M\u00e9xico debe asumir su responsabilidad en la <strong>crisis clim\u00e1tica<\/strong> como emisor en su d\u00e9cimo segundo lugar a nivel mundial y como pa\u00eds altamente vulnerable a los efectos del cambio clim\u00e1tico, pero tambi\u00e9n tiene un potencial \u00fanico para la generaci\u00f3n de<strong> energ\u00eda verde.\u00a0<\/strong><\/p>\n\n<figure class=\"wp-block-image size-large  caption-style-blue-overlay caption-alignment-center\"><img loading=\"lazy\" decoding=\"async\" width=\"1024\" height=\"683\" src=\"https:\/\/www.greenpeace.org\/static\/planet4-mexico-stateless\/2025\/06\/1fde2982-energia-solar-mujeres-1024x683.jpg\" title=\"Mujeres usando protecci\u00f3n mientras instalan un sistema solar en Derendingen.\" alt=\"Mujeres usando protecci\u00f3n mientras instalan un sistema solar en Derendingen.\" class=\"wp-image-56417\" srcset=\"https:\/\/www.greenpeace.org\/static\/planet4-mexico-stateless\/2025\/06\/1fde2982-energia-solar-mujeres-1024x683.jpg 1024w, https:\/\/www.greenpeace.org\/static\/planet4-mexico-stateless\/2025\/06\/1fde2982-energia-solar-mujeres-300x200.jpg 300w, https:\/\/www.greenpeace.org\/static\/planet4-mexico-stateless\/2025\/06\/1fde2982-energia-solar-mujeres-768x512.jpg 768w, https:\/\/www.greenpeace.org\/static\/planet4-mexico-stateless\/2025\/06\/1fde2982-energia-solar-mujeres-510x340.jpg 510w, https:\/\/www.greenpeace.org\/static\/planet4-mexico-stateless\/2025\/06\/1fde2982-energia-solar-mujeres.jpg 1200w\" sizes=\"auto, (max-width: 1024px) 100vw, 1024px\" \/><figcaption class=\"wp-element-caption\">Transici\u00f3n energ\u00e9tica<div class=\"credit icon-left\"> \u00a9 Greenpeace \/ Nicolas Fojtu<\/div><\/figcaption><\/figure>\n\n<p>M\u00e9xico es uno de los cinco pa\u00edses con mayor potencial solar bruto del mundo y posee alto potencial e\u00f3lico. Para aprovecharlo se deben reactivar las subastas energ\u00e9ticas de largo plazo para promover el desarrollo de energ\u00edas renovables que permita alcanzar las metas contenidas en la <strong>Ley de Transici\u00f3n Energ\u00e9tica a 2024<\/strong> y desarrollar metas nuevas y m\u00e1s ambiciosas para el 2030. La Secretar\u00eda de Energ\u00eda (Sener) debe promover que la generaci\u00f3n el\u00e9ctrica proveniente de fuentes renovables para cumplir con la <strong>Ley General de Cambio Clim\u00e1tico<\/strong> para la Industria El\u00e9ctrica. Con ello, M\u00e9xico tiene la posibilidad de crear miles de empleos y el potencial de generar millones de GWh\/a suficientes para generar el 100% de la energ\u00eda consumida anualmente en el pa\u00eds en 2030.<\/p>\n\n<h2 class=\"wp-block-heading\"><strong>5. Poner m\u00e1s dinero en las manos del pueblo&nbsp;<\/strong><\/h2>\n\n<p>El est\u00edmulo m\u00e1s fuerte e inmediato que puede promover el gobierno de M\u00e9xico es aumentar los beneficios y reducir los tiempos de inactividad para quienes pierden sus empleos durante la pandemia. Si bien apoyar a trav\u00e9s de microcr\u00e9ditos a peque\u00f1as empresas es un paso, es esencial definir una pol\u00edtica de mayor envergadura para generar m\u00e1s ingresos y una mejor distribuci\u00f3n a mediano y largo plazo.&nbsp;<\/p>\n\n<p>Por ejemplo, proyectos como la generaci\u00f3n distribuida de energ\u00eda o la transformaci\u00f3n de la infraestructura del transporte p\u00fablico y privado en las ciudades podr\u00edan lograr minimizar la pobreza energ\u00e9tica en el pa\u00eds; que miles de familias obtengan un ingreso extra al vender excedentes de <strong>producci\u00f3n de energ\u00eda,<\/strong> as\u00ed como generar miles de empleos (con salarios justos y seguridad social) a nivel local al hacer las ciudades m\u00e1s sustentables.\u00a0<\/p>\n\n<p>\u00bfQuieres hacer m\u00e1s por el medio ambiente? \u00danete aqu\u00ed ?<\/p>\n\n<!--[if lte IE 8]>\n<script charset=\"utf-8\" type=\"text\/javascript\" src=\"\/\/js.hsforms.net\/forms\/v2-legacy.js\"><\/script>\n<![endif]-->\n<script charset=\"utf-8\" type=\"text\/javascript\" src=\"\/\/js.hsforms.net\/forms\/v2.js\"><\/script>\n<script>\n  hbspt.forms.create({\n\tportalId: \"2617486\",\n\tformId: \"2dcbbbc8-1cb2-41be-a6ff-fdebea43af0c\",\n\tsfdcCampaignId: \"7011P0000016yxUQAQ\",\n\tsubmitButtonClass: 'hs-button',\nonFormReady: function($form, ctx){\nvar paramsp4 = new window.URLSearchParams(window.location.search);\nvar utm_content = paramsp4.get('utm_content');\nif(utm_content == null) {\nvar urlp4 = window.location.href;\nvar fromGPMXBlog = urlp4.includes(\"\/blog\/\");\nif (fromGPMXBlog == true) {\nvar arrayp4 = urlp4.split(\"\/\");\nvar hs_origin = arrayp4[6];\n$('input[name=\"hs_origen__c\"]').val(hs_origin).change();\n}\n}\n}\n});\n<\/script>\n<div class=\"EmptyMessage\">Block content is empty. Check the block&#8217;s settings or remove it.<\/div>","protected":false},"excerpt":{"rendered":"<p>Cinco acciones para una recuperaci\u00f3n verde y justa tras el COVID-19. Salud, empleo y clima deben estar en el centro de la pol\u00edtica p\u00fablica.<\/p>\n","protected":false},"author":21,"featured_media":59266,"comment_status":"open","ping_status":"open","sticky":false,"template":"","format":"standard","meta":{"ep_exclude_from_search":false,"p4_og_title":"5 acciones de recuperaci\u00f3n que debe seguir el gobierno despu\u00e9s del COVID-19","p4_og_description":"Cinco acciones para una recuperaci\u00f3n verde y justa tras el COVID-19. Salud, empleo y clima deben estar en el centro de la pol\u00edtica p\u00fablica.","p4_og_image":"https:\/\/www.greenpeace.org\/static\/planet4-mexico-stateless\/2025\/07\/bc31e62b-movilidad-sustentable-bici.jpg","p4_og_image_id":"59266","p4_seo_canonical_url":"","p4_campaign_name":"not set","p4_local_project":"not set","p4_basket_name":"not set","p4_department":"","footnotes":""},"categories":[46],"tags":[47,20],"p4-page-type":[14],"class_list":["post-8349","post","type-post","status-publish","format-standard","has-post-thumbnail","hentry","category-por-definir","tag-cambio-climatico","tag-consumo","p4-page-type-blog"],"_links":{"self":[{"href":"https:\/\/www.greenpeace.org\/mexico\/wp-json\/wp\/v2\/posts\/8349","targetHints":{"allow":["GET"]}}],"collection":[{"href":"https:\/\/www.greenpeace.org\/mexico\/wp-json\/wp\/v2\/posts"}],"about":[{"href":"https:\/\/www.greenpeace.org\/mexico\/wp-json\/wp\/v2\/types\/post"}],"author":[{"embeddable":true,"href":"https:\/\/www.greenpeace.org\/mexico\/wp-json\/wp\/v2\/users\/21"}],"replies":[{"embeddable":true,"href":"https:\/\/www.greenpeace.org\/mexico\/wp-json\/wp\/v2\/comments?post=8349"}],"version-history":[{"count":5,"href":"https:\/\/www.greenpeace.org\/mexico\/wp-json\/wp\/v2\/posts\/8349\/revisions"}],"predecessor-version":[{"id":59403,"href":"https:\/\/www.greenpeace.org\/mexico\/wp-json\/wp\/v2\/posts\/8349\/revisions\/59403"}],"wp:featuredmedia":[{"embeddable":true,"href":"https:\/\/www.greenpeace.org\/mexico\/wp-json\/wp\/v2\/media\/59266"}],"wp:attachment":[{"href":"https:\/\/www.greenpeace.org\/mexico\/wp-json\/wp\/v2\/media?parent=8349"}],"wp:term":[{"taxonomy":"category","embeddable":true,"href":"https:\/\/www.greenpeace.org\/mexico\/wp-json\/wp\/v2\/categories?post=8349"},{"taxonomy":"post_tag","embeddable":true,"href":"https:\/\/www.greenpeace.org\/mexico\/wp-json\/wp\/v2\/tags?post=8349"},{"taxonomy":"p4-page-type","embeddable":true,"href":"https:\/\/www.greenpeace.org\/mexico\/wp-json\/wp\/v2\/p4-page-type?post=8349"}],"curies":[{"name":"wp","href":"https:\/\/api.w.org\/{rel}","templated":true}]}}