{"id":8428,"date":"2020-05-18T11:37:32","date_gmt":"2020-05-18T16:37:32","guid":{"rendered":"https:\/\/www.greenpeace.org\/mexico\/?p=8428"},"modified":"2025-07-21T09:52:39","modified_gmt":"2025-07-21T14:52:39","slug":"5-momentos-donde-triunfamos-por-el-planeta-en-27-anos","status":"publish","type":"post","link":"https:\/\/www.greenpeace.org\/mexico\/blog\/8428\/5-momentos-donde-triunfamos-por-el-planeta-en-27-anos\/","title":{"rendered":"5 momentos donde triunfamos por el planeta en 27 a\u00f1os"},"content":{"rendered":"\n<p>Hoy en <strong>Greenpeace <\/strong>celebramos <strong>27 a\u00f1os<\/strong> de empujar junto con miles de personas hacia un pa\u00eds mejor: m\u00e1s verde, m\u00e1s sano y m\u00e1s justo. Por eso queremos recordar contigo 5 momentos donde el poder de la gente nos llev\u00f3 a conseguir logros importantes que marcaron un antes y un despu\u00e9s en la historia de los derechos medioambientales en este pa\u00eds. <a href=\"https:\/\/actua.greenpeace.org.mx\/apoya-la-recuperacion-verde-y-justa-de-mexico-ante-el-covid-19\" target=\"_blank\" rel=\"noreferrer noopener\">\u00a1\u00danete para exigir un M\u00e9xico m\u00e1s verde!<\/a><\/p>\n\n<h2 class=\"wp-block-heading\"><strong>1 La primera vez nunca se olvida: acci\u00f3n en la Diana Cazadora<\/strong><\/h2>\n\n<p>El 18 de mayo de 1993, activistas de Greenpeace M\u00e9xico colocaron una m\u00e1scara y tanques de ox\u00edgeno a la fuente de la \u201cDiana cazadora\u201d, ubicada en avenida Paseo de la Reforma en la Ciudad de M\u00e9xico, para se\u00f1alar que la capital mexicana era la ciudad m\u00e1s contaminada de todo el planeta.&nbsp;<\/p>\n\n<p>Las im\u00e1genes de esa haza\u00f1a dieron la vuelta al mundo. Veinticinco a\u00f1os despu\u00e9s, Greenpeace M\u00e9xico lo volvi\u00f3 a hacer pero ahora con el mensaje \u201cEl aire en M\u00e9xico MATA\u201d para evidenciar el impacto a la salud que ocasiona la mala calidad del aire.&nbsp;<\/p>\n\n<figure class=\"wp-block-image aligncenter size-large  caption-style-blue-overlay caption-alignment-center\"><img loading=\"lazy\" decoding=\"async\" width=\"693\" height=\"1024\" src=\"https:\/\/www.greenpeace.org\/static\/planet4-mexico-stateless\/2025\/06\/08b7f90d-greenpeace-mexico-historia-693x1024.jpg\" title=\"Activista de Greenpeace M\u00e9xico prestando primeros auxilios a la Estatua de Diana, el s\u00edmbolo de la ciudad, con una m\u00e1scara de gas.\" alt=\"Activista de Greenpeace M\u00e9xico prestando primeros auxilios a la Estatua de Diana, el s\u00edmbolo de la ciudad, con una m\u00e1scara de gas.\" class=\"wp-image-56881\"\/><figcaption class=\"wp-element-caption\">Primer acci\u00f3n de Greenpeace M\u00e9xico en 1993.<div class=\"credit icon-left\"> \u00a9 Greenpeace \/ Miguel \u00c1ngel De Quevedo<\/div><\/figcaption><\/figure>\n\n<h2 class=\"wp-block-heading\"><strong>2 La \u201cRuta del Petr\u00f3leo\u201d<\/strong><\/h2>\n\n<p>En 1996, Greenpeace organiz\u00f3 una expedici\u00f3n por los estados de Veracruz, Tabasco y Campeche para documentar los impactos ambientales de la actividad petrolera en zonas donde Pemex hab\u00eda perforado alrededor de 2 mil 500 pozos desde los a\u00f1os 70. La traves\u00eda se llam\u00f3 la \u201cRuta del Petr\u00f3leo\u201d y encontr\u00f3 que la empresa petrolera era <strong>antiecol\u00f3gica<\/strong>, atentaba contra las comunidades originarias y violaba acuerdos internacionales.<\/p>\n\n<p>A ra\u00edz de las denuncias que hizo Greenpeace contra la paraestatal a lo largo de este recorrido en el Golfo de M\u00e9xico, dos a\u00f1os despu\u00e9s, en 1998, Pemex anunci\u00f3 el desmantelamiento de sus plataformas abandonadas frente a las costas de Tabasco.&nbsp;<\/p>\n\n<h2 class=\"wp-block-heading\"><strong>3 Alto a los transg\u00e9nicos&nbsp;<\/strong><\/h2>\n\n<p>En el 2000, Greenpeace M\u00e9xico inici\u00f3 una campa\u00f1a contra las corporaciones que usaban <strong>transg\u00e9nicos <\/strong>en los <strong>alimentos<\/strong>. Como consecuencia de la presi\u00f3n social que esto caus\u00f3 contra los corporativos, Gerber (Novartis) anunci\u00f3 que ya no utilizar\u00e1 organismos transg\u00e9nicos en productos alimenticios.<\/p>\n\n<p>Greenpeace insisti\u00f3 los a\u00f1os siguientes en presionar a las empresas y los gobiernos para que evitaran el comercio y traslado de<strong> organismos transg\u00e9nicos.<\/strong> En 2003, Greenpeace bloque\u00f3 el cruce internacional de Laredo y detuvo un tren con 99 vagones cargados con mezcla de ma\u00edz convencional y transg\u00e9nico. En la acci\u00f3n tres activistas se encadenaron a las v\u00edas del ferrocarril.<\/p>\n\n<figure class=\"wp-block-image size-large  caption-style-blue-overlay caption-alignment-center\"><img loading=\"lazy\" decoding=\"async\" width=\"1024\" height=\"683\" src=\"https:\/\/www.greenpeace.org\/static\/planet4-mexico-stateless\/2025\/04\/2f695f73-alto-maiz-transgenico-mexico-1024x683.jpg\" title=\"Activistas de Greenpeace en un puente ferroviario sostienen un cartel que dice &quot;Alto al ma\u00edz transg\u00e9nico&quot;\" alt=\"Activistas de Greenpeace en un puente ferroviario sostienen un cartel que dice &quot;Alto al ma\u00edz transg\u00e9nico&quot;\" class=\"wp-image-55488\" srcset=\"https:\/\/www.greenpeace.org\/static\/planet4-mexico-stateless\/2025\/04\/2f695f73-alto-maiz-transgenico-mexico-1024x683.jpg 1024w, https:\/\/www.greenpeace.org\/static\/planet4-mexico-stateless\/2025\/04\/2f695f73-alto-maiz-transgenico-mexico-300x200.jpg 300w, https:\/\/www.greenpeace.org\/static\/planet4-mexico-stateless\/2025\/04\/2f695f73-alto-maiz-transgenico-mexico-768x512.jpg 768w, https:\/\/www.greenpeace.org\/static\/planet4-mexico-stateless\/2025\/04\/2f695f73-alto-maiz-transgenico-mexico-510x340.jpg 510w, https:\/\/www.greenpeace.org\/static\/planet4-mexico-stateless\/2025\/04\/2f695f73-alto-maiz-transgenico-mexico.jpg 1200w\" sizes=\"auto, (max-width: 1024px) 100vw, 1024px\" \/><figcaption class=\"wp-element-caption\">Greenpeace intercepta un tren cargado de ma\u00edz estadounidense cuando intentaba entrar en M\u00e9xico.<\/figcaption><\/figure>\n\n<p>En 2005, la Secretar\u00eda de Agricultura cancel\u00f3 el permiso que ya hab\u00eda otorgado para la siembra de<strong> ma\u00edz transg\u00e9nico en M\u00e9xico<\/strong>. En ese mismo a\u00f1o, ecologistas campesinos e ind\u00edgenas que participaron en actos de protesta contra los transg\u00e9nicos y fueron encarcelados injustamente por ello, como Isidro Baldenegro, Hermenegildo Rivas y Felipe Arreaga, recuperaron su libertad.\u00a0<\/p>\n\n<h2 class=\"wp-block-heading\"><strong>4 En defensa de los bosques&nbsp;<\/strong><\/h2>\n\n<p>El a\u00f1o <strong>2007 <\/strong>fue crucial para la defensa de los <strong>bosques en M\u00e9xico<\/strong> y el trabajo de Greenpeace. Ese a\u00f1o, el <strong>Congreso de la Uni\u00f3n modific\u00f3 la Ley General de Adquisiciones <\/strong>para obligar al gobierno federal a adquirir \u00fanicamente madera certificada por su buen manejo. \u00c9sta hab\u00eda sido una de las demandas por las que Greenpeace trabaj\u00f3 desde el inicio de la campa\u00f1a de bosques en 2004.\u00a0<\/p>\n\n<p>Tambi\u00e9n se logr\u00f3 que la<strong> tala ilegal <\/strong>se convirtiera en delito grave en el Estado de M\u00e9xico; sin embargo, la campa\u00f1a se vio ensombrecida por el asesinato de Aldo Zamora, habitante y defensor de los bosques de San Juan Atzingo, Estado de M\u00e9xico. El caso no ha sido resuelto y seguimos exigiendo justicia, pero su lucha no fue en vano.\u00a0<\/p>\n\n<figure class=\"wp-block-image aligncenter size-full  caption-style-blue-overlay caption-alignment-center\"><img loading=\"lazy\" decoding=\"async\" width=\"600\" height=\"400\" src=\"https:\/\/www.greenpeace.org\/static\/planet4-mexico-stateless\/2025\/01\/af9b438a-selva-mexicana.jpg\" title=\"Selva mexicana.\" alt=\"Fotograf\u00eda de la Selva mexicana.\" class=\"wp-image-54654\" srcset=\"https:\/\/www.greenpeace.org\/static\/planet4-mexico-stateless\/2025\/01\/af9b438a-selva-mexicana.jpg 600w, https:\/\/www.greenpeace.org\/static\/planet4-mexico-stateless\/2025\/01\/af9b438a-selva-mexicana-300x200.jpg 300w, https:\/\/www.greenpeace.org\/static\/planet4-mexico-stateless\/2025\/01\/af9b438a-selva-mexicana-510x340.jpg 510w\" sizes=\"auto, (max-width: 600px) 100vw, 600px\" \/><\/figure>\n\n<h2 class=\"wp-block-heading\"><strong>5 Si da\u00f1a el medio ambiente, no va&nbsp;<\/strong><\/h2>\n\n<p>En 2018, Greenpeace M\u00e9xico y el <strong>Centro Mexicano de Derecho Ambiental (CEMDA)<\/strong> expusieron el desmonte ilegal para la construcci\u00f3n de la refiner\u00eda de Dos Bocas (el proyecto estrella del gobierno actual), ya que la empresa no contaba con la Manifestaci\u00f3n de Impacto Ambiental.<\/p>\n\n<p>Esta situaci\u00f3n se convirti\u00f3 en noticia nacional, lo que oblig\u00f3 a las autoridades a imponer una multa de 13 millones de pesos para la empresa responsable as\u00ed como un programa de <strong>reforestaci\u00f3n <\/strong>de mangle en 82.8 hect\u00e1reas y de preservaci\u00f3n de <strong>flora y fauna silvestre<\/strong>. El proyecto de la refiner\u00eda a\u00fan est\u00e1 en pie, pero desde Greenpeace hemos exigido al presidente <strong>Andr\u00e9s Manuel L\u00f3pez Obrador<\/strong> que detenga cualquier proyecto de inversi\u00f3n que da\u00f1e el <strong>medio ambiente <\/strong>y le apueste completamente a las <strong>energ\u00edas limpias y renovables.<\/strong><\/p>\n\n<h2 class=\"wp-block-heading\"><strong>Lo que viene&nbsp;<\/strong><\/h2>\n\n<p>Los logros que ha conseguido Greenpeace en M\u00e9xico estos 27 a\u00f1os gracias al apoyo de la ciudadan\u00eda se cuentan en cientos. Todos han sido importantes para detener a industrias o gobiernos de cometer desastres o abusos ecol\u00f3gicos que hubieran sido devastadores para el pa\u00eds, su <strong>biodiversidad <\/strong>y los <strong>derechos<\/strong> de las personas. As\u00ed se han protegido oc\u00e9anos, manglares, r\u00edos, bosques, zonas de cultivo, selvas y, principalmente, el Derecho Humano de todas y todos a vivir en un medio ambiente sano.\u00a0<\/p>\n\n<p>La <strong>pandemia <\/strong>que ahora enfrentamos significa una oportunidad para seguir exigiendo transformaciones a favor del <strong>medio ambiente<\/strong>. Es momento de reconstruir nuestras ciudades, fortalecer el<strong> trabajo colectivo<\/strong> y en comunidad para reiniciar una<strong> \u201cnueva normalidad\u201d <\/strong>que promueva un <strong>M\u00e9xico verde y justo<\/strong>, donde las <strong>energ\u00edas renovables<\/strong> y la<strong> agricultura ecol\u00f3gica<\/strong> sean una realidad en la pol\u00edtica del pa\u00eds, y donde la gente pueda decidir sobre su forma de vida con alternativas para acceder a mejores servicios y alimentos, apoyando el comercio justo y local que reactive la econom\u00eda del pa\u00eds de una forma distinta. <a href=\"https:\/\/actua.greenpeace.org.mx\/apoya-la-recuperacion-verde-y-justa-de-mexico-ante-el-covid-19\" target=\"_blank\" rel=\"noreferrer noopener\">\u00a1Quiero un M\u00e9xico m\u00e1s verde!<\/a><\/p>\n\n<p>\u00bfQuieres hacer m\u00e1s por el medio ambiente? \u00danete aqu\u00ed ?<\/p>\n\n<!--[if lte IE 8]>\n<script charset=\"utf-8\" type=\"text\/javascript\" src=\"\/\/js.hsforms.net\/forms\/v2-legacy.js\"><\/script>\n<![endif]-->\n<script charset=\"utf-8\" type=\"text\/javascript\" src=\"\/\/js.hsforms.net\/forms\/v2.js\"><\/script>\n<script>\n  hbspt.forms.create({\n\tportalId: \"2617486\",\n\tformId: \"2dcbbbc8-1cb2-41be-a6ff-fdebea43af0c\",\n\tsfdcCampaignId: \"7011P0000016yxUQAQ\",\n\tsubmitButtonClass: 'hs-button',\nonFormReady: function($form, ctx){\nvar paramsp4 = new window.URLSearchParams(window.location.search);\nvar utm_content = paramsp4.get('utm_content');\nif(utm_content == null) {\nvar urlp4 = window.location.href;\nvar fromGPMXBlog = urlp4.includes(\"\/blog\/\");\nif (fromGPMXBlog == true) {\nvar arrayp4 = urlp4.split(\"\/\");\nvar hs_origin = arrayp4[6];\n$('input[name=\"hs_origen__c\"]').val(hs_origin).change();\n}\n}\n}\n});\n<\/script>\n<div class=\"EmptyMessage\">Block content is empty. Check the block&#8217;s settings or remove it.<\/div>","protected":false},"excerpt":{"rendered":"<p>Greenpeace celebra 27 a\u00f1os de empujar junto con miles de personas hacia un pa\u00eds mejor: m\u00e1s verde, m\u00e1s sano y m\u00e1s justo. \u00a1Te invitamos a conocer un poco m\u00e1s de nuestra historia! <\/p>\n","protected":false},"author":21,"featured_media":55488,"comment_status":"open","ping_status":"open","sticky":false,"template":"","format":"standard","meta":{"ep_exclude_from_search":false,"p4_og_title":"5 momentos donde triunfamos por el planeta en 27 a\u00f1os","p4_og_description":"Greenpeace celebra 27 a\u00f1os de empujar junto con miles de personas hacia un pa\u00eds mejor: m\u00e1s verde, m\u00e1s sano y m\u00e1s justo. \u00a1Te invitamos a conocer un poco m\u00e1s de nuestra historia! ","p4_og_image":"https:\/\/www.greenpeace.org\/static\/planet4-mexico-stateless\/2025\/04\/2f695f73-alto-maiz-transgenico-mexico.jpg","p4_og_image_id":"55488","p4_seo_canonical_url":"","p4_campaign_name":"not set","p4_local_project":"not set","p4_basket_name":"not set","p4_department":"","footnotes":""},"categories":[43],"tags":[21],"p4-page-type":[14],"class_list":["post-8428","post","type-post","status-publish","format-standard","has-post-thumbnail","hentry","category-sobre-greenpeace","tag-activismo","p4-page-type-blog"],"_links":{"self":[{"href":"https:\/\/www.greenpeace.org\/mexico\/wp-json\/wp\/v2\/posts\/8428","targetHints":{"allow":["GET"]}}],"collection":[{"href":"https:\/\/www.greenpeace.org\/mexico\/wp-json\/wp\/v2\/posts"}],"about":[{"href":"https:\/\/www.greenpeace.org\/mexico\/wp-json\/wp\/v2\/types\/post"}],"author":[{"embeddable":true,"href":"https:\/\/www.greenpeace.org\/mexico\/wp-json\/wp\/v2\/users\/21"}],"replies":[{"embeddable":true,"href":"https:\/\/www.greenpeace.org\/mexico\/wp-json\/wp\/v2\/comments?post=8428"}],"version-history":[{"count":8,"href":"https:\/\/www.greenpeace.org\/mexico\/wp-json\/wp\/v2\/posts\/8428\/revisions"}],"predecessor-version":[{"id":59385,"href":"https:\/\/www.greenpeace.org\/mexico\/wp-json\/wp\/v2\/posts\/8428\/revisions\/59385"}],"wp:featuredmedia":[{"embeddable":true,"href":"https:\/\/www.greenpeace.org\/mexico\/wp-json\/wp\/v2\/media\/55488"}],"wp:attachment":[{"href":"https:\/\/www.greenpeace.org\/mexico\/wp-json\/wp\/v2\/media?parent=8428"}],"wp:term":[{"taxonomy":"category","embeddable":true,"href":"https:\/\/www.greenpeace.org\/mexico\/wp-json\/wp\/v2\/categories?post=8428"},{"taxonomy":"post_tag","embeddable":true,"href":"https:\/\/www.greenpeace.org\/mexico\/wp-json\/wp\/v2\/tags?post=8428"},{"taxonomy":"p4-page-type","embeddable":true,"href":"https:\/\/www.greenpeace.org\/mexico\/wp-json\/wp\/v2\/p4-page-type?post=8428"}],"curies":[{"name":"wp","href":"https:\/\/api.w.org\/{rel}","templated":true}]}}