{"id":8580,"date":"2020-06-16T15:05:43","date_gmt":"2020-06-16T20:05:43","guid":{"rendered":"https:\/\/www.greenpeace.org\/mexico\/?p=8580"},"modified":"2025-07-14T09:41:47","modified_gmt":"2025-07-14T14:41:47","slug":"que-es-la-semana-mundial-sin-carne-y-como-me-uno","status":"publish","type":"post","link":"https:\/\/www.greenpeace.org\/mexico\/blog\/8580\/que-es-la-semana-mundial-sin-carne-y-como-me-uno\/","title":{"rendered":"\u00bfQu\u00e9 es la semana mundial sin carne y c\u00f3mo me uno?"},"content":{"rendered":"\n<p>La <strong>semana mundial sin carne, <\/strong>una iniciativa mundial para concientizar sobre c\u00f3mo el <strong>consumo de carne da\u00f1a al planeta<\/strong>, empieza este 15 de junio y termina el 21 del mismo mes \u00bfEst\u00e1s lista\/o para iniciar el reto?<\/p>\n\n<p>Desde hace tres a\u00f1os, el movimiento mundial a favor del<strong> medio ambiente <\/strong>consigui\u00f3 complementar el <strong>d\u00eda mundial sin carne<\/strong>, que se celebra el 20 de marzo, con <strong>una semana mundial sin carne.<\/strong> La iniciativa naci\u00f3 de la organizaci\u00f3n inglesa que lleva por nombre justamente <strong>\u201cWorld Meat Free Week\u201d <\/strong>(Semana Mundial Sin Carne, por su traducci\u00f3n al espa\u00f1ol).<\/p>\n\n<figure class=\"wp-block-image size-large  caption-style-blue-overlay caption-alignment-center\"><img loading=\"lazy\" decoding=\"async\" width=\"1024\" height=\"683\" src=\"https:\/\/www.greenpeace.org\/static\/planet4-mexico-stateless\/2025\/07\/5f82378e-alimentacion-menos-carne-consumo-1024x683.jpg\" title=\"Una familia comiendo una variedad de alimentos de origen vegetal en casa.\" alt=\"Una familia comiendo una variedad de alimentos de origen vegetal en casa.\" class=\"wp-image-59263\" srcset=\"https:\/\/www.greenpeace.org\/static\/planet4-mexico-stateless\/2025\/07\/5f82378e-alimentacion-menos-carne-consumo-1024x683.jpg 1024w, https:\/\/www.greenpeace.org\/static\/planet4-mexico-stateless\/2025\/07\/5f82378e-alimentacion-menos-carne-consumo-300x200.jpg 300w, https:\/\/www.greenpeace.org\/static\/planet4-mexico-stateless\/2025\/07\/5f82378e-alimentacion-menos-carne-consumo-768x512.jpg 768w, https:\/\/www.greenpeace.org\/static\/planet4-mexico-stateless\/2025\/07\/5f82378e-alimentacion-menos-carne-consumo-510x340.jpg 510w, https:\/\/www.greenpeace.org\/static\/planet4-mexico-stateless\/2025\/07\/5f82378e-alimentacion-menos-carne-consumo.jpg 1200w\" sizes=\"auto, (max-width: 1024px) 100vw, 1024px\" \/><figcaption class=\"wp-element-caption\">Comida a basa de plantas.<div class=\"credit icon-left\"> \u00a9 Mitja Kobal \/ Greenpeace<\/div><\/figcaption><\/figure>\n\n<p>Desde entonces, distintas organizaciones ambientalistas, entre ellas <strong>Greenpeace<\/strong>, se han unido al llamado: <strong>dejar de consumir carne por una semana entera<\/strong>. Entre m\u00e1s d\u00edas lo hagamos, m\u00e1s tiempo tendremos para generar conciencia en la sociedad y <strong>extender los impactos en beneficio del medio ambiente.<\/strong><\/p>\n\n<p><a href=\"https:\/\/www.greenpeace.org\/mexico\/blog\/3971\/tres-pasos-para-reducir-tu-consumo-de-carne\/\" target=\"_blank\" rel=\"noreferrer noopener\">Te recomendamos: Tres pasos para reducir tu consumo de carne<\/a><\/p>\n\n<h2 class=\"wp-block-heading\"><strong>\u00bfPor qu\u00e9 deber\u00eda ser parte del reto?<\/strong><\/h2>\n\n<p>La respuesta es el <strong>calentamiento global<\/strong> y sus efectos devastadores para la humanidad y la biodiversidad. \u00bfYa conoces el reporte de Greenpeace <a href=\"https:\/\/es.greenpeace.org\/es\/wp-content\/uploads\/sites\/3\/2018\/03\/bueno-informe.pdf?_ga=2.12547760.587634563.1592321036-2106872480.1591190664\" target=\"_blank\" rel=\"noreferrer noopener\"><em>Menos es m\u00e1s. El sistema de producci\u00f3n de carne y l\u00e1cteos. Reducir la producci\u00f3n y consumo de carne y l\u00e1cteos para una vida y planeta m\u00e1s saludable<\/em><\/a>?\u00a0\u00a0<\/p>\n\n<p>Ese reporte dice que 2017 fue <strong>el a\u00f1o m\u00e1s caluroso<\/strong> registrado hasta el momento; la literatura cient\u00edfica advierte que la \u2018ola clim\u00e1tica aumenta r\u00e1pidamente\u2019. El sistema alimentario, incluyendo los<strong> cambios en el uso del suelo relacionados con la agricultura<\/strong>, es actualmente responsable de la cuarta parte de todas las emisiones de <strong>Gases de Efecto Invernadero (GEI)<\/strong> que provocan el cambio clim\u00e1tico.\u00a0<\/p>\n\n<figure class=\"wp-block-image size-large  caption-style-blue-overlay caption-alignment-center\"><img loading=\"lazy\" decoding=\"async\" width=\"1024\" height=\"682\" src=\"https:\/\/www.greenpeace.org\/static\/planet4-mexico-stateless\/2020\/05\/c337d26d-gp0stp8ov-1024x682.jpg\" title=\"Cattle in an Ecological Farm in Kenya. \u00a9 Cheryl-Samantha Owen \/ Greenpeace\" alt=\"Cattle in an Ecological Farm in Kenya. \u00a9 Cheryl-Samantha Owen \/ Greenpeace\" class=\"wp-image-8401\" srcset=\"https:\/\/www.greenpeace.org\/static\/planet4-mexico-stateless\/2020\/05\/c337d26d-gp0stp8ov-1024x682.jpg 1024w, https:\/\/www.greenpeace.org\/static\/planet4-mexico-stateless\/2020\/05\/c337d26d-gp0stp8ov-300x200.jpg 300w, https:\/\/www.greenpeace.org\/static\/planet4-mexico-stateless\/2020\/05\/c337d26d-gp0stp8ov-768x511.jpg 768w, https:\/\/www.greenpeace.org\/static\/planet4-mexico-stateless\/2020\/05\/c337d26d-gp0stp8ov-510x340.jpg 510w, https:\/\/www.greenpeace.org\/static\/planet4-mexico-stateless\/2020\/05\/c337d26d-gp0stp8ov.jpg 1199w\" sizes=\"auto, (max-width: 1024px) 100vw, 1024px\" \/><figcaption class=\"wp-element-caption\">Disminuye tu consumo de carne y protege el medio ambiente<div class=\"credit icon-left\"> \u00a9 Cheryl-Samantha Owen \/ Greenpeace<\/div><\/figcaption><\/figure>\n\n<p><strong>Si no hacemos nada, para 2050 las emisiones de gases del sistema alimentario representar\u00e1n m\u00e1s de la mitad del total de emisiones globales asociadas a las actividades humanas, <\/strong>han advertido organismos internacionales. Las consecuencias de lo que comemos y c\u00f3mo producimos nuestros alimentos tendr\u00e1n cada vez mayor impacto y supondr\u00e1n una mayor amenaza para nuestra supervivencia en la Tierra.<\/p>\n\n<p><a href=\"https:\/\/www.greenpeace.org\/mexico\/blog\/4042\/comer-carne-contribuye-a-la-deforestacion-del-planeta\/\" target=\"_blank\" rel=\"noreferrer noopener\">Te podr\u00eda interesar: Comer carne contribuye a la deforestaci\u00f3n del planeta<\/a><\/p>\n\n<h2 class=\"wp-block-heading\"><strong>Disminuir el consumo de carne es vital<\/strong> <\/h2>\n\n<p>El elemento individual del sistema alimentario con mayor impacto es la cr\u00eda de ganado como medio para proporcionar <strong>productos para el consumo humano<\/strong>, de acuerdo con el <strong>informe de Greenpeace<\/strong>. Aparte de las grandes \u00e1reas de terreno que se emplean en la<strong> ganader\u00eda <\/strong>directamente, m\u00e1s del 30% de todos los cultivos producidos a nivel mundial son para alimentar al ganado; adem\u00e1s, los productos ganaderos tienen una <strong>huella h\u00eddrica<\/strong> muy por encima de los <strong>productos agr\u00edcolas <\/strong>y la carne de rumiantes tiene una huella de gas de efecto invernadero 100 veces mayor que la de los alimentos de origen vegetal.\u00a0<\/p>\n\n<h2 class=\"wp-block-heading\"><strong>\u00bfTe unes al reto? Te ayudamos<\/strong><\/h2>\n\n<p><strong>Una semana sin carne <\/strong>es m\u00e1s f\u00e1cil de lo que imaginamos. Adem\u00e1s de contribuir al <strong>cuidado del medio ambiente,<\/strong> podr\u00edas aprender nuevas recetas, tener una dieta m\u00e1s saludable e incluso ahorrarte unos pesos. Existen cientos de deliciosas r<strong>ecetas que no incluyen carne.<\/strong> <a href=\"https:\/\/actua.greenpeace.org.mx\/juntos-nos-cuidamos?fbclid=IwAR18jqFtqAKi-zQXPX190u8XQrQowb_wjdfrEoQVmJpSx9xCUw2kOC-Q_HU#recipes\" target=\"_blank\" rel=\"noreferrer noopener\">Ac\u00e1 puedes descargar este <strong>recetario sin carne<\/strong><\/a> y ac\u00e1 un<a href=\"https:\/\/actua.greenpeace.org.mx\/juntos-nos-cuidamos?fbclid=IwAR0OjwYvbmOFh-Uc5s9wHlvJ54spFRXM-eQyBLDif8hUpgqJb0zOw22ZhU4#directory\" target=\"_blank\" rel=\"noreferrer noopener\"> directorio de lugares en los que puedes encontrar vegetales y apoyar la econom\u00eda local<\/a>. \u00a1Que lo disfrutes!<\/p>\n\n<figure class=\"wp-block-image size-large  caption-style-blue-overlay caption-alignment-center\"><img loading=\"lazy\" decoding=\"async\" width=\"1024\" height=\"683\" src=\"https:\/\/www.greenpeace.org\/static\/planet4-mexico-stateless\/2025\/06\/73a3ac88-comida-1024x683.jpg\" title=\"Diversos tipos de verduras org\u00e1nicas en un puesto de una granja local.\" alt=\"Diversos tipos de verduras org\u00e1nicas en un puesto de una granja local.\" class=\"wp-image-58863\" srcset=\"https:\/\/www.greenpeace.org\/static\/planet4-mexico-stateless\/2025\/06\/73a3ac88-comida-1024x683.jpg 1024w, https:\/\/www.greenpeace.org\/static\/planet4-mexico-stateless\/2025\/06\/73a3ac88-comida-300x200.jpg 300w, https:\/\/www.greenpeace.org\/static\/planet4-mexico-stateless\/2025\/06\/73a3ac88-comida-768x512.jpg 768w, https:\/\/www.greenpeace.org\/static\/planet4-mexico-stateless\/2025\/06\/73a3ac88-comida-510x340.jpg 510w, https:\/\/www.greenpeace.org\/static\/planet4-mexico-stateless\/2025\/06\/73a3ac88-comida.jpg 1200w\" sizes=\"auto, (max-width: 1024px) 100vw, 1024px\" \/><figcaption><div class=\"credit icon-left\"> \u00a9 Fred Dott \/ Greenpeace<\/div><\/figcaption><\/figure>\n\n<p>\u00bfQuieres hacer m\u00e1s por el planeta y recibir m\u00e1s informaci\u00f3n? \u00danete aqu\u00ed.<\/p>\n\n<!--[if lte IE 8]>\n<script charset=\"utf-8\" type=\"text\/javascript\" src=\"\/\/js.hsforms.net\/forms\/v2-legacy.js\"><\/script>\n<![endif]-->\n<script charset=\"utf-8\" type=\"text\/javascript\" src=\"\/\/js.hsforms.net\/forms\/v2.js\"><\/script>\n<script>\n  hbspt.forms.create({\n\tportalId: \"2617486\",\n\tformId: \"2c8d1c6d-5f64-44bc-9732-32ee551cddd2\",\n\tsfdcCampaignId: \"7011P0000016xsaQAA\",\n\tsubmitButtonClass: 'hs-button',\nonFormReady: function($form, ctx){\nvar paramsp4 = new window.URLSearchParams(window.location.search);\nvar utm_content = paramsp4.get('utm_content');\nif(utm_content == null) {\nvar urlp4 = window.location.href;\nvar fromGPMXBlog = urlp4.includes(\"\/blog\/\");\nif (fromGPMXBlog == true) {\nvar arrayp4 = urlp4.split(\"\/\");\nvar hs_origin = arrayp4[6];\n$('input[name=\"hs_origen__c\"]').val(hs_origin).change();\n}\n}\n}\n});\n<\/script>\n\n<p><\/p>\n<div class=\"EmptyMessage\">Block content is empty. Check the block&#8217;s settings or remove it.<\/div>","protected":false},"excerpt":{"rendered":"<p>\u00danete a la Semana Mundial Sin Carne y descubre c\u00f3mo reducir tu consumo ayuda al planeta, tu salud y la lucha contra el cambio clim\u00e1tico.<\/p>\n","protected":false},"author":21,"featured_media":59271,"comment_status":"open","ping_status":"open","sticky":false,"template":"","format":"standard","meta":{"ep_exclude_from_search":false,"p4_og_title":"\u00bfQu\u00e9 es la semana mundial sin carne y c\u00f3mo me uno?","p4_og_description":"\u00danete a la Semana Mundial Sin Carne y descubre c\u00f3mo reducir tu consumo ayuda al planeta, tu salud y la lucha contra el cambio clim\u00e1tico.","p4_og_image":"https:\/\/www.greenpeace.org\/static\/planet4-mexico-stateless\/2025\/07\/d5a66097-sin-carne-alimentacion-consumo.jpg","p4_og_image_id":"59271","p4_seo_canonical_url":"","p4_campaign_name":"not set","p4_local_project":"not set","p4_basket_name":"not set","p4_department":"","footnotes":""},"categories":[46],"tags":[30,20],"p4-page-type":[14],"class_list":["post-8580","post","type-post","status-publish","format-standard","has-post-thumbnail","hentry","category-por-definir","tag-alimentacion","tag-consumo","p4-page-type-blog"],"_links":{"self":[{"href":"https:\/\/www.greenpeace.org\/mexico\/wp-json\/wp\/v2\/posts\/8580","targetHints":{"allow":["GET"]}}],"collection":[{"href":"https:\/\/www.greenpeace.org\/mexico\/wp-json\/wp\/v2\/posts"}],"about":[{"href":"https:\/\/www.greenpeace.org\/mexico\/wp-json\/wp\/v2\/types\/post"}],"author":[{"embeddable":true,"href":"https:\/\/www.greenpeace.org\/mexico\/wp-json\/wp\/v2\/users\/21"}],"replies":[{"embeddable":true,"href":"https:\/\/www.greenpeace.org\/mexico\/wp-json\/wp\/v2\/comments?post=8580"}],"version-history":[{"count":3,"href":"https:\/\/www.greenpeace.org\/mexico\/wp-json\/wp\/v2\/posts\/8580\/revisions"}],"predecessor-version":[{"id":59272,"href":"https:\/\/www.greenpeace.org\/mexico\/wp-json\/wp\/v2\/posts\/8580\/revisions\/59272"}],"wp:featuredmedia":[{"embeddable":true,"href":"https:\/\/www.greenpeace.org\/mexico\/wp-json\/wp\/v2\/media\/59271"}],"wp:attachment":[{"href":"https:\/\/www.greenpeace.org\/mexico\/wp-json\/wp\/v2\/media?parent=8580"}],"wp:term":[{"taxonomy":"category","embeddable":true,"href":"https:\/\/www.greenpeace.org\/mexico\/wp-json\/wp\/v2\/categories?post=8580"},{"taxonomy":"post_tag","embeddable":true,"href":"https:\/\/www.greenpeace.org\/mexico\/wp-json\/wp\/v2\/tags?post=8580"},{"taxonomy":"p4-page-type","embeddable":true,"href":"https:\/\/www.greenpeace.org\/mexico\/wp-json\/wp\/v2\/p4-page-type?post=8580"}],"curies":[{"name":"wp","href":"https:\/\/api.w.org\/{rel}","templated":true}]}}