{"id":8586,"date":"2020-06-17T20:22:52","date_gmt":"2020-06-18T01:22:52","guid":{"rendered":"https:\/\/www.greenpeace.org\/mexico\/?p=8586"},"modified":"2025-07-14T09:22:21","modified_gmt":"2025-07-14T14:22:21","slug":"reduce-tu-consumo-de-carne-una-comida-un-dia-una-semana-a-la-vez","status":"publish","type":"post","link":"https:\/\/www.greenpeace.org\/mexico\/blog\/8586\/reduce-tu-consumo-de-carne-una-comida-un-dia-una-semana-a-la-vez\/","title":{"rendered":"Reduce tu consumo de carne: una comida, un d\u00eda, una semana a la vez"},"content":{"rendered":"\n<p>\u00bfCu\u00e1ntas veces nos hemos hecho la pregunta: qu\u00e9 puedo hacer en mi vida diaria para <strong>hacer la diferencia<\/strong> en mi ciudad y tener un <strong>planeta mejor<\/strong>?<\/p>\n\n<p>Si bien los <strong>pol\u00edticos <\/strong>y los<strong> tomadores de decisione<\/strong>s deben tomar medidas urgentes para abordar la<strong> crisis de salud, clima y ecolog\u00eda <\/strong>en la que vivimos, hay muchas cosas que como ciudadan\u00eda tambi\u00e9n podemos hacer para ser parte activa de la soluci\u00f3n.<\/p>\n\n<p>Esta semana es nuestra oportunidad para empezar a hacer; es es la<strong> Semana Mundial sin Carne.<\/strong> Esta semana podemos\u00a0 comprometernos a evitar la carne en cada comida y disfrutar de la abundancia, riqueza y sabor de los alimentos con productos vegetales.<\/p>\n\n<h2 class=\"wp-block-heading\"><strong>Los impactos de la carne\u00a0<\/strong><\/h2>\n\n<p>La producci\u00f3n de carne contribuye al 14% de las emisiones mundiales de gases de efecto invernadero, tanto como todos los autom\u00f3viles, camiones, trenes, barcos y aviones combinados. La ganader\u00eda ocupa el 26% de toda la tierra del planeta y es responsable de la deforestaci\u00f3n y la p\u00e9rdida de biodiversidad. Esto ha sido identificado como una de las causas que aumentan las posibilidades de contraer virus (como el coronavirus) de ecosistemas v\u00edrgenes y animales salvajes.<\/p>\n\n<figure class=\"wp-block-image size-large  caption-style-blue-overlay caption-alignment-center\"><img loading=\"lazy\" decoding=\"async\" width=\"1024\" height=\"684\" src=\"https:\/\/www.greenpeace.org\/static\/planet4-mexico-stateless\/2021\/12\/439377cc-deforestacion-por-mineri\u0301a-amapa\u0301-brazil-1024x684.jpg\" title=\"Fotograf\u00eda de explotaci\u00f3n minera en las monta\u00f1as en Amap\u00e1, Brasil\" alt=\"Fotograf\u00eda de explotaci\u00f3n minera en las monta\u00f1as en Amap\u00e1, Brasil\" class=\"wp-image-50182\" srcset=\"https:\/\/www.greenpeace.org\/static\/planet4-mexico-stateless\/2021\/12\/439377cc-deforestacion-por-mineri\u0301a-amapa\u0301-brazil-1024x684.jpg 1024w, https:\/\/www.greenpeace.org\/static\/planet4-mexico-stateless\/2021\/12\/439377cc-deforestacion-por-mineri\u0301a-amapa\u0301-brazil-300x200.jpg 300w, https:\/\/www.greenpeace.org\/static\/planet4-mexico-stateless\/2021\/12\/439377cc-deforestacion-por-mineri\u0301a-amapa\u0301-brazil-768x513.jpg 768w, https:\/\/www.greenpeace.org\/static\/planet4-mexico-stateless\/2021\/12\/439377cc-deforestacion-por-mineri\u0301a-amapa\u0301-brazil-510x340.jpg 510w, https:\/\/www.greenpeace.org\/static\/planet4-mexico-stateless\/2021\/12\/439377cc-deforestacion-por-mineri\u0301a-amapa\u0301-brazil.jpg 1200w\" sizes=\"auto, (max-width: 1024px) 100vw, 1024px\" \/><figcaption class=\"wp-element-caption\">Causas de la deforestaci\u00f3n en el mundo<div class=\"credit icon-left\"> \u00a9 Daniel Beltr\u00e1<\/div><\/figcaption><\/figure>\n\n<h2 class=\"wp-block-heading\"><strong>Carne y ciudades<\/strong><\/h2>\n\n<p>Reducir la cantidad de <strong>carne<\/strong> que comemos puede ser bastante desafiante cuando las ciudades en las que la mayor\u00eda vivimos est\u00e1n repletas de <strong>publicidad comercial de carne <\/strong>y promoci\u00f3n de<strong> comida chatarra,<\/strong> desde plazas, transportes p\u00fablicos, supermercados hasta escuelas y parques infantiles.<\/p>\n\n<p>Aqu\u00ed es cuando autoridades locales de la ciudad tambi\u00e9n pueden asumir un papel para crear un entorno urbano m\u00e1s adecuado para estilos de vida alimentarios sostenibles. Ser\u00eda m\u00e1s f\u00e1cil para todas las personas <strong>comer menos carne<\/strong> si nuestros comedores p\u00fablicos sirvieran m\u00e1s alimentos derivados de productos vegetales; si hubiera m\u00e1s jardines urbanos donde pudi\u00e9ramos <strong>cultivar e intercambiar nuestra propia comida sana<\/strong> junto con nuestras comunidades; si hubiera m\u00e1s mercados de agricultores en cada vecindario que supermercados y centros comerciales; si la publicidad comercial de carne y comida chatarra se prohibiera de la misma manera que se proh\u00edbe la comercializaci\u00f3n de cigarrillos en muchos pa\u00edses.<\/p>\n\n<figure class=\"wp-block-image aligncenter size-full  caption-style-blue-overlay caption-alignment-center\"><img loading=\"lazy\" decoding=\"async\" width=\"522\" height=\"327\" src=\"https:\/\/www.greenpeace.org\/static\/planet4-mexico-stateless\/2021\/04\/f79652d2-huerto.png\" title=\"Retrato de una mujer sosteniendo una canasta llena de frutas y verduras; de fondo se observan cultivos.\" alt=\"Retrato de una mujer sosteniendo una canasta llena de frutas y verduras; de fondo se observan cultivos.\" class=\"wp-image-9887\" srcset=\"https:\/\/www.greenpeace.org\/static\/planet4-mexico-stateless\/2021\/04\/f79652d2-huerto.png 522w, https:\/\/www.greenpeace.org\/static\/planet4-mexico-stateless\/2021\/04\/f79652d2-huerto-300x188.png 300w, https:\/\/www.greenpeace.org\/static\/planet4-mexico-stateless\/2021\/04\/f79652d2-huerto-510x319.png 510w\" sizes=\"auto, (max-width: 522px) 100vw, 522px\" \/><figcaption class=\"wp-element-caption\">Huertos Urbanos, una opci\u00f3n en las ciudades<\/figcaption><\/figure>\n\n<h2 class=\"wp-block-heading\"><strong>\u00danete a la Semana Mundial Sin Carne&nbsp;<\/strong><\/h2>\n\n<p>Mientras esperamos que las y los gobernantes de nuestra ciudad tomen medidas, el resto de la ciudadan\u00eda podemos mostrarles, a trav\u00e9s de unirse a la <strong>Semana Mundial de la Carne,<\/strong> el camino hacia el futuro de los alimentos que queremos comenzar a consumir a partir de hoy. Algunas personas ya est\u00e1n listas y nos han compartido sus experiencias:\u00a0<\/p>\n\n<blockquote class=\"wp-block-quote is-layout-flow wp-block-quote-is-layout-flow\">\n<p><em>\u201cEn Italia, muchos platos tradicionales y locales no tienen carne. No es necesario comprar alimentos ex\u00f3ticos para evitar la carne, y pueden hacer un viaje maravilloso para descubrir sus tradiciones locales. Hagan un recorrido por los mercados locales de nuestra ciudad: \u00a1les sorprender\u00e1n las alternativas vegetales!\u201d <\/em><\/p>\n<cite><em>Davide, Greenpeace Vols (Palermo, Italia).<\/em><\/cite><\/blockquote>\n\n<blockquote class=\"wp-block-quote is-layout-flow wp-block-quote-is-layout-flow\">\n<p><em>\u201cEn Colombia el a\u00f1o pasado se produjeron 933,000 toneladas de carne y, en promedio, cada persona consumi\u00f3 18.6 kg. No podemos continuar con este ritmo insostenible en nuestros modelos de alimentaci\u00f3n. Tenemos que repensar la actividad de comer como un acto pol\u00edtico. El punto de partida del cambio es tomar decisiones pensando en la salud del planeta y en la nuestra, por ejemplo, promoviendo el consumo de alimentos producidos localmente, comprando en mercados frescos, tiendas locales y zonas agr\u00edcolas urbanas que garantizan alimentos para los ciudadanos &#8220;.<\/em><\/p>\n<cite><em>Tatiana C, Campa\u00f1a (Bogot\u00e1, Colombia)<\/em><\/cite><\/blockquote>\n\n<blockquote class=\"wp-block-quote is-layout-flow wp-block-quote-is-layout-flow\">\n<p><em>&#8220;La comida tradicional mexicana se basa solo en vegetales (chiles y ma\u00edz). \u00a1Reconectemos con nuestras ra\u00edces! Pueden tener deliciosos y saludables platillos mexicanos o pueden probar otros tipos y explorar la versi\u00f3n sin carne de ellos. Se sentir\u00e1n mejor al contribuir a la salud de nuestro planeta. Exploren lo que una dieta sin carne puede hacer por su vida y el medio ambiente, y todos los platos incre\u00edbles que puede encontrar. \u00a1Descubran el placer de una nueva vida! &#8220;<\/em><\/p>\n<cite><em>Evelyn, Greenpeace Vols (Sinaloa, M\u00e9xico)<\/em><\/cite><\/blockquote>\n\n<p>Como estas historias inspiradoras nos lo muestran, podemos cambiar el mundo comenzando por nosotras\/os mismos, nuestras comunidades y nuestras ciudades. Y podemos empezar a hacer con una comida, un d\u00eda o una semana a la vez.&nbsp;<\/p>\n\n<p><em>*Este blog fue originalmente escrito por Alessandro Saccoccio quien es campa\u00f1ista de Greenpeace International, con sede en los Pa\u00edses Bajos.<\/em><\/p>\n\n<p>\u00bfQuieres hacer m\u00e1s por el planeta? \u00danete aqu\u00ed <\/p>\n\n<!--[if lte IE 8]>\n<script charset=\"utf-8\" type=\"text\/javascript\" src=\"\/\/js.hsforms.net\/forms\/v2-legacy.js\"><\/script>\n<![endif]-->\n<script charset=\"utf-8\" type=\"text\/javascript\" src=\"\/\/js.hsforms.net\/forms\/v2.js\"><\/script>\n<script>\n  hbspt.forms.create({\n\tportalId: \"2617486\",\n\tformId: \"ef671507-5d6d-42c8-a7ae-390a0ff517a5\",\n\tsfdcCampaignId: \"7011P0000016zNPQAY\",\n\tsubmitButtonClass: 'hs-button',\nonFormReady: function($form, ctx){\nvar paramsp4 = new window.URLSearchParams(window.location.search);\nvar utm_content = paramsp4.get('utm_content');\nif(utm_content == null) {\nvar urlp4 = window.location.href;\nvar fromGPMXBlog = urlp4.includes(\"\/blog\/\");\nif (fromGPMXBlog == true) {\nvar arrayp4 = urlp4.split(\"\/\");\nvar hs_origin = arrayp4[6];\n$('input[name=\"hs_origen__c\"]').val(hs_origin).change();\n}\n}\n}\n});\n<\/script>\n<div class=\"EmptyMessage\">Block content is empty. Check the block&#8217;s settings or remove it.<\/div>\n<p><\/p>\n","protected":false},"excerpt":{"rendered":"<p>Reducir el consumo de carne ayuda al planeta. \u00danete a la Semana Mundial sin Carne y descubre c\u00f3mo peque\u00f1as acciones mejoran tu salud y el medio ambiente.<\/p>\n","protected":false},"author":21,"featured_media":59263,"comment_status":"open","ping_status":"open","sticky":false,"template":"","format":"standard","meta":{"ep_exclude_from_search":false,"p4_og_title":"Una comida, un d\u00eda, una semana a la vez","p4_og_description":"Reducir el consumo de carne ayuda al planeta. \u00danete a la Semana Mundial sin Carne y descubre c\u00f3mo peque\u00f1as acciones mejoran tu salud y el medio ambiente.","p4_og_image":"https:\/\/www.greenpeace.org\/static\/planet4-mexico-stateless\/2025\/07\/5f82378e-alimentacion-menos-carne-consumo.jpg","p4_og_image_id":"59263","p4_seo_canonical_url":"","p4_campaign_name":"not set","p4_local_project":"not set","p4_basket_name":"not set","p4_department":"","footnotes":""},"categories":[46],"tags":[30,20],"p4-page-type":[14],"class_list":["post-8586","post","type-post","status-publish","format-standard","has-post-thumbnail","hentry","category-por-definir","tag-alimentacion","tag-consumo","p4-page-type-blog"],"_links":{"self":[{"href":"https:\/\/www.greenpeace.org\/mexico\/wp-json\/wp\/v2\/posts\/8586","targetHints":{"allow":["GET"]}}],"collection":[{"href":"https:\/\/www.greenpeace.org\/mexico\/wp-json\/wp\/v2\/posts"}],"about":[{"href":"https:\/\/www.greenpeace.org\/mexico\/wp-json\/wp\/v2\/types\/post"}],"author":[{"embeddable":true,"href":"https:\/\/www.greenpeace.org\/mexico\/wp-json\/wp\/v2\/users\/21"}],"replies":[{"embeddable":true,"href":"https:\/\/www.greenpeace.org\/mexico\/wp-json\/wp\/v2\/comments?post=8586"}],"version-history":[{"count":5,"href":"https:\/\/www.greenpeace.org\/mexico\/wp-json\/wp\/v2\/posts\/8586\/revisions"}],"predecessor-version":[{"id":59264,"href":"https:\/\/www.greenpeace.org\/mexico\/wp-json\/wp\/v2\/posts\/8586\/revisions\/59264"}],"wp:featuredmedia":[{"embeddable":true,"href":"https:\/\/www.greenpeace.org\/mexico\/wp-json\/wp\/v2\/media\/59263"}],"wp:attachment":[{"href":"https:\/\/www.greenpeace.org\/mexico\/wp-json\/wp\/v2\/media?parent=8586"}],"wp:term":[{"taxonomy":"category","embeddable":true,"href":"https:\/\/www.greenpeace.org\/mexico\/wp-json\/wp\/v2\/categories?post=8586"},{"taxonomy":"post_tag","embeddable":true,"href":"https:\/\/www.greenpeace.org\/mexico\/wp-json\/wp\/v2\/tags?post=8586"},{"taxonomy":"p4-page-type","embeddable":true,"href":"https:\/\/www.greenpeace.org\/mexico\/wp-json\/wp\/v2\/p4-page-type?post=8586"}],"curies":[{"name":"wp","href":"https:\/\/api.w.org\/{rel}","templated":true}]}}