{"id":8589,"date":"2020-06-18T07:30:00","date_gmt":"2020-06-18T12:30:00","guid":{"rendered":"https:\/\/www.greenpeace.org\/mexico\/?p=8589"},"modified":"2025-07-14T09:15:13","modified_gmt":"2025-07-14T14:15:13","slug":"enviamos-una-carta-al-senador-raul-bolanos-cacho-para-demandarle-que-legisle-por-el-planeta-y-no-por-la-industria-plastica","status":"publish","type":"post","link":"https:\/\/www.greenpeace.org\/mexico\/informacion-prensa\/8589\/enviamos-una-carta-al-senador-raul-bolanos-cacho-para-demandarle-que-legisle-por-el-planeta-y-no-por-la-industria-plastica\/","title":{"rendered":"Enviamos una carta al Senador Ra\u00fal Bola\u00f1os-Cacho para demandarle que legisle por el planeta y no por la industria pl\u00e1stica"},"content":{"rendered":"\n<p>El pasado martes 16 de junio lleg\u00f3 a nuestras manos el programa del webinar <strong>\u201cEl Futuro de la Salud sin los Pl\u00e1sticos\u201d<\/strong>, organizado por representantes de la industria de los <strong>pl\u00e1sticos <\/strong>y el <strong>Senado de la Rep\u00fablica<\/strong>, indicando la participaci\u00f3n al cierre del evento del <strong>Presidente de la Comisi\u00f3n de Medio Ambiente<\/strong> de esta C\u00e1mara, el Sen. <strong>Ra\u00fal Bola\u00f1os-Cacho.\u00a0<\/strong><\/p>\n\n<p>Ante esto, desde <strong>Greenpeace M\u00e9xico<\/strong> enviamos una carta al Senador Bola\u00f1os y al resto de los integrantes de la Comisi\u00f3n a su cargo para manifestarle nuestra preocupaci\u00f3n porque el Senado participe en la organizaci\u00f3n de un foro de este tipo que desde su t\u00edtulo y objetivo busca echar para abajo las que se han aprobado en los \u00faltimos a\u00f1os, queriendo pasarlas como da\u00f1inas para la <strong>salud de las personas.<\/strong><\/p>\n\n<figure class=\"wp-block-image size-large  caption-style-blue-overlay caption-alignment-center\"><img loading=\"lazy\" decoding=\"async\" width=\"1024\" height=\"683\" src=\"https:\/\/www.greenpeace.org\/static\/planet4-mexico-stateless\/2019\/10\/5b745958-gp0stu2p0-1024x683.jpg\" title=\"Plastic Banquet at the Senate of the Republic in Mexico. \u00a9 Ilse Huesca Vargas \/ Greenpeace\" alt=\"Plastic Banquet at the Senate of the Republic in Mexico. \u00a9 Ilse Huesca Vargas \/ Greenpeace\" class=\"wp-image-3412\" srcset=\"https:\/\/www.greenpeace.org\/static\/planet4-mexico-stateless\/2019\/10\/5b745958-gp0stu2p0-1024x683.jpg 1024w, https:\/\/www.greenpeace.org\/static\/planet4-mexico-stateless\/2019\/10\/5b745958-gp0stu2p0-300x200.jpg 300w, https:\/\/www.greenpeace.org\/static\/planet4-mexico-stateless\/2019\/10\/5b745958-gp0stu2p0-768x512.jpg 768w, https:\/\/www.greenpeace.org\/static\/planet4-mexico-stateless\/2019\/10\/5b745958-gp0stu2p0-510x340.jpg 510w, https:\/\/www.greenpeace.org\/static\/planet4-mexico-stateless\/2019\/10\/5b745958-gp0stu2p0.jpg 1200w\" sizes=\"auto, (max-width: 1024px) 100vw, 1024px\" \/><figcaption class=\"wp-element-caption\">Urge legislar para prohibir los pl\u00e1sticos de un solo uso en M\u00e9xico<div class=\"credit icon-left\"> \u00a9 Ilse Huesca Vargas \/ Greenpeace<\/div><\/figcaption><\/figure>\n\n<p>Denunciamos tambi\u00e9n que este foro se inserta en la estrategia de la <strong>industria pl\u00e1stica <\/strong>para aprovecharse de la crisis sanitaria y de los temores de las personas en este contexto para posicionar los <strong>pl\u00e1sticos desechables<\/strong> como higi\u00e9nicos y salvar as\u00ed su negocio de las prohibiciones impulsadas en el pa\u00eds en los \u00faltimos a\u00f1os.<\/p>\n\n<p><strong><a href=\"https:\/\/actua.greenpeace.org.mx\/exige-al-senado-legisle-por-medio-ambiente-no-por-industria-plastica\" target=\"_blank\" rel=\"noreferrer noopener\">\u00a1S\u00daMATE A LA CIBERACCI\u00d3N Y ENV\u00cdA UN TUIT A RA\u00daL BOLA\u00d1OS PARA EXIGIR QUE SE LEGISLE A FAVOR DEL PLANETA, NO DE LA INDUSTRIA PL\u00c1STICA! <\/a><\/strong><\/p>\n\n<p>La <strong>contaminaci\u00f3n por pl\u00e1sticos<\/strong> agrava el cambio clim\u00e1tico y la p\u00e9rdida de biodiversidad que enfrentamos hoy en d\u00eda, se\u00f1ales de un <strong>crisis ambiental<\/strong> tan importante como la crisis sanitaria por Covid-19, cuyos efectos ya se sienten duramente en muchas partes del pa\u00eds (sequ\u00edas, especies en peligro de extinci\u00f3n, ondas de calor, etc.).<\/p>\n\n<p>Por esto, exigimos al Senado de la Rep\u00fablica y a la <strong>Comisi\u00f3n de Medio Ambiente <\/strong>legislar para detener la contaminaci\u00f3n pl\u00e1stica desde su origen, para proteger la <strong>salud del planeta <\/strong>y la de las personas, as\u00ed como para garantizar nuestro <strong>derecho humano a un medio ambiente sano. <\/strong>As\u00ed tambi\u00e9n les demandamos abstenerse de impulsar intereses de una industria que s\u00f3lo busca perpetuar su negocio sin asumir sus responsabilidades en la crisis ambiental que enfrentamos.<\/p>\n\n<figure class=\"wp-block-image size-large  caption-style-blue-overlay caption-alignment-center\"><img loading=\"lazy\" decoding=\"async\" width=\"1024\" height=\"683\" src=\"https:\/\/www.greenpeace.org\/static\/planet4-mexico-stateless\/2025\/04\/cae9c177-vertedero-plasticos-malasia-1024x683.jpg\" title=\"Vertedero de pl\u00e1sticos en Malasia, que evidencia el sistema defectuoso de reciclaje.\" alt=\"Vertedero de pl\u00e1sticos en Malasia, que evidencia el sistema defectuoso de reciclaje.\" class=\"wp-image-55468\" srcset=\"https:\/\/www.greenpeace.org\/static\/planet4-mexico-stateless\/2025\/04\/cae9c177-vertedero-plasticos-malasia-1024x683.jpg 1024w, https:\/\/www.greenpeace.org\/static\/planet4-mexico-stateless\/2025\/04\/cae9c177-vertedero-plasticos-malasia-300x200.jpg 300w, https:\/\/www.greenpeace.org\/static\/planet4-mexico-stateless\/2025\/04\/cae9c177-vertedero-plasticos-malasia-768x512.jpg 768w, https:\/\/www.greenpeace.org\/static\/planet4-mexico-stateless\/2025\/04\/cae9c177-vertedero-plasticos-malasia-510x340.jpg 510w, https:\/\/www.greenpeace.org\/static\/planet4-mexico-stateless\/2025\/04\/cae9c177-vertedero-plasticos-malasia.jpg 1200w\" sizes=\"auto, (max-width: 1024px) 100vw, 1024px\" \/><\/figure>\n\n<p>Las prohibiciones de pl\u00e1sticos de un solo uso no ponen en riesgo nuestra salud, la contaminaci\u00f3n pl\u00e1stica s\u00ed, porque no hay salud en un planeta enfermo. <\/p>\n\n<p><a href=\"https:\/\/www.greenpeace.org\/static\/planet4-mexico-stateless\/2020\/06\/e524a202-carta-sen.-bola\u00f1os.pdf\" target=\"_blank\" rel=\"noreferrer noopener\">\u00bfQuieres consultar la carta que le enviamos al Senador Ra\u00fal Bola\u00f1os? Aqu\u00ed la puedes leer.<\/a><\/p>\n\n<p>\u00danete y exige un M\u00e9xico libre de pl\u00e1sticos aqu\u00ed<\/p>\n\n<!--[if lte IE 8]>\n<script charset=\"utf-8\" type=\"text\/javascript\" src=\"\/\/js.hsforms.net\/forms\/v2-legacy.js\"><\/script>\n<![endif]-->\n<script charset=\"utf-8\" type=\"text\/javascript\" src=\"\/\/js.hsforms.net\/forms\/v2.js\"><\/script>\n<script>\n  hbspt.forms.create({\n\tportalId: \"2617486\",\n\tformId: \"a53cf7b3-2f7a-4200-afe1-56d7d685b922\",\n\tsfdcCampaignId: \"7011P000000q9rXQAQ\",\n\tsubmitButtonClass: 'hs-button',\nonFormReady: function($form, ctx){\nvar paramsp4 = new window.URLSearchParams(window.location.search);\nvar utm_content = paramsp4.get('utm_content');\nif(utm_content == null) {\nvar urlp4 = window.location.href;\nvar fromGPMXBlog = urlp4.includes(\"\/blog\/\");\nif (fromGPMXBlog == true) {\nvar arrayp4 = urlp4.split(\"\/\");\nvar hs_origin = arrayp4[6];\n$('input[name=\"hs_origen__c\"]').val(hs_origin).change();\n}\n}\n}\n});\n<\/script>\n\t\t\t<section\n\t\t\tclass=\"boxout post-461 \"\n\t\t\t\n\t\t>\n\t\t\t<a\n\t\t\t\tdata-ga-category=\"Take Action Boxout\"\n\t\t\t\tdata-ga-action=\"Image\"\n\t\t\t\tdata-ga-label=\"n\/a\"\n\t\t\t\tclass=\"cover-card-overlay\"\n\t\t\t\thref=\"https:\/\/www.greenpeace.org\/mexico\/participa\/liberate-del-plastico\/\" \n\t\t\t><\/a>\n\t\t\t\t\t\t\t<img\n\t\t\t\t\t\tsrc=\"https:\/\/www.greenpeace.org\/static\/planet4-mexico-stateless\/2019\/06\/7433fe24-fotos-con-creditos-1-1024x922.jpg\"\n\t\t\t\t\t\tsrcset=\"https:\/\/www.greenpeace.org\/static\/planet4-mexico-stateless\/2019\/06\/7433fe24-fotos-con-creditos-1-300x270.jpg 300w, https:\/\/www.greenpeace.org\/static\/planet4-mexico-stateless\/2019\/06\/7433fe24-fotos-con-creditos-1-768x691.jpg 768w, https:\/\/www.greenpeace.org\/static\/planet4-mexico-stateless\/2019\/06\/7433fe24-fotos-con-creditos-1-1024x922.jpg 1024w, https:\/\/www.greenpeace.org\/static\/planet4-mexico-stateless\/2019\/06\/7433fe24-fotos-con-creditos-1-1518x1366.jpg 1518w, https:\/\/www.greenpeace.org\/static\/planet4-mexico-stateless\/2019\/06\/7433fe24-fotos-con-creditos-1-378x340.jpg 378w, https:\/\/www.greenpeace.org\/static\/planet4-mexico-stateless\/2019\/06\/7433fe24-fotos-con-creditos-1.jpg 2000w\"\n\t\t\t\t\t\tsizes=\"(min-width: 1000px) 358px, (min-width: 780px) 313px, 88px\"\n\t\t\t\t\t\talt=\"\" title=\"\"\n\t\t\t\t\/>\n            \t\t\t<div class=\"boxout-content\">\n\t\t\t\t\t\t\t\t\t<a\n\t\t\t\t\t\tclass=\"boxout-heading medium\"\n\t\t\t\t\t\tdata-ga-category=\"Take Action Boxout\"\n\t\t\t\t\t\tdata-ga-action=\"Title\"\n\t\t\t\t\t\tdata-ga-label=\"n\/a\"\n\t\t\t\t\t\thref=\"https:\/\/www.greenpeace.org\/mexico\/participa\/liberate-del-plastico\/\"\n\t\t\t\t\t\t\n\t\t\t\t\t>\n\t\t\t\t\t\t\u00a1Lib\u00e9rate del pl\u00e1stico!\n\t\t\t\t\t<\/a>\n\t\t\t\t\t\t\t\t\t\t\t\t\t<p class=\"boxout-excerpt\">\u00a1Exijamos leyes que prohiban los pl\u00e1sticos de un solo uso! Las corporaciones evaden su responsabilidad porque no existe un marco que las regule. Desplastifiquemos M\u00e9xico. <\/p>\n\t\t\t\t                                    <a\n                        class=\"btn btn-primary\"\n                        data-ga-category=\"Take Action Boxout\"\n                        data-ga-action=\"Call to Action\"\n                        data-ga-label=\"n\/a\"\n                        href=\"https:\/\/www.greenpeace.org\/mexico\/participa\/liberate-del-plastico\/\"\n                        \n                    >\n                        Participa\n                    <\/a>\n                \t\t\t<\/div>\n\t\t\t\t\t<\/section>\n\t","protected":false},"excerpt":{"rendered":"<p>Greenpeace exige al Senado y al senador Bola\u00f1os-Cacho legislar por el planeta y no por la industria pl\u00e1stica que busca frenar prohibiciones locales.<\/p>\n","protected":false},"author":21,"featured_media":57152,"comment_status":"open","ping_status":"open","sticky":false,"template":"","format":"standard","meta":{"ep_exclude_from_search":false,"p4_og_title":"Enviamos una carta al Senador Ra\u00fal Bola\u00f1os-Cacho para demandarle que legisle por el planeta y no por la industria pl\u00e1stica","p4_og_description":"Greenpeace exige al Senado y al senador Bola\u00f1os-Cacho legislar por el planeta y no por la industria pl\u00e1stica que busca frenar prohibiciones locales.","p4_og_image":"https:\/\/www.greenpeace.org\/static\/planet4-mexico-stateless\/2025\/06\/43bb6049-banquete-plasticos-senado.jpg","p4_og_image_id":"57152","p4_seo_canonical_url":"","p4_campaign_name":"not set","p4_local_project":"not set","p4_basket_name":"not set","p4_department":"","footnotes":""},"categories":[45],"tags":[68,48],"p4-page-type":[16],"class_list":["post-8589","post","type-post","status-publish","format-standard","has-post-thumbnail","hentry","category-plasticos","tag-mexico-sin-plasticos","tag-salud","p4-page-type-informacion-prensa"],"_links":{"self":[{"href":"https:\/\/www.greenpeace.org\/mexico\/wp-json\/wp\/v2\/posts\/8589","targetHints":{"allow":["GET"]}}],"collection":[{"href":"https:\/\/www.greenpeace.org\/mexico\/wp-json\/wp\/v2\/posts"}],"about":[{"href":"https:\/\/www.greenpeace.org\/mexico\/wp-json\/wp\/v2\/types\/post"}],"author":[{"embeddable":true,"href":"https:\/\/www.greenpeace.org\/mexico\/wp-json\/wp\/v2\/users\/21"}],"replies":[{"embeddable":true,"href":"https:\/\/www.greenpeace.org\/mexico\/wp-json\/wp\/v2\/comments?post=8589"}],"version-history":[{"count":4,"href":"https:\/\/www.greenpeace.org\/mexico\/wp-json\/wp\/v2\/posts\/8589\/revisions"}],"predecessor-version":[{"id":59261,"href":"https:\/\/www.greenpeace.org\/mexico\/wp-json\/wp\/v2\/posts\/8589\/revisions\/59261"}],"wp:featuredmedia":[{"embeddable":true,"href":"https:\/\/www.greenpeace.org\/mexico\/wp-json\/wp\/v2\/media\/57152"}],"wp:attachment":[{"href":"https:\/\/www.greenpeace.org\/mexico\/wp-json\/wp\/v2\/media?parent=8589"}],"wp:term":[{"taxonomy":"category","embeddable":true,"href":"https:\/\/www.greenpeace.org\/mexico\/wp-json\/wp\/v2\/categories?post=8589"},{"taxonomy":"post_tag","embeddable":true,"href":"https:\/\/www.greenpeace.org\/mexico\/wp-json\/wp\/v2\/tags?post=8589"},{"taxonomy":"p4-page-type","embeddable":true,"href":"https:\/\/www.greenpeace.org\/mexico\/wp-json\/wp\/v2\/p4-page-type?post=8589"}],"curies":[{"name":"wp","href":"https:\/\/api.w.org\/{rel}","templated":true}]}}