{"id":8663,"date":"2020-07-06T18:39:58","date_gmt":"2020-07-06T23:39:58","guid":{"rendered":"https:\/\/www.greenpeace.org\/mexico\/?p=8663"},"modified":"2025-07-14T08:29:20","modified_gmt":"2025-07-14T13:29:20","slug":"greenpeace-mexico-lamenta-profundamente-el-fallecimiento-de-ildefonso-zamora","status":"publish","type":"post","link":"https:\/\/www.greenpeace.org\/mexico\/informacion-prensa\/8663\/greenpeace-mexico-lamenta-profundamente-el-fallecimiento-de-ildefonso-zamora\/","title":{"rendered":"Greenpeace M\u00e9xico lamenta profundamente el fallecimiento de Ildefonso Zamora"},"content":{"rendered":"\n<p>Desde <strong>Greenpeace M\u00e9xico <\/strong>lamentamos profundamente el fallecimiento de <strong>Ildefonso Zamora, <\/strong>defensor incansable de los bosques, y enviamos nuestra solidaridad a toda su familia y amistades.<\/p>\n\n<p>Su legado es un ejemplo para todas las personas que <strong>defendemos el medio ambiente.\u00a0<\/strong><\/p>\n\n<p>Ildefonso fue un <strong>l\u00edder ind\u00edgena Tlahuica defensor de los bosques<\/strong>, quien durante m\u00e1s de 30 a\u00f1os denunci\u00f3 a los taladores ilegales que amenazaban el <strong>Gran Bosque de Agua<\/strong>, abastecedor indispensable de la <strong>Ciudad de M\u00e9xico.\u00a0<\/strong><\/p>\n\n<figure class=\"wp-block-image size-large  caption-style-blue-overlay caption-alignment-center\"><img decoding=\"async\" src=\"https:\/\/www.greenpeace.org\/static\/planet4-mexico-stateless\/2025\/07\/bd2c804b-idelfonso-zamaro-ilustracion-1024x819.jpg\" title=\"Ilustraci\u00f3n monocrom\u00e1tica de Idelfonso Zamora.\" alt=\"Ilustraci\u00f3n monocrom\u00e1tica de Idelfonso Zamora.\" class=\"wp-image-59243\"\/><figcaption class=\"wp-element-caption\">Greenpeace lamenta el fallecimiento de Ildefonso Zamora<\/figcaption><\/figure>\n\n<p>La labor que realizaba junto con su familia los coloc\u00f3 en el blanco de los taladores. y en 2007, su hijo <strong>Aldo Zamora<\/strong> fue asesinado por esta causa.. Asimismo, Ildefonso fue <strong>encarcelado injustamente <\/strong>durante 9 meses por proteger los bosques de los taladores clandestinos, siendo declarado preso de conciencia por <strong>Amnist\u00eda\u00a0 Internacional <\/strong>en 2016.<\/p>\n\n<p>Ildefonso recibi\u00f3 una menci\u00f3n honor\u00edfica por parte del Gobierno Federal debido a la defensa y aprovechamiento sustentable de los bosques del Parque Nacional Lagunas de Zempoala. Su lucha ha sido respaldada por distintas comunidades y organizaciones quienes hoy lamentamos su p\u00e9rdida.&nbsp;<\/p>\n\n<h2 class=\"wp-block-heading\"><strong>INFORMACI\u00d3N ADICIONAL \/ CRONOLOG\u00cdA<\/strong><\/h2>\n\n<p><strong>1998. <\/strong>Ildefonso Zamora y otros comuneros denuncian por primera vez ante la PGR el incremento de la tala ilegal en San Juan Atzingo y el Parque Nacional Lagunas de Zempoala en el Estado de M\u00e9xico.&nbsp;<\/p>\n\n<p><strong>2000. <\/strong>La comunidad de San Juan Atzingo solicitaron a dependencias federales y estatales su intervenci\u00f3n para eliminar la tala clandestina en la zona, pero las autoridades hicieron caso omiso a estas exigencias.<\/p>\n\n<p><strong>2004.<\/strong> La Profepa inicia operativos para detener la tala ilegal, en respuesta a las m\u00faltiples denuncias recibidas.<\/p>\n\n<p><strong>2005. <\/strong>Ildefonso Zamora present\u00f3 una nueva denuncia en Profepa con fotograf\u00edas y videos que su hijo Aldo tom\u00f3 para mostrar a los taladres en flagrancia. En esa \u00e9poca, Ildefonso comienza a recibir amenazas de muerte.&nbsp;<\/p>\n\n<p><strong>2006. <\/strong>Durante una marcha organizada por Ildefonso y otras personas de la comunidad, en contra de los taladores ilegales, recibi\u00f3 amenazas como las siguientes: \u201cTienes tus d\u00edas contados\u201d; \u201cSi&nbsp; no le bajas te vamos a dar en donde m\u00e1s te duela\u201d.<\/p>\n\n<figure class=\"wp-block-image size-large  caption-style-blue-overlay caption-alignment-center\"><img loading=\"lazy\" decoding=\"async\" width=\"1024\" height=\"680\" src=\"https:\/\/www.greenpeace.org\/static\/planet4-mexico-stateless\/2025\/07\/a9bc25d7-idelfonso-zamara-retrata-1024x680.jpg\" title=\"Retrato de Idelfonso Zamora, activista y defensor de los bosques.\" alt=\"Retrato de Idelfonso Zamora, activista y defensor de los bosques.\" class=\"wp-image-59242\" srcset=\"https:\/\/www.greenpeace.org\/static\/planet4-mexico-stateless\/2025\/07\/a9bc25d7-idelfonso-zamara-retrata-1024x680.jpg 1024w, https:\/\/www.greenpeace.org\/static\/planet4-mexico-stateless\/2025\/07\/a9bc25d7-idelfonso-zamara-retrata-300x199.jpg 300w, https:\/\/www.greenpeace.org\/static\/planet4-mexico-stateless\/2025\/07\/a9bc25d7-idelfonso-zamara-retrata-768x510.jpg 768w, https:\/\/www.greenpeace.org\/static\/planet4-mexico-stateless\/2025\/07\/a9bc25d7-idelfonso-zamara-retrata-510x340.jpg 510w, https:\/\/www.greenpeace.org\/static\/planet4-mexico-stateless\/2025\/07\/a9bc25d7-idelfonso-zamara-retrata.jpg 1536w\" sizes=\"auto, (max-width: 1024px) 100vw, 1024px\" \/><figcaption class=\"wp-element-caption\">Ildefonso Zamora, activista por los bosques<\/figcaption><\/figure>\n\n<p><strong>15 de mayo de 2007. <\/strong>Aldo y Misael Zamora, hijos de Ildefonso, fueron emboscados por talamontes. En el ataque, Aldo muri\u00f3 y Misael result\u00f3 gravemente herido.<\/p>\n\n<p><strong>5 de junio de 2007. <\/strong>El entonces presidente de la Rep\u00fablica, Felipe Calder\u00f3n, le otorg\u00f3 a Ildefonso y a su comunidad la menci\u00f3n honor\u00edfica del Premio al M\u00e9rito Ecol\u00f3gico; al igual que el entonces gobernador Enrique Pe\u00f1a Nieto, Calder\u00f3n prometi\u00f3 hacer justicia y defender los bosques.<\/p>\n\n<p><strong>20 de noviembre de 2015.<\/strong> Ildefonso Zamora fue detenido sin que se le mostrara orden de aprehensi\u00f3n y trasladado al Centro Preventivo y de Readaptaci\u00f3n Social de Tenancingo, por su supuesta participaci\u00f3n en un robo. Durante la detenci\u00f3n, fue objeto de malos tratos, empujones y golpes que lo hicieron caer por unas escaleras, provocando que se reabriera una vieja herida en su pulgar derecho que se infect\u00f3 casi al punto de necrosis debido a que padece diabetes.<\/p>\n\n<p><strong>8 de enero de 2016. <\/strong>Centro Prodh y Greenpeace inician una petici\u00f3n en l\u00ednea para exigir la liberaci\u00f3n inmediata del defensor de los bosques.<\/p>\n\n<p><strong>23 de febrero de 2016. <\/strong>Centro Prodh y Greenpeace presentan ante los medios de comunicaci\u00f3n y opini\u00f3n p\u00fablica la campa\u00f1a #IldefonsoLibre para exigir a las autoridades del Estado de M\u00e9xico la liberaci\u00f3n de Ildefonso Zamora.<\/p>\n\n<p><strong>9 de mayo de 2016. <\/strong>Amnist\u00eda Internacional se suma a la exigencia de liberaci\u00f3n y nombra a Ildefonso Zamora preso de conciencia, por su activismo pac\u00edfico y legal en contra de la tala clandestina y considerando que las acusaciones en contra de Ildefonso Zamora se basaban en \u201ctestimonios fabricados\u201d. Se exige al gobierno de Enrique Pe\u00f1a Nieto la liberaci\u00f3n del defensor.<\/p>\n\n<p><strong>16 de junio de 2016. <\/strong>Un juez federal otorg\u00f3 un amparo a favor del l\u00edder ind\u00edgena y defensor de los bosques, Ildefonso Zamora, al considerar que se viol\u00f3 su derecho humano de presunci\u00f3n de inocencia ya que las pruebas presentadas resultan inveros\u00edmiles e ineficaces para asegurar su participaci\u00f3n en el supuesto robo del que se le acus\u00f3.<\/p>\n\n<p><strong>15 de agosto de 2016. <\/strong>Ildefonso Zamora qued\u00f3 en&nbsp; libertad.&nbsp;<\/p>\n\n<p><strong>06 de julio 2020. <\/strong>Fallece Ildefonso Zamora<\/p>\n","protected":false},"excerpt":{"rendered":"<p>Desde Greenpeace M\u00e9xico lamentamos profundamente el fallecimiento de Ildefonso Zamora, defensor incansable de los bosques, y enviamos nuestra solidaridad a toda su familia y amistades.<\/p>\n","protected":false},"author":21,"featured_media":59243,"comment_status":"open","ping_status":"open","sticky":false,"template":"","format":"standard","meta":{"ep_exclude_from_search":false,"p4_og_title":"Greenpeace M\u00e9xico lamenta profundamente el fallecimiento de Ildefonso Zamora","p4_og_description":"Desde Greenpeace M\u00e9xico lamentamos profundamente el fallecimiento de Ildefonso Zamora, defensor incansable de los bosques, y enviamos nuestra solidaridad a toda su familia y amistades.","p4_og_image":"https:\/\/www.greenpeace.org\/static\/planet4-mexico-stateless\/2025\/07\/bd2c804b-idelfonso-zamaro-ilustracion.jpg","p4_og_image_id":"59243","p4_seo_canonical_url":"","p4_campaign_name":"not set","p4_local_project":"not set","p4_basket_name":"not set","p4_department":"","footnotes":""},"categories":[46],"tags":[21],"p4-page-type":[16],"class_list":["post-8663","post","type-post","status-publish","format-standard","has-post-thumbnail","hentry","category-por-definir","tag-activismo","p4-page-type-informacion-prensa"],"_links":{"self":[{"href":"https:\/\/www.greenpeace.org\/mexico\/wp-json\/wp\/v2\/posts\/8663","targetHints":{"allow":["GET"]}}],"collection":[{"href":"https:\/\/www.greenpeace.org\/mexico\/wp-json\/wp\/v2\/posts"}],"about":[{"href":"https:\/\/www.greenpeace.org\/mexico\/wp-json\/wp\/v2\/types\/post"}],"author":[{"embeddable":true,"href":"https:\/\/www.greenpeace.org\/mexico\/wp-json\/wp\/v2\/users\/21"}],"replies":[{"embeddable":true,"href":"https:\/\/www.greenpeace.org\/mexico\/wp-json\/wp\/v2\/comments?post=8663"}],"version-history":[{"count":2,"href":"https:\/\/www.greenpeace.org\/mexico\/wp-json\/wp\/v2\/posts\/8663\/revisions"}],"predecessor-version":[{"id":59244,"href":"https:\/\/www.greenpeace.org\/mexico\/wp-json\/wp\/v2\/posts\/8663\/revisions\/59244"}],"wp:featuredmedia":[{"embeddable":true,"href":"https:\/\/www.greenpeace.org\/mexico\/wp-json\/wp\/v2\/media\/59243"}],"wp:attachment":[{"href":"https:\/\/www.greenpeace.org\/mexico\/wp-json\/wp\/v2\/media?parent=8663"}],"wp:term":[{"taxonomy":"category","embeddable":true,"href":"https:\/\/www.greenpeace.org\/mexico\/wp-json\/wp\/v2\/categories?post=8663"},{"taxonomy":"post_tag","embeddable":true,"href":"https:\/\/www.greenpeace.org\/mexico\/wp-json\/wp\/v2\/tags?post=8663"},{"taxonomy":"p4-page-type","embeddable":true,"href":"https:\/\/www.greenpeace.org\/mexico\/wp-json\/wp\/v2\/p4-page-type?post=8663"}],"curies":[{"name":"wp","href":"https:\/\/api.w.org\/{rel}","templated":true}]}}