{"id":8743,"date":"2020-07-16T16:56:57","date_gmt":"2020-07-16T21:56:57","guid":{"rendered":"https:\/\/www.greenpeace.org\/mexico\/?p=8743"},"modified":"2025-07-07T12:08:06","modified_gmt":"2025-07-07T17:08:06","slug":"mexico-actua-como-si-el-cambio-climatico-no-existiera-y-apuesta-al-carbon","status":"publish","type":"post","link":"https:\/\/www.greenpeace.org\/mexico\/blog\/8743\/mexico-actua-como-si-el-cambio-climatico-no-existiera-y-apuesta-al-carbon\/","title":{"rendered":"M\u00e9xico act\u00faa como si el cambio clim\u00e1tico no existiera y apuesta al carb\u00f3n"},"content":{"rendered":"\n<p>Despu\u00e9s del anuncio de la Comisi\u00f3n Federal de Electricidad (CFE) quien presumi\u00f3 la compra de dos millones de toneladas de carb\u00f3n como parte de su programa para apoyar a peque\u00f1os productores entre 2020 y 2021 sobran evidencias de que el gobierno de M\u00e9xico insiste en apostar a la producci\u00f3n energ\u00e9tica mediante fuentes sucias basadas en un modelo neoextractivista que nos alejan de una recuperaci\u00f3n econ\u00f3mica m\u00e1s justa y m\u00e1s verde.<\/p>\n\n<p>Con la excusa del apoyo a las comunidades peque\u00f1as y medianas de productores de carb\u00f3n y el fortalecimiento econ\u00f3mico de la actividad en Coahuila, el gobierno mexicano sigue teniendo una visi\u00f3n de la reactivaci\u00f3n desactualizada y sin visi\u00f3n de futuro, que adem\u00e1s perpet\u00faa fuentes laborales precarias y con impactos a la salud y al medio ambiente alt\u00edsimos, un ejemplo reciente es Pasta de Conchos, justamente en el estado de Coahuila, donde perdieron la vida 65 mineros cuyos cuerpos a\u00fan no han sido rescatados.&nbsp;<\/p>\n\n<p>Cabe recordar que M\u00e9xico tiene compromisos internacionales y en las leyes nacionales para disminuir sus emisiones de gases efecto invernadero en 22% para el 2030 y particularmente 51%&nbsp; de cabono negro para el mismo a\u00f1o, metas que resultar\u00e1n imposibles de cumplir de continuar con este modelo altamente contaminante.<\/p>\n\n<figure class=\"wp-block-image size-large  caption-style-blue-overlay caption-alignment-center\"><img loading=\"lazy\" decoding=\"async\" width=\"1024\" height=\"683\" src=\"https:\/\/www.greenpeace.org\/static\/planet4-mexico-stateless\/2020\/05\/19870b33-fondo_humo1-1024x683.jpg\" title=\"Fotograf\u00eda en blanco y negro de una cortina de humo,\" alt=\"Fotograf\u00eda en blanco y negro de una cortina de humo,\" class=\"wp-image-8469\" srcset=\"https:\/\/www.greenpeace.org\/static\/planet4-mexico-stateless\/2020\/05\/19870b33-fondo_humo1-1024x683.jpg 1024w, https:\/\/www.greenpeace.org\/static\/planet4-mexico-stateless\/2020\/05\/19870b33-fondo_humo1-300x200.jpg 300w, https:\/\/www.greenpeace.org\/static\/planet4-mexico-stateless\/2020\/05\/19870b33-fondo_humo1-768x512.jpg 768w, https:\/\/www.greenpeace.org\/static\/planet4-mexico-stateless\/2020\/05\/19870b33-fondo_humo1-510x340.jpg 510w, https:\/\/www.greenpeace.org\/static\/planet4-mexico-stateless\/2020\/05\/19870b33-fondo_humo1.jpg 1500w\" sizes=\"auto, (max-width: 1024px) 100vw, 1024px\" \/><figcaption class=\"wp-element-caption\">Energ\u00eda sucia en M\u00e9xico<\/figcaption><\/figure>\n\n<p>La quema de carb\u00f3n es el factor antropog\u00e9nico que m\u00e1s contribuye al cambio clim\u00e1tico. Casi la mitad de las emisiones de gases efecto invernadero (GEI) son originadas por el uso energ\u00e9tico del carb\u00f3n (IEA, 2019). Igualmente, el uso de carb\u00f3n es una fuente importante de contaminaci\u00f3n para el aire, el agua y el suelo, sobre todo tomando en cuenta la cadena de producci\u00f3n completa, que se basa en procesos extractivos que tienen serias implicaciones a la salud de las comunidades aleda\u00f1as y de los trabajadores de las minas.<\/p>\n\n<p>En M\u00e9xico, el carb\u00f3n contribuye solamente con el 10% del total de electricidad generada, sin embargo representa una cuarta parte de las emisiones de GEI del sistema el\u00e9ctrico de acuerdo al PRODESEN 2019. Por otro lado, es responsable de una enorme cantidad de emisiones de di\u00f3xido de azufre que ponen a nuestro pa\u00eds en el cuarto lugar mundial y con tres de los puntos cr\u00edticos de emisiones en el mundo: el pozo petrolero Cantarell, la central carbon\u00edfera de Petacalco y la termoel\u00e9ctrica de Tula.&nbsp;<\/p>\n\n<figure class=\"wp-block-image size-large  caption-style-blue-overlay caption-alignment-center\"><img loading=\"lazy\" decoding=\"async\" width=\"1024\" height=\"767\" src=\"https:\/\/www.greenpeace.org\/static\/planet4-mexico-stateless\/2025\/07\/f80636cb-combustibles-fosiles-contaminacion-1024x767.jpg\" title=\"Toma a\u00e9rea de una planta de combustibles f\u00f3siles, se observa humo saliendo de una chimenea.\" alt=\"Toma a\u00e9rea de una planta de combustibles f\u00f3siles, se observa humo saliendo de una chimenea.\" class=\"wp-image-59083\" srcset=\"https:\/\/www.greenpeace.org\/static\/planet4-mexico-stateless\/2025\/07\/f80636cb-combustibles-fosiles-contaminacion-1024x767.jpg 1024w, https:\/\/www.greenpeace.org\/static\/planet4-mexico-stateless\/2025\/07\/f80636cb-combustibles-fosiles-contaminacion-300x225.jpg 300w, https:\/\/www.greenpeace.org\/static\/planet4-mexico-stateless\/2025\/07\/f80636cb-combustibles-fosiles-contaminacion-768x575.jpg 768w, https:\/\/www.greenpeace.org\/static\/planet4-mexico-stateless\/2025\/07\/f80636cb-combustibles-fosiles-contaminacion-454x340.jpg 454w, https:\/\/www.greenpeace.org\/static\/planet4-mexico-stateless\/2025\/07\/f80636cb-combustibles-fosiles-contaminacion.jpg 1200w\" sizes=\"auto, (max-width: 1024px) 100vw, 1024px\" \/><figcaption class=\"wp-element-caption\">La energ\u00eda sucia afecta el medio ambiente y la salud de las personas<div class=\"credit icon-left\"> \u00a9 Greenpeace<\/div><\/figcaption><\/figure>\n\n<p>Tenemos que recordarle al gobierno de M\u00e9xico y en particular a Manuel Bartlett, director de la Comisi\u00f3n Federal de Electricidad (CFE) que la generaci\u00f3n de empleos no debe ser a costa del medio ambiente. El futuro est\u00e1 en crear mecanismos de generaci\u00f3n de empleos verdes, existen diversos estudios que resaltan las importancia de trazar rutas de eliminaci\u00f3n del carb\u00f3n en la matriz el\u00e9ctrica, poniendo \u00e9nfasis en el apoyo a las comunidades y en la generaci\u00f3n de proyectos de valor que les den alternativas seguras de desarrollo. <\/p>\n\n<p>La reciente pandemia ha puesto en evidencia la necesidad de proteger los ecosistemas ya que su origen tiene que ver con su acelerada degradaci\u00f3n de los mismos producto de una interacci\u00f3n equivocada entre los seres humanos y su medio ambiente. Quemar carb\u00f3n para alimentar un modelo voraz de consumo de energ\u00eda es la estrategia equivocada.<\/p>\n\n<p>Mientras pa\u00edses como Espa\u00f1a o Costa Rica dan pasos agigantados hacia la descarbonizaci\u00f3n, en M\u00e9xico seguimos atrapados en una pol\u00edtica que pretende revivir las glorias mexicanas del petr\u00f3leo y otros combustibles sucios como el carb\u00f3n. Ya en el pasado hemos denunciado la necesidad de descarbonizar la matriz energ\u00e9tica, exigiendo el fin del uso del carb\u00f3n para generar electricidad; y a pesar de los peque\u00f1os avances que se hab\u00edan visto en los \u00faltimos a\u00f1os, esta administraci\u00f3n da un destacado retroceso en esta materia.<\/p>\n\n<figure class=\"wp-block-image size-full  caption-style-blue-overlay caption-alignment-center\"><img loading=\"lazy\" decoding=\"async\" width=\"1024\" height=\"769\" src=\"https:\/\/www.greenpeace.org\/static\/planet4-mexico-stateless\/2021\/10\/ad02b074-plataforma-pemex.jpeg\" title=\"Fotograf\u00eda que muestra humo e incendio en la plataforma de aguas someras Abkat\u00fan-A Permanente, en la Sonda de Campeche, en el Golfo de M\u00e9xico.\" alt=\"Fotograf\u00eda que muestra humo e incendio en la plataforma de aguas someras Abkat\u00fan-A Permanente, en la Sonda de Campeche, en el Golfo de M\u00e9xico.\" class=\"wp-image-49257\" srcset=\"https:\/\/www.greenpeace.org\/static\/planet4-mexico-stateless\/2021\/10\/ad02b074-plataforma-pemex.jpeg 1024w, https:\/\/www.greenpeace.org\/static\/planet4-mexico-stateless\/2021\/10\/ad02b074-plataforma-pemex-300x225.jpeg 300w, https:\/\/www.greenpeace.org\/static\/planet4-mexico-stateless\/2021\/10\/ad02b074-plataforma-pemex-768x577.jpeg 768w, https:\/\/www.greenpeace.org\/static\/planet4-mexico-stateless\/2021\/10\/ad02b074-plataforma-pemex-453x340.jpeg 453w\" sizes=\"auto, (max-width: 1024px) 100vw, 1024px\" \/><figcaption class=\"wp-element-caption\">Pongamos fin a la energ\u00eda sucia<\/figcaption><\/figure>\n\n<p>Desde Greenpeace M\u00e9xico somos enf\u00e1ticos en recordar, una vez m\u00e1s, que el futuro debe ser m\u00e1s justo y m\u00e1s verde y para ello debemos pensar en el bienestar de la poblaci\u00f3n en el mediano y largo plazo, en las generaciones futuras. Esto nos implica repensar nuestra matriz energ\u00e9tica y fortalecer un modelo de generaci\u00f3n descentralizado que ayude a combatir la pobreza energ\u00e9tica en la que se encuentran muchos de nuestros compatriotas, comunidades alejadas y perif\u00e9ricas de los grandes centro urbanos a trav\u00e9s de recursos que en nuestro pa\u00eds son abundantes como el sol y el viento. No podemos pensar que la soluci\u00f3n a la inequidad y a la pobreza est\u00e1 en la exacerbaci\u00f3n de una crisis clim\u00e1tica que ya est\u00e1 afectando de manera desproporcionada a las personas m\u00e1s vulnerables de nuestro pa\u00eds.<\/p>\n\n<p>\u00bfQuieres hacer m\u00e1s por el medio ambiente? S\u00famate por energ\u00edas renovables aqu\u00ed<\/p>\n\n<!--[if lte IE 8]>\n<script charset=\"utf-8\" type=\"text\/javascript\" src=\"\/\/js.hsforms.net\/forms\/v2-legacy.js\"><\/script>\n<![endif]-->\n<script charset=\"utf-8\" type=\"text\/javascript\" src=\"\/\/js.hsforms.net\/forms\/v2.js\"><\/script>\n<script>\n  hbspt.forms.create({\n\tportalId: \"2617486\",\n\tformId: \"3a2a1fa1-43a9-4f45-9dd9-63d571aaa091\",\n\tsfdcCampaignId: \"7011P0000016z7ZQAQ\",\n\tsubmitButtonClass: 'hs-button',\nonFormReady: function($form, ctx){\nvar paramsp4 = new window.URLSearchParams(window.location.search);\nvar utm_content = paramsp4.get('utm_content');\nif(utm_content == null) {\nvar urlp4 = window.location.href;\nvar fromGPMXBlog = urlp4.includes(\"\/blog\/\");\nif (fromGPMXBlog == true) {\nvar arrayp4 = urlp4.split(\"\/\");\nvar hs_origin = arrayp4[6];\n$('input[name=\"hs_origen__c\"]').val(hs_origin).change();\n}\n}\n}\n});\n<\/script>\n<div class=\"EmptyMessage\">Block content is empty. Check the block&#8217;s settings or remove it.<\/div>","protected":false},"excerpt":{"rendered":"<p>M\u00e9xico sigue apostando al carb\u00f3n pese a la crisis clim\u00e1tica. La CFE impulsa energ\u00eda sucia que da\u00f1a salud, ambiente y compromisos internacionales.<\/p>\n","protected":false},"author":21,"featured_media":59083,"comment_status":"open","ping_status":"open","sticky":false,"template":"","format":"standard","meta":{"ep_exclude_from_search":false,"p4_og_title":"M\u00e9xico act\u00faa como si el cambio clim\u00e1tico no existiera y apuesta al carb\u00f3n","p4_og_description":"M\u00e9xico sigue apostando al carb\u00f3n pese a la crisis clim\u00e1tica. La CFE impulsa energ\u00eda sucia que da\u00f1a salud, ambiente y compromisos internacionales.","p4_og_image":"https:\/\/www.greenpeace.org\/static\/planet4-mexico-stateless\/2025\/07\/f80636cb-combustibles-fosiles-contaminacion.jpg","p4_og_image_id":"59083","p4_seo_canonical_url":"","p4_campaign_name":"not set","p4_local_project":"not set","p4_basket_name":"not set","p4_department":"","footnotes":""},"categories":[39],"tags":[47,51],"p4-page-type":[14],"class_list":["post-8743","post","type-post","status-publish","format-standard","has-post-thumbnail","hentry","category-clima-y-energia","tag-cambio-climatico","tag-combustibles-fosiles","p4-page-type-blog"],"_links":{"self":[{"href":"https:\/\/www.greenpeace.org\/mexico\/wp-json\/wp\/v2\/posts\/8743","targetHints":{"allow":["GET"]}}],"collection":[{"href":"https:\/\/www.greenpeace.org\/mexico\/wp-json\/wp\/v2\/posts"}],"about":[{"href":"https:\/\/www.greenpeace.org\/mexico\/wp-json\/wp\/v2\/types\/post"}],"author":[{"embeddable":true,"href":"https:\/\/www.greenpeace.org\/mexico\/wp-json\/wp\/v2\/users\/21"}],"replies":[{"embeddable":true,"href":"https:\/\/www.greenpeace.org\/mexico\/wp-json\/wp\/v2\/comments?post=8743"}],"version-history":[{"count":3,"href":"https:\/\/www.greenpeace.org\/mexico\/wp-json\/wp\/v2\/posts\/8743\/revisions"}],"predecessor-version":[{"id":59084,"href":"https:\/\/www.greenpeace.org\/mexico\/wp-json\/wp\/v2\/posts\/8743\/revisions\/59084"}],"wp:featuredmedia":[{"embeddable":true,"href":"https:\/\/www.greenpeace.org\/mexico\/wp-json\/wp\/v2\/media\/59083"}],"wp:attachment":[{"href":"https:\/\/www.greenpeace.org\/mexico\/wp-json\/wp\/v2\/media?parent=8743"}],"wp:term":[{"taxonomy":"category","embeddable":true,"href":"https:\/\/www.greenpeace.org\/mexico\/wp-json\/wp\/v2\/categories?post=8743"},{"taxonomy":"post_tag","embeddable":true,"href":"https:\/\/www.greenpeace.org\/mexico\/wp-json\/wp\/v2\/tags?post=8743"},{"taxonomy":"p4-page-type","embeddable":true,"href":"https:\/\/www.greenpeace.org\/mexico\/wp-json\/wp\/v2\/p4-page-type?post=8743"}],"curies":[{"name":"wp","href":"https:\/\/api.w.org\/{rel}","templated":true}]}}