{"id":8781,"date":"2020-07-20T09:00:00","date_gmt":"2020-07-20T14:00:00","guid":{"rendered":"https:\/\/www.greenpeace.org\/mexico\/?p=8781"},"modified":"2025-07-07T12:01:01","modified_gmt":"2025-07-07T17:01:01","slug":"se-puede-producir-energia-en-nuestros-hogares-ahorrar-y-cuidar-el-medio-ambiente","status":"publish","type":"post","link":"https:\/\/www.greenpeace.org\/mexico\/blog\/8781\/se-puede-producir-energia-en-nuestros-hogares-ahorrar-y-cuidar-el-medio-ambiente\/","title":{"rendered":"\u00bfSe puede producir energ\u00eda en nuestros hogares, ahorrar y cuidar el medio ambiente?"},"content":{"rendered":"\n<p>S\u00ed. Producir energ\u00eda en nuestros hogares es f\u00e1cil y responsable con el medio ambiente. \u00bfHas o\u00eddo hablar de la energ\u00eda distribuida? Te explicamos qu\u00e9 es y c\u00f3mo puedes impulsarla desde tu hogar.<\/p>\n\n<p>Actualmente, en M\u00e9xico el consumo de energ\u00eda el\u00e9ctrica en el sector residencial o dom\u00e9stico equivale a 25% del total nacional, de acuerdo con datos de la Procuradur\u00eda Federal del Consumidor.&nbsp;<\/p>\n\n<figure class=\"wp-block-image size-large  caption-style-blue-overlay caption-alignment-center\"><img loading=\"lazy\" decoding=\"async\" width=\"1024\" height=\"768\" src=\"https:\/\/www.greenpeace.org\/static\/planet4-mexico-stateless\/2025\/06\/095fdc09-paneles-solares-1024x768.jpg\" title=\"Mujer parada viendo al horizonte sobre paneles solares.\" alt=\"Mujer parada viendo al horizonte sobre paneles solares.\" class=\"wp-image-56419\" srcset=\"https:\/\/www.greenpeace.org\/static\/planet4-mexico-stateless\/2025\/06\/095fdc09-paneles-solares-1024x768.jpg 1024w, https:\/\/www.greenpeace.org\/static\/planet4-mexico-stateless\/2025\/06\/095fdc09-paneles-solares-300x225.jpg 300w, https:\/\/www.greenpeace.org\/static\/planet4-mexico-stateless\/2025\/06\/095fdc09-paneles-solares-768x576.jpg 768w, https:\/\/www.greenpeace.org\/static\/planet4-mexico-stateless\/2025\/06\/095fdc09-paneles-solares-453x340.jpg 453w, https:\/\/www.greenpeace.org\/static\/planet4-mexico-stateless\/2025\/06\/095fdc09-paneles-solares.jpg 1200w\" sizes=\"auto, (max-width: 1024px) 100vw, 1024px\" \/><figcaption><div class=\"credit icon-left\"> \u00a9 Roengchai Kongmuang \/ Greenpeace<\/div><\/figcaption><\/figure>\n\n<p>Existe un modelo de generaci\u00f3n de energ\u00eda que podr\u00eda hacer la diferencia y que podr\u00edas impulsar desde tu propio hogar. Este es el modelo de energ\u00eda distribuida que, seg\u00fan diversas descripciones retomadas por la <a href=\"https:\/\/www.gob.mx\/conuee\" target=\"_blank\" rel=\"noreferrer noopener\">Comisi\u00f3n Nacional para el Uso Eficiente de la Energ\u00eda<\/a>, se refiere a la generaci\u00f3n o el almacenamiento de energ\u00eda el\u00e9ctrica a peque\u00f1a escala, lo m\u00e1s cercana al centro de carga, con la opci\u00f3n de interactuar (comprar o vender) con la red el\u00e9ctrica y, en algunos casos, considerando la m\u00e1xima eficiencia energ\u00e9tica.\u00a0<\/p>\n\n<p>Algunas caracter\u00edsticas son:&nbsp;<\/p>\n\n<ul class=\"wp-block-list\">\n<li>Se genera en peque\u00f1a escala y est\u00e1 instalada cerca del lugar de consumo.<\/li>\n\n\n\n<li>Usa instalaciones que son peque\u00f1as en relaci\u00f3n con las grandes centrales de generaci\u00f3n, para poder conectarlas casi en cualquier punto de un sistema el\u00e9ctrico.<\/li>\n\n\n\n<li>Se conecta directamente a las redes de distribuci\u00f3n.<\/li>\n\n\n\n<li>Se produce a trav\u00e9s de instalaciones de potencia reducida, menos de 500 KW.<\/li>\n\n\n\n<li>Est\u00e1n situados dentro o cerca de los centros de carga.<\/li>\n\n\n\n<li>Emplea tecnolog\u00edas eficientes.<\/li>\n<\/ul>\n\n<p>Nuestro hogar es un lugar de consumo en el que&nbsp; se puede generar energ\u00eda a peque\u00f1a escala a trav\u00e9s de nuevas tecnolog\u00edas. Su instalaci\u00f3n significa una inversi\u00f3n econ\u00f3mica que var\u00eda seg\u00fan el mercado, pero cuyo costo se puede recuperar con lo que se ahorra en energ\u00eda el\u00e9ctrica. Algunos ejemplos son:<\/p>\n\n<ul class=\"wp-block-list\">\n<li><strong>Techos solares:<\/strong> son placas que acumulan y almacenan la energ\u00eda solar que se recoge a lo largo del d\u00eda y est\u00e1 disponible en cualquier momento. Su costo depende de tu consumo y necesidades.<\/li>\n\n\n\n<li><strong>Calderas de biomasa:<\/strong> usa combustible de origen biol\u00f3gico y natural, como astillas de madera y residuos org\u00e1nicos.\u00a0\u00a0<\/li>\n\n\n\n<li><strong>Turbinas e\u00f3licas dom\u00e9sticas: <\/strong>son peque\u00f1os aerogeneradores (aparatos con turbina) que generan energ\u00eda con la fricci\u00f3n del aire. Se aprovechan mejor en lugares con mucho viento.\u00a0\u00a0<\/li>\n\n\n\n<li><strong>Bater\u00edas para energ\u00eda solar: <\/strong>son dos electrodos sumergidos en un electrolito que almacenan energ\u00eda solar para despu\u00e9s distribuirla.<\/li>\n\n\n\n<li><strong>Calentadores solares:<\/strong> son aparatos que convierten la energ\u00eda solar en calor que se usa para calentar alg\u00fan l\u00edquido por medio de tubos de vidrio.<\/li>\n\n\n\n<li><strong>Estufas solares:<\/strong> son dispositivos, de distintos materiales (aluminio, cart\u00f3n, entre otros) que sirven para cocinar alimentos con la energ\u00eda del sol.\u00a0<\/li>\n<\/ul>\n\n<figure class=\"wp-block-image size-large  caption-style-blue-overlay caption-alignment-center\"><img loading=\"lazy\" decoding=\"async\" width=\"1024\" height=\"683\" src=\"https:\/\/www.greenpeace.org\/static\/planet4-mexico-stateless\/2025\/06\/1fde2982-energia-solar-mujeres-1024x683.jpg\" title=\"Mujeres usando protecci\u00f3n mientras instalan un sistema solar en Derendingen.\" alt=\"Mujeres usando protecci\u00f3n mientras instalan un sistema solar en Derendingen.\" class=\"wp-image-56417\" srcset=\"https:\/\/www.greenpeace.org\/static\/planet4-mexico-stateless\/2025\/06\/1fde2982-energia-solar-mujeres-1024x683.jpg 1024w, https:\/\/www.greenpeace.org\/static\/planet4-mexico-stateless\/2025\/06\/1fde2982-energia-solar-mujeres-300x200.jpg 300w, https:\/\/www.greenpeace.org\/static\/planet4-mexico-stateless\/2025\/06\/1fde2982-energia-solar-mujeres-768x512.jpg 768w, https:\/\/www.greenpeace.org\/static\/planet4-mexico-stateless\/2025\/06\/1fde2982-energia-solar-mujeres-510x340.jpg 510w, https:\/\/www.greenpeace.org\/static\/planet4-mexico-stateless\/2025\/06\/1fde2982-energia-solar-mujeres.jpg 1200w\" sizes=\"auto, (max-width: 1024px) 100vw, 1024px\" \/><figcaption><div class=\"credit icon-left\"> \u00a9 Greenpeace \/ Nicolas Fojtu<\/div><\/figcaption><\/figure>\n\n<p>M\u00e9xico tiene un gran potencial para producir energ\u00eda solar domiciliaria, ya que en el 70% de nuestro territorio es viable instalar paneles solares. Con la tecnolog\u00eda actual, es posible producir esta energ\u00eda a un costo menor y de forma sustentable, de acuerdo con el Centro de Investigaci\u00f3n en pol\u00edtica p\u00fablica.&nbsp;<\/p>\n\n<p>De acuerdo con el <a href=\"https:\/\/www.gob.mx\/cms\/uploads\/attachment\/file\/201875\/Beneficios_de_la_GLD_y_EE_en_Mexico.pdf\" target=\"_blank\" rel=\"noreferrer noopener\">Primer an\u00e1lisis sobre los beneficios de la generaci\u00f3n limpia distribuida y la eficiencia energ\u00e9tica en M\u00e9xico, de la Secretar\u00eda de Energ\u00eda<\/a>, si se sustituye en un mill\u00f3n de hogares de algunos equipos como el refrigerador, la lavadora, el aire acondicionado, el ventilador y l\u00e1mparas por otras tecnolog\u00edas m\u00e1s eficientes y ahorrativa, se podr\u00edan obtener ahorros adicionales para el Gobierno Federal de 600 millones de pesos, adem\u00e1s de que las viviendas podr\u00edan reducir su consumo de electricidad hasta en 18%. Esto permitir\u00eda reducir la emisi\u00f3n de 550 mil toneladas de di\u00f3xido de carbono, as\u00ed como el consumo de 281 millones de litros de agua.\u00a0<\/p>\n\n<p><strong><a href=\"https:\/\/consumoresponsable.greenpeace.org.mx\" target=\"_blank\" rel=\"noreferrer noopener\">\u00bfQuieres conocer m\u00e1s tips que te ayuden a ser responsable con el planeta? Entra a nuestro sitio.<\/a><\/strong><\/p>\n\n<p>Nuestro planeta necesita un cambio. Los h\u00e1bitos de consumo y los estilos de vida de las personas que lo habitan son centrales para reducir los gases contaminantes que producen el cambio clim\u00e1tico. Consume menos, consume mejor y dale un respiro al planeta.<\/p>\n\n<p>S\u00famate para hacer m\u00e1s por el planeta. \u00a1Te necesitamos! <\/p>\n\n<!--[if lte IE 8]>\n<script charset=\"utf-8\" type=\"text\/javascript\" src=\"\/\/js.hsforms.net\/forms\/v2-legacy.js\"><\/script>\n<![endif]-->\n<script charset=\"utf-8\" type=\"text\/javascript\" src=\"\/\/js.hsforms.net\/forms\/v2.js\"><\/script>\n<script>\n  hbspt.forms.create({\n\tportalId: \"2617486\",\n\tformId: \"3a2a1fa1-43a9-4f45-9dd9-63d571aaa091\",\n\tsfdcCampaignId: \"7011P0000016z7ZQAQ\",\n\tsubmitButtonClass: 'hs-button',\nonFormReady: function($form, ctx){\nvar paramsp4 = new window.URLSearchParams(window.location.search);\nvar utm_content = paramsp4.get('utm_content');\nif(utm_content == null) {\nvar urlp4 = window.location.href;\nvar fromGPMXBlog = urlp4.includes(\"\/blog\/\");\nif (fromGPMXBlog == true) {\nvar arrayp4 = urlp4.split(\"\/\");\nvar hs_origin = arrayp4[6];\n$('input[name=\"hs_origen__c\"]').val(hs_origin).change();\n}\n}\n}\n});\n<\/script>\n\t\t\t<section\n\t\t\tclass=\"boxout post-8712 \"\n\t\t\t\n\t\t>\n\t\t\t<a\n\t\t\t\tdata-ga-category=\"Take Action Boxout\"\n\t\t\t\tdata-ga-action=\"Image\"\n\t\t\t\tdata-ga-label=\"n\/a\"\n\t\t\t\tclass=\"cover-card-overlay\"\n\t\t\t\thref=\"https:\/\/www.greenpeace.org\/mexico\/participa\/consume-menos-consume-mejor\/\" \n\t\t\t><\/a>\n\t\t\t\t\t\t\t<img\n\t\t\t\t\t\tsrc=\"https:\/\/www.greenpeace.org\/static\/planet4-mexico-stateless\/2020\/07\/63952b1e-consumo-responsable.png\"\n\t\t\t\t\t\tsrcset=\"https:\/\/www.greenpeace.org\/static\/planet4-mexico-stateless\/2020\/07\/63952b1e-consumo-responsable-300x187.png 300w, https:\/\/www.greenpeace.org\/static\/planet4-mexico-stateless\/2020\/07\/63952b1e-consumo-responsable-510x318.png 510w, https:\/\/www.greenpeace.org\/static\/planet4-mexico-stateless\/2020\/07\/63952b1e-consumo-responsable.png 568w\"\n\t\t\t\t\t\tsizes=\"(min-width: 1000px) 358px, (min-width: 780px) 313px, 88px\"\n\t\t\t\t\t\talt=\"\" title=\"\"\n\t\t\t\t\/>\n            \t\t\t<div class=\"boxout-content\">\n\t\t\t\t\t\t\t\t\t<a\n\t\t\t\t\t\tclass=\"boxout-heading medium\"\n\t\t\t\t\t\tdata-ga-category=\"Take Action Boxout\"\n\t\t\t\t\t\tdata-ga-action=\"Title\"\n\t\t\t\t\t\tdata-ga-label=\"n\/a\"\n\t\t\t\t\t\thref=\"https:\/\/www.greenpeace.org\/mexico\/participa\/consume-menos-consume-mejor\/\"\n\t\t\t\t\t\t\n\t\t\t\t\t>\n\t\t\t\t\t\tConsume menos, consume mejor\n\t\t\t\t\t<\/a>\n\t\t\t\t\t\t\t\t\t\t\t\t\t<p class=\"boxout-excerpt\">Hoy tenemos la oportunidad de hacer frente a esta crisis y reinventar nuestro estilo de vida y el modelo actual de consumo masivo hacia uno que sea m\u00e1s sustentable, donde consumamos responsablemente, poniendo a las personas y al planeta en el centro.<\/p>\n\t\t\t\t                                    <a\n                        class=\"btn btn-primary\"\n                        data-ga-category=\"Take Action Boxout\"\n                        data-ga-action=\"Call to Action\"\n                        data-ga-label=\"n\/a\"\n                        href=\"https:\/\/www.greenpeace.org\/mexico\/participa\/consume-menos-consume-mejor\/\"\n                        \n                    >\n                        Participa\n                    <\/a>\n                \t\t\t<\/div>\n\t\t\t\t\t<\/section>\n\t","protected":false},"excerpt":{"rendered":"<p>Producir energ\u00eda en nuestros hogares es f\u00e1cil y responsable con el medio ambiente. \u00bfHas o\u00eddo hablar de la energ\u00eda distribuida? Te explicamos qu\u00e9 es y c\u00f3mo puedes impulsarla. <\/p>\n","protected":false},"author":21,"featured_media":56417,"comment_status":"open","ping_status":"open","sticky":false,"template":"","format":"standard","meta":{"ep_exclude_from_search":false,"p4_og_title":"\u00bfSe puede producir energ\u00eda en nuestros hogares, ahorrar y cuidar el medio ambiente?","p4_og_description":"Producir energ\u00eda en nuestros hogares es f\u00e1cil y responsable con el medio ambiente. \u00bfHas o\u00eddo hablar de la energ\u00eda distribuida? Te explicamos qu\u00e9 es y c\u00f3mo puedes impulsarla. ","p4_og_image":"https:\/\/www.greenpeace.org\/static\/planet4-mexico-stateless\/2025\/06\/1fde2982-energia-solar-mujeres.jpg","p4_og_image_id":"56417","p4_seo_canonical_url":"","p4_campaign_name":"not set","p4_local_project":"not set","p4_basket_name":"not set","p4_department":"","footnotes":""},"categories":[39],"tags":[47,54],"p4-page-type":[14],"class_list":["post-8781","post","type-post","status-publish","format-standard","has-post-thumbnail","hentry","category-clima-y-energia","tag-cambio-climatico","tag-energia-renovable","p4-page-type-blog"],"_links":{"self":[{"href":"https:\/\/www.greenpeace.org\/mexico\/wp-json\/wp\/v2\/posts\/8781","targetHints":{"allow":["GET"]}}],"collection":[{"href":"https:\/\/www.greenpeace.org\/mexico\/wp-json\/wp\/v2\/posts"}],"about":[{"href":"https:\/\/www.greenpeace.org\/mexico\/wp-json\/wp\/v2\/types\/post"}],"author":[{"embeddable":true,"href":"https:\/\/www.greenpeace.org\/mexico\/wp-json\/wp\/v2\/users\/21"}],"replies":[{"embeddable":true,"href":"https:\/\/www.greenpeace.org\/mexico\/wp-json\/wp\/v2\/comments?post=8781"}],"version-history":[{"count":4,"href":"https:\/\/www.greenpeace.org\/mexico\/wp-json\/wp\/v2\/posts\/8781\/revisions"}],"predecessor-version":[{"id":59081,"href":"https:\/\/www.greenpeace.org\/mexico\/wp-json\/wp\/v2\/posts\/8781\/revisions\/59081"}],"wp:featuredmedia":[{"embeddable":true,"href":"https:\/\/www.greenpeace.org\/mexico\/wp-json\/wp\/v2\/media\/56417"}],"wp:attachment":[{"href":"https:\/\/www.greenpeace.org\/mexico\/wp-json\/wp\/v2\/media?parent=8781"}],"wp:term":[{"taxonomy":"category","embeddable":true,"href":"https:\/\/www.greenpeace.org\/mexico\/wp-json\/wp\/v2\/categories?post=8781"},{"taxonomy":"post_tag","embeddable":true,"href":"https:\/\/www.greenpeace.org\/mexico\/wp-json\/wp\/v2\/tags?post=8781"},{"taxonomy":"p4-page-type","embeddable":true,"href":"https:\/\/www.greenpeace.org\/mexico\/wp-json\/wp\/v2\/p4-page-type?post=8781"}],"curies":[{"name":"wp","href":"https:\/\/api.w.org\/{rel}","templated":true}]}}