{"id":8796,"date":"2020-07-29T13:01:09","date_gmt":"2020-07-29T18:01:09","guid":{"rendered":"https:\/\/www.greenpeace.org\/mexico\/?p=8796"},"modified":"2025-07-22T12:33:33","modified_gmt":"2025-07-22T17:33:33","slug":"cabo-pulmo-una-historia-de-exito-para-la-gente-y-la-vida-marina","status":"publish","type":"post","link":"https:\/\/www.greenpeace.org\/mexico\/blog\/8796\/cabo-pulmo-una-historia-de-exito-para-la-gente-y-la-vida-marina\/","title":{"rendered":"Cabo Pulmo, una historia de \u00e9xito para la gente y la vida marina"},"content":{"rendered":"\n<p><strong>Cabo Pulmo<\/strong> es un <strong>arrecife de coral<\/strong> ubicado en el estado de <strong>Baja California Sur. <\/strong>Este lugar alberga una amplia <strong>biodiversidad <\/strong>compuesta por una variedad de p<strong>eces, crust\u00e1ceos, moluscos, aves y mam\u00edferos marinos<\/strong>, muchos de los cuales se encuentran <a href=\"http:\/\/www.conanp.gob.mx\/conanp\/dominios\/cabo_pulmo\/monitoreo.php\" target=\"_blank\" rel=\"noreferrer noopener\">bajo alguna categor\u00eda de riesgo<\/a>. Hace m\u00e1s de 25 a\u00f1os, esta \u00e1rea de gran belleza natural se encontraba<a href=\"https:\/\/www.youtube.com\/watch?v=UIooE20bI-w&amp;feature=youtu.be\" target=\"_blank\" rel=\"noreferrer noopener\"> amenazada por la sobrepesca y el turismo irresponsable, hasta que las comunidades locales se organizaron para cambiar esta situaci\u00f3n<\/a> en beneficio de la gente y el medio ambiente.<\/p>\n\n<p>Gracias al poder de estas personas, en <strong>1995 Cabo Pulmo<\/strong> fue declarado un \u00c1<strong>rea Natural Protegida,<\/strong> bajo la categor\u00eda de<strong> Parque Marino Nacional.<\/strong> Desde entonces, las poblaciones de peces se han incrementado en m\u00e1s de 400% y han vuelto al lugar diversas especies migratorias, como <strong>tiburones ballena, mantarrayas gigantes, ballenas jorobadas, tortugas marinas y tiburones.\u00a0<\/strong><\/p>\n\n<iframe loading=\"lazy\" src=\"https:\/\/giphy.com\/embed\/MBaoD6Marucsba8NSG\" width=\"480\" height=\"270\" frameBorder=\"0\" class=\"giphy-embed\" allowFullScreen><\/iframe><p><a href=\"https:\/\/giphy.com\/gifs\/mexico-fish-cabo-pulmo-MBaoD6Marucsba8NSG\">via GIPHY<\/a><\/p>\n\n<p>La recuperaci\u00f3n de este incre\u00edble arrecife es una <strong>historia de \u00e9xito<\/strong>: en parte debido a las protecciones legales que se aprobaron pero tambi\u00e9n por la colaboraci\u00f3n de las comunidades vecinas, quienes incluso transformaron su modo de vida basado en la pesca para apoyar la protecci\u00f3n ambiental del ecosistema \u00fanico de Cabo Pulmo. Ahora, las personas de esta zona promueven <strong>actividades ecotur\u00edsticas <\/strong>como <strong>buceo <\/strong>para peque\u00f1os grupos de visitantes o <strong>avistamiento de ballenas, tiburones y tortugas<\/strong>,\u00a0 para ganarse la vida protegiendo al mismo tiempo la naturaleza.<\/p>\n\n<p>No obstante, durante los 25 a\u00f1os que Cabo Pulmo lleva como parque nacional, <a href=\"https:\/\/www.bcsnoticias.mx\/cabo-pulmo-al-filo-de-nuevo-proyecto-turistico-y-semarnat-bcs-niega-su-consulta-publica\/\" target=\"_blank\" rel=\"noreferrer noopener\">la belleza y riqueza de esta \u00e1rea ha atra\u00eddo el inter\u00e9s de grandes compa\u00f1\u00edas<\/a>. Este es el caso de la espa\u00f1ola Hansa Urbana, que desde 2008 trat\u00f3 de desarrollar un nuevo complejo tur\u00edstico llamado<strong> \u201cCabo Cort\u00e9s\u201d<\/strong> en una zona lim\u00edtrofe con Cabo Pulmo. Este proyecto era una <strong>amenaza para el arrecife<\/strong> y su vida marina debido a los impactos ambientales que traer\u00eda consigo: vertimiento de aguas residuales y de aceites de las embarcaciones, destrucciones de dunas, alta demanda de agua potable, entre otras.<\/p>\n\n<figure class=\"wp-block-image size-large  caption-style-blue-overlay caption-alignment-center\"><img loading=\"lazy\" decoding=\"async\" width=\"1024\" height=\"683\" src=\"https:\/\/www.greenpeace.org\/static\/planet4-mexico-stateless\/2025\/06\/52f5b22c-greenpeace-cabo-cortes-1024x683.jpg\" title=\"Activistas de Greenpeace M\u00e9xico escalando el Palacio Nacional mientras cuelgan una manta en la que se lee &quot;Calder\u00f3n: \u00a1Cancela Cabo Cort\u00e9s!&quot; en protesta al proyecto tur\u00edstico que amenazaba la reserva marina en Cabo Pulmo.\" alt=\"Activistas de Greenpeace M\u00e9xico escalando el Palacio Nacional mientras cuelgan una manta en la que se lee &quot;Calder\u00f3n: \u00a1Cancela Cabo Cort\u00e9s!&quot; en protesta al proyecto tur\u00edstico que amenazaba la reserva marina en Cabo Pulmo.\" class=\"wp-image-56885\" srcset=\"https:\/\/www.greenpeace.org\/static\/planet4-mexico-stateless\/2025\/06\/52f5b22c-greenpeace-cabo-cortes-1024x683.jpg 1024w, https:\/\/www.greenpeace.org\/static\/planet4-mexico-stateless\/2025\/06\/52f5b22c-greenpeace-cabo-cortes-300x200.jpg 300w, https:\/\/www.greenpeace.org\/static\/planet4-mexico-stateless\/2025\/06\/52f5b22c-greenpeace-cabo-cortes-768x512.jpg 768w, https:\/\/www.greenpeace.org\/static\/planet4-mexico-stateless\/2025\/06\/52f5b22c-greenpeace-cabo-cortes-510x340.jpg 510w, https:\/\/www.greenpeace.org\/static\/planet4-mexico-stateless\/2025\/06\/52f5b22c-greenpeace-cabo-cortes.jpg 1200w\" sizes=\"auto, (max-width: 1024px) 100vw, 1024px\" \/><figcaption class=\"wp-element-caption\">Activistas de Greenpeace M\u00e9xico suben al edificio de gobierno para protestar contra el expresidente colgando una pancarta con el mensaje &#8220;Calder\u00f3n: \u00a1Cancela Cabo Cort\u00e9s!&#8221; para exigir al expresidente Felipe Calder\u00f3n que revoque el mayor proyecto tur\u00edstico depredador que amenaza la reserva marina en Cabo Pulmo, Baja California Sur. 27 de marzo, 2012.<div class=\"credit icon-left\"> \u00a9 Iv\u00e1n Castaneira \/ Greenpeace<\/div><\/figcaption><\/figure>\n\n<p>Las comunidades locales trabajaron junto a organizaciones como <strong>Greenpeace <\/strong>para presionar a los gobiernos estatal y federal con la demanda de cancelar Cabo Cort\u00e9s. M\u00e1s de 220 mil ciudadanos y ciudadanas firmaron una petici\u00f3n lanzada por Greenpeace para detener este proyecto destructivo. Finalmente, en 2012, el gobierno del presidente <strong>Felipe Calder\u00f3n<\/strong> escuch\u00f3 estas demandas y cancel\u00f3 los planes. \u00c9sta fue una gran victoria que refleja la importancia de defender los santuarios oce\u00e1nicos, los cuales son vitales para proteger nuestros mares y la rica biodiversidad que los habita. Una vez m\u00e1s, vimos lo que el poder de la gente puede lograr cuando nos mantenemos juntos contra los intereses de las grandes empresas en aras de proteger la vida marina.<\/p>\n\n<p><a href=\"https:\/\/actua.greenpeace.org.mx\/protejamos-los-oceanos\" target=\"_blank\" rel=\"noreferrer noopener\"><strong>Firma nuestra petici\u00f3n por un Tratado Global de los Oc\u00e9anos que haga esto posible.<\/strong><\/a><\/p>\n\n<p>Los santuarios oce\u00e1nicos como Cabo Pulmo son particularmente exitosos para proteger la biodiversidad, mejorar las poblaciones de peces y beneficiar a las comunidades y a la econom\u00eda local. Necesitamos proteger al menos el 30% de nuestros oc\u00e9anos de actividades humanas da\u00f1inas, como la pesca industrial, la explotaci\u00f3n petrolera y la miner\u00eda en aguas profundas, con una red de santuarios marinos. Esto ser\u00e1 un gran paso para la recuperaci\u00f3n de los ecosistemas oce\u00e1nicos, y para el bienestar y el equilibrio de todo nuestro planeta.<\/p>\n\n<p>\u00bfQuieres hacer m\u00e1s por los oc\u00e9anos y nuestro planeta? \u00danete aqu\u00ed. <\/p>\n\n<!--[if lte IE 8]>\n<script charset=\"utf-8\" type=\"text\/javascript\" src=\"\/\/js.hsforms.net\/forms\/v2-legacy.js\"><\/script>\n<![endif]-->\n<script charset=\"utf-8\" type=\"text\/javascript\" src=\"\/\/js.hsforms.net\/forms\/v2.js\"><\/script>\n<script>\n  hbspt.forms.create({\n\tportalId: \"2617486\",\n\tformId: \"d6a5496e-66d3-4b5e-b22b-c30df8c495e4\",\n\tsfdcCampaignId: \"7011P000000q9J9QAI\",\nsubmitButtonClass: 'hs-button',\nonFormReady: function($form, ctx){\nvar paramsp4 = new window.URLSearchParams(window.location.search);\nvar utm_content = paramsp4.get('utm_content');\nif(utm_content == null) {\nvar urlp4 = window.location.href;\nvar fromGPMXBlog = urlp4.includes(\"\/blog\/\");\nif (fromGPMXBlog == true) {\nvar arrayp4 = urlp4.split(\"\/\");\nvar hs_origin = arrayp4[6];\n$('input[name=\"hs_origen__c\"]').val(hs_origin).change();\n}\n}\n}\n});\n<\/script>\n<div class=\"EmptyMessage\">Block content is empty. Check the block&#8217;s settings or remove it.<\/div>\n<p><\/p>\n","protected":false},"excerpt":{"rendered":"<p>Cabo Pulmo es un ejemplo de conservaci\u00f3n marina: comunidades locales lograron restaurar su biodiversidad y rechazar megaproyectos tur\u00edsticos da\u00f1inos.<\/p>\n","protected":false},"author":21,"featured_media":56885,"comment_status":"open","ping_status":"open","sticky":false,"template":"","format":"standard","meta":{"ep_exclude_from_search":false,"p4_og_title":"Cabo Pulmo, una historia de \u00e9xito para la gente y la vida marina","p4_og_description":"Cabo Pulmo es un ejemplo de conservaci\u00f3n marina: comunidades locales lograron restaurar su biodiversidad y rechazar megaproyectos tur\u00edsticos da\u00f1inos.","p4_og_image":"https:\/\/www.greenpeace.org\/static\/planet4-mexico-stateless\/2025\/06\/52f5b22c-greenpeace-cabo-cortes.jpg","p4_og_image_id":"56885","p4_seo_canonical_url":"","p4_campaign_name":"not set","p4_local_project":"not set","p4_basket_name":"not set","p4_department":"","footnotes":""},"categories":[44],"tags":[62,66,57],"p4-page-type":[14],"class_list":["post-8796","post","type-post","status-publish","format-standard","has-post-thumbnail","hentry","category-oceanos","tag-victorias","tag-cabo-pulmo","tag-turismo","p4-page-type-blog"],"_links":{"self":[{"href":"https:\/\/www.greenpeace.org\/mexico\/wp-json\/wp\/v2\/posts\/8796","targetHints":{"allow":["GET"]}}],"collection":[{"href":"https:\/\/www.greenpeace.org\/mexico\/wp-json\/wp\/v2\/posts"}],"about":[{"href":"https:\/\/www.greenpeace.org\/mexico\/wp-json\/wp\/v2\/types\/post"}],"author":[{"embeddable":true,"href":"https:\/\/www.greenpeace.org\/mexico\/wp-json\/wp\/v2\/users\/21"}],"replies":[{"embeddable":true,"href":"https:\/\/www.greenpeace.org\/mexico\/wp-json\/wp\/v2\/comments?post=8796"}],"version-history":[{"count":6,"href":"https:\/\/www.greenpeace.org\/mexico\/wp-json\/wp\/v2\/posts\/8796\/revisions"}],"predecessor-version":[{"id":59069,"href":"https:\/\/www.greenpeace.org\/mexico\/wp-json\/wp\/v2\/posts\/8796\/revisions\/59069"}],"wp:featuredmedia":[{"embeddable":true,"href":"https:\/\/www.greenpeace.org\/mexico\/wp-json\/wp\/v2\/media\/56885"}],"wp:attachment":[{"href":"https:\/\/www.greenpeace.org\/mexico\/wp-json\/wp\/v2\/media?parent=8796"}],"wp:term":[{"taxonomy":"category","embeddable":true,"href":"https:\/\/www.greenpeace.org\/mexico\/wp-json\/wp\/v2\/categories?post=8796"},{"taxonomy":"post_tag","embeddable":true,"href":"https:\/\/www.greenpeace.org\/mexico\/wp-json\/wp\/v2\/tags?post=8796"},{"taxonomy":"p4-page-type","embeddable":true,"href":"https:\/\/www.greenpeace.org\/mexico\/wp-json\/wp\/v2\/p4-page-type?post=8796"}],"curies":[{"name":"wp","href":"https:\/\/api.w.org\/{rel}","templated":true}]}}