{"id":8819,"date":"2020-08-11T18:20:00","date_gmt":"2020-08-11T23:20:00","guid":{"rendered":"https:\/\/www.greenpeace.org\/mexico\/?p=8819"},"modified":"2025-07-07T09:01:40","modified_gmt":"2025-07-07T14:01:40","slug":"glifosato-un-peligro-para-mexico","status":"publish","type":"post","link":"https:\/\/www.greenpeace.org\/mexico\/informacion-prensa\/8819\/glifosato-un-peligro-para-mexico\/","title":{"rendered":"Glifosato, un peligro para M\u00e9xico"},"content":{"rendered":"\n<p><strong>Ciudad de M\u00e9xico, 10 de agosto de 2020.<\/strong><\/p>\n\n<p><strong>LIC. ANDR\u00c9S MANUEL L\u00d3PEZ OBRADOR<\/strong><\/p>\n\n<p><strong>PRESIDENTE CONSTITUCIONAL DE LOS ESTADOS UNIDOS MEXICANOS<\/strong><\/p>\n\n<p>Sr. Presidente:&nbsp;<\/p>\n\n<p>A trav\u00e9s de este desplegado expresamos la necesidad de que el Gobierno que encabeza mantenga la decisi\u00f3n asumida de programar el retiro progresivo del glifosato de los campos de M\u00e9xico.<\/p>\n\n<p>De acuerdo con la Agencia Internacional de Investigaciones sobre el C\u00e1ncer (IARC por sus siglas en ingl\u00e9s) de la Organizaci\u00f3n Mundial de la Salud (OMS), el herbicida t\u00f3xico glifosato est\u00e1 clasificado como \u201cprobable carcin\u00f3geno en humanos\u201d. El glifosato, as\u00ed como otros herbicidas y plaguicidas altamente peligrosos, implican un cuantioso costo a los gobiernos y tienen consecuencias desastrosas para el medio ambiente, da\u00f1a la salud humana y viola los derechos humanos de la poblaci\u00f3n.<\/p>\n\n<p>El glifosato est\u00e1 lejos de ser un herbicida benigno y se debe avanzar en la prohibici\u00f3n de su uso en M\u00e9xico. Lo anterior, adem\u00e1s contribuye a dar cumplimiento a la Recomendaci\u00f3n 82\/2018 de la Comisi\u00f3n Nacional de los Derechos Humanos que insta a diversas dependencias de gobierno a atender la mala gesti\u00f3n y manejo de los plaguicidas en M\u00e9xico, en particular aquellos altamente peligrosos (PAP) como el glifosato.<\/p>\n\n<p>Contrario a lo que los representantes del sector agroindustrial pretenden instalar en la opini\u00f3n p\u00fablica, el glifosato s\u00ed es una amenaza para el bienestar de las personas y da\u00f1ino para el medio ambiente, est\u00e1 ligado a la agroindustria y no es necesario para alcanzar la autosuficiencia alimentaria en nuestro pa\u00eds. Es posible producir alimentos m\u00e1s saludables y nutritivos sin utilizar productos qu\u00edmicos, con pr\u00e1cticas agroecol\u00f3gicas, modelo con el que se pueden mejorar los rendimientos, reducir los costos de producci\u00f3n y dar a las familias alternativas para dignificar su labor en el campo.<\/p>\n\n<p>Sr. Presidente, no d\u00e9 marcha atr\u00e1s en la decisi\u00f3n asumida por su gobierno de avanzar hacia la prohibici\u00f3n progresiva en el uso del glifosato para el a\u00f1o 2024. Es el primer paso para una transici\u00f3n agroecol\u00f3gica que nos d\u00e9 autosuficiencia y soberan\u00eda alimentaria de manera sana y segura para M\u00e9xico.<\/p>\n\n<p>Firmantes<\/p>\n\n<ol class=\"wp-block-list\">\n<li>Alianza por Nuestra Tortilla<\/li>\n\n\n\n<li>Alma Pi\u00f1eyro Nelson, UAM Xochimilco. UCCS.<\/li>\n\n\n\n<li>Animal Rebellion M\u00e9xico<\/li>\n\n\n\n<li>Asociaci\u00f3n de consumidores org\u00e1nicos\u00a0<\/li>\n\n\n\n<li>Asociaci\u00f3n Interamericana para la Defensa del Ambiente (AIDA)<\/li>\n\n\n\n<li>Asociaci\u00f3n Mexicana de Productores de Bioinsumos A.C.<\/li>\n\n\n\n<li>Asociaci\u00f3n Nacional de Empresas Comercializadoras de Productores del Campo (ANEC)<\/li>\n\n\n\n<li>Biopakal S.A.P.I de C.V.<\/li>\n\n\n\n<li>Cafetitl\u00e1n SPR. Comunidad: San Pedro Cafetitl\u00e1n, Pochutla. Oaxaca<\/li>\n\n\n\n<li>Campa\u00f1a Nacional Sin Ma\u00edz No Hay Pa\u00eds<\/li>\n\n\n\n<li>Carlos Arturo Gonz\u00e1lez Vicencio, Profesor jubilado de la FCQ de la UV, campus Coatzacoalcos.<\/li>\n\n\n\n<li>Carlos H. \u00c1vila Bello,Uni\u00f3n de Cient\u00edficos Comprometidos con la Sociedad (UCCS). Universidad Veracruzana.<\/li>\n\n\n\n<li>Central de Organizaciones Campesinas y Populares, A.C. (COCYP)<\/li>\n\n\n\n<li>Centro de An\u00e1lisis e Investigaci\u00f3n Fundar<\/li>\n\n\n\n<li>Centro de Atenci\u00f3n a la Mujer Trabajadora de Chihuahua A. C.<\/li>\n\n\n\n<li>Centro de Derechos Humanos &#8220;Fray Francisco de Vitoria O.P.&#8221; A.C.<\/li>\n\n\n\n<li>Centro Mexicano de Derecho Ambiental, A.C. (CEMDA)<\/li>\n\n\n\n<li>Centro para la Diversidad Biol\u00f3gica<\/li>\n\n\n\n<li>Colectivo Zacahuitzco<\/li>\n\n\n\n<li>Consejo Ind\u00edgena por la Defensa del Territorio de Zacualpan<\/li>\n\n\n\n<li>Cristina Barros, investigadora independiente y miembro de la UCCS<\/li>\n\n\n\n<li>David Barkin Prof Distinguido, Univ. Aut Metropolitana, Xochimilco<\/li>\n\n\n\n<li>Desarrollo y Aprendizaje Solidario AC<\/li>\n\n\n\n<li>Dra. Gabriela Garc\u00eda Rodr\u00edguez, Instituto Tecnol\u00f3gico de Minatitl\u00e1n<\/li>\n\n\n\n<li>El Poder del Consumidor A.C.<\/li>\n\n\n\n<li>Elena Lazos Chavero, Investigadora del IIS-UNAM<\/li>\n\n\n\n<li>Fabi\u00e1n Garc\u00eda Moya, Profesor investigador, Universidad Aut\u00f3noma Chapingo\u00a0<\/li>\n\n\n\n<li>Fondo Semillas<\/li>\n\n\n\n<li>Frente en Defensa del Ma\u00edz, Colima\u00a0<\/li>\n\n\n\n<li>Greenpeace M\u00e9xico A.C.<\/li>\n\n\n\n<li>Grupo de Estudios Ambientales GEA A.C.<\/li>\n\n\n\n<li>Hermilio Navarro Garza Profesor Investigador Titular estudios Desarrollo Rural\/Agroecolog\u00eda y Sustentabilidad<\/li>\n\n\n\n<li>Huerto Roma Verde<\/li>\n\n\n\n<li>Instituto de Liderazgo Simone de Beauvoir<\/li>\n\n\n\n<li>La Cuadra Provoca Ciudad A.C.<\/li>\n\n\n\n<li>Luis Tamayo, Universidad Aut\u00f3noma del Estado de Quer\u00e9taro.<\/li>\n\n\n\n<li>Luna del Sur A.C.<\/li>\n\n\n\n<li>Manuel Fern\u00e1ndez Guasti, UAM-Iztapalapa<\/li>\n\n\n\n<li>Margarita Tadeo Robledo, UNAM<\/li>\n\n\n\n<li>Mercado Alternativo de Tlalpan\u00a0<\/li>\n\n\n\n<li>Movimiento Agroecol\u00f3gico Mexicano<\/li>\n\n\n\n<li>Movimiento Campesino, Ind\u00edgena, Afromexicano &#8220;Plan de Ayala Siglo XXI&#8221;<\/li>\n\n\n\n<li>Organizaci\u00f3n campesina Proyecto de Desarrollo Rural Integral Vicente Guerrero, A.C. (Grupo Vicente Guerrero)\u00a0<\/li>\n\n\n\n<li>Organizaci\u00f3n Ciudadana, A.C.\u00a0<\/li>\n\n\n\n<li>Prodefensa del Nazas, A.C.<\/li>\n\n\n\n<li>Promotora de Gesti\u00f3n y Enlace para el Desarrollo Rural AC\u00a0<\/li>\n\n\n\n<li>Quetzalc\u00f3atl Orozco Ramirez. Instituto de geograf\u00eda, UNAM<\/li>\n\n\n\n<li>Ra\u00fal A. Rubio Cano<\/li>\n\n\n\n<li>Red de Acci\u00f3n en Plaguicidas y sus Alternativas en M\u00e9xico (RAPAM)<\/li>\n\n\n\n<li>Red Transdisciplinaria por los derechos bioculturales<\/li>\n\n\n\n<li>R\u00e9my Vandame, Ecosur, San Crist\u00f3bal de las Casas.<\/li>\n\n\n\n<li>Rolando Valentin Benitez Sanchez\u00a0 UNORCA M\u00c9XICO\u00a0<\/li>\n\n\n\n<li>Semillas de Vida A.C<\/li>\n\n\n\n<li>Sindicato de Trabajadores del INCA Rural, A.C.<\/li>\n\n\n\n<li>Tianguis Alternativo de Puebla\u00a0<\/li>\n\n\n\n<li>Uni\u00f3n de Cient\u00edficos Comprometidos con la Sociedad (UCCS)<\/li>\n\n\n\n<li>V\u00eda Org\u00e1nica<\/li>\n<\/ol>\n<div class=\"EmptyMessage\">Block content is empty. Check the block&#8217;s settings or remove it.<\/div>","protected":false},"excerpt":{"rendered":"<p>El glifosato es un herbicida t\u00f3xico clasificado como probable cancer\u00edgeno. Greenpeace urge mantener su prohibici\u00f3n para proteger salud, ambiente y derechos.<\/p>\n","protected":false},"author":21,"featured_media":58692,"comment_status":"open","ping_status":"open","sticky":false,"template":"","format":"standard","meta":{"ep_exclude_from_search":false,"p4_og_title":"Glifosato, un peligro para M\u00e9xico","p4_og_description":"El glifosato es un herbicida t\u00f3xico clasificado como probable cancer\u00edgeno. Greenpeace urge mantener su prohibici\u00f3n para proteger salud, ambiente y derechos.","p4_og_image":"https:\/\/www.greenpeace.org\/static\/planet4-mexico-stateless\/2025\/06\/ae8729f1-glifosato-agricultura.jpg","p4_og_image_id":"58692","p4_seo_canonical_url":"","p4_campaign_name":"not set","p4_local_project":"not set","p4_basket_name":"not set","p4_department":"","footnotes":""},"categories":[46],"tags":[55,48],"p4-page-type":[16],"class_list":["post-8819","post","type-post","status-publish","format-standard","has-post-thumbnail","hentry","category-por-definir","tag-agricultura","tag-salud","p4-page-type-informacion-prensa"],"_links":{"self":[{"href":"https:\/\/www.greenpeace.org\/mexico\/wp-json\/wp\/v2\/posts\/8819","targetHints":{"allow":["GET"]}}],"collection":[{"href":"https:\/\/www.greenpeace.org\/mexico\/wp-json\/wp\/v2\/posts"}],"about":[{"href":"https:\/\/www.greenpeace.org\/mexico\/wp-json\/wp\/v2\/types\/post"}],"author":[{"embeddable":true,"href":"https:\/\/www.greenpeace.org\/mexico\/wp-json\/wp\/v2\/users\/21"}],"replies":[{"embeddable":true,"href":"https:\/\/www.greenpeace.org\/mexico\/wp-json\/wp\/v2\/comments?post=8819"}],"version-history":[{"count":6,"href":"https:\/\/www.greenpeace.org\/mexico\/wp-json\/wp\/v2\/posts\/8819\/revisions"}],"predecessor-version":[{"id":59049,"href":"https:\/\/www.greenpeace.org\/mexico\/wp-json\/wp\/v2\/posts\/8819\/revisions\/59049"}],"wp:featuredmedia":[{"embeddable":true,"href":"https:\/\/www.greenpeace.org\/mexico\/wp-json\/wp\/v2\/media\/58692"}],"wp:attachment":[{"href":"https:\/\/www.greenpeace.org\/mexico\/wp-json\/wp\/v2\/media?parent=8819"}],"wp:term":[{"taxonomy":"category","embeddable":true,"href":"https:\/\/www.greenpeace.org\/mexico\/wp-json\/wp\/v2\/categories?post=8819"},{"taxonomy":"post_tag","embeddable":true,"href":"https:\/\/www.greenpeace.org\/mexico\/wp-json\/wp\/v2\/tags?post=8819"},{"taxonomy":"p4-page-type","embeddable":true,"href":"https:\/\/www.greenpeace.org\/mexico\/wp-json\/wp\/v2\/p4-page-type?post=8819"}],"curies":[{"name":"wp","href":"https:\/\/api.w.org\/{rel}","templated":true}]}}