{"id":8821,"date":"2020-08-13T13:11:31","date_gmt":"2020-08-13T18:11:31","guid":{"rendered":"https:\/\/www.greenpeace.org\/mexico\/?p=8821"},"modified":"2025-07-07T08:56:01","modified_gmt":"2025-07-07T13:56:01","slug":"producir-sin-danar-el-planeta-que-es-la-economia-verde","status":"publish","type":"post","link":"https:\/\/www.greenpeace.org\/mexico\/blog\/8821\/producir-sin-danar-el-planeta-que-es-la-economia-verde\/","title":{"rendered":"Producir sin da\u00f1ar el planeta, \u00bfqu\u00e9 es la econom\u00eda verde?"},"content":{"rendered":"\n<p>La<strong> econom\u00eda verde<\/strong> es una alternativa de<strong> modelo econ\u00f3mico actual. <\/strong>Se basa en la <strong>producci\u00f3n y consumo de bienes y servicios <\/strong>de forma responsable con el <strong>medio ambiente.<\/strong> Su objetivo es mejorar el bienestar humano, erradicar la <strong>desigualdad social y reducir los riesgos ambientales. <\/strong>\u00bfEsto es posible? S\u00ed \u00bfQuieres saber c\u00f3mo lograrlo? Aqu\u00ed te decimos c\u00f3mo.<\/p>\n\n<p>Las din\u00e1micas de <strong>producci\u00f3n y consumo mundial <\/strong>van m\u00e1s r\u00e1pido que lo que el planeta tarda en regenerarse. S\u00ed, actualmente se consume m\u00e1s de lo que el planeta puede producir. Nuestros h\u00e1bitos y estilos de vida tienen un papel protag\u00f3nico en este sistema que devasta el planeta; nuestra adicci\u00f3n por consumir m\u00e1s y m\u00e1s cosas es una de las causas del 60% de todas las<strong> emisiones globales de gases de efecto invernadero,<\/strong> de acuerdo con un <a href=\"https:\/\/www.c40.org\/researches\/consumption-based-emissions\" target=\"_blank\" rel=\"noreferrer noopener\">informe elaborado por varias universidades para medir las emisiones contaminantes de 79 ciudades.\u00a0<\/a><\/p>\n\n<figure class=\"wp-block-image size-large  caption-style-blue-overlay caption-alignment-center\"><img loading=\"lazy\" decoding=\"async\" width=\"1024\" height=\"683\" src=\"https:\/\/www.greenpeace.org\/static\/planet4-mexico-stateless\/2025\/07\/428977fd-ropa-fast-fashion-1024x683.jpg\" title=\"Fotograf\u00eda de maniqu\u00eds y exibidores en una tienda de ropa.\" alt=\"Fotograf\u00eda de maniqu\u00eds y exibidores en una tienda de ropa.\" class=\"wp-image-59034\" srcset=\"https:\/\/www.greenpeace.org\/static\/planet4-mexico-stateless\/2025\/07\/428977fd-ropa-fast-fashion-1024x683.jpg 1024w, https:\/\/www.greenpeace.org\/static\/planet4-mexico-stateless\/2025\/07\/428977fd-ropa-fast-fashion-300x200.jpg 300w, https:\/\/www.greenpeace.org\/static\/planet4-mexico-stateless\/2025\/07\/428977fd-ropa-fast-fashion-768x512.jpg 768w, https:\/\/www.greenpeace.org\/static\/planet4-mexico-stateless\/2025\/07\/428977fd-ropa-fast-fashion-510x340.jpg 510w, https:\/\/www.greenpeace.org\/static\/planet4-mexico-stateless\/2025\/07\/428977fd-ropa-fast-fashion.jpg 1200w\" sizes=\"auto, (max-width: 1024px) 100vw, 1024px\" \/><figcaption class=\"wp-element-caption\"><br>Credit: Andri Tambunan for Greenpeace<\/figcaption><\/figure>\n\n<p>La <strong>econom\u00eda verde<\/strong> es un llamado urgente a transformar nuestros <strong>h\u00e1bitos de consumo<\/strong>. Este concepto naci\u00f3 en 2008 como una propuesta de las<strong> Naciones Unidas<\/strong> con el objetivo de impulsar investigaciones y acciones ciudadanas y de los gobiernos para\u00a0<\/p>\n\n<p>La clave es consumir menos pero mejor. \u00bfC\u00f3mo? Van algunos tips:<\/p>\n\n<h2 class=\"wp-block-heading\"><strong>Produce y consume local<\/strong><\/h2>\n\n<p>El consumo local se caracteriza por cadenas cortas de <strong>agroalimentaci\u00f3n<\/strong>, que son mecanismos de mercado que implican mayor proximidad geogr\u00e1fica, organizacional o social entre quienes producen y quienes consumen. Un ejemplo de las cadenas cortas de agroalimentaci\u00f3n son los <strong>tianguis o mercados.<\/strong> Los beneficios son menos<strong> contaminaci\u00f3n<\/strong> por traslados, m\u00e1s pr\u00e1cticas agropecuarias ecol\u00f3gicas, menos <strong>alimentos industrializados, comercio justo e informado<\/strong> y menos pl\u00e1stico de un solo uso.\u00a0\u00a0<\/p>\n\n<h2 class=\"wp-block-heading\"><strong>Reduce tu consumo<\/strong><\/h2>\n\n<p>La industria de<strong> ropa, calzado, aparatos electr\u00f3nicos y pl\u00e1sticos de un solo uso <\/strong>son altamente contaminantes por los residuos que generan y los qu\u00edmicos que utilizan en su producci\u00f3n, pero tambi\u00e9n por sus altas emisiones de <strong>Gases de Efecto Invernadero<\/strong> a la atm\u00f3sfera. Para ello r<strong>eutiliza, repara, renueva o intercambia. <\/strong>Te recomendamos, por ejemplo, que organices trueques de ropa con amistades o familiares, o darle una segunda vida a tu ropa cort\u00e1ndola, confeccion\u00e1ndola, decor\u00e1ndola y volvi\u00e9ndola a usar.\u00a0<\/p>\n\n<figure class=\"wp-block-image size-large  caption-style-blue-overlay caption-alignment-center\"><img loading=\"lazy\" decoding=\"async\" width=\"1024\" height=\"683\" src=\"https:\/\/www.greenpeace.org\/static\/planet4-mexico-stateless\/2025\/07\/8d827181-plasticos-un-solo-uso-basura-1024x683.jpg\" title=\"Fotograf\u00eda de un mont\u00f3n de pl\u00e1sticos de un solo uso, espec\u00edficamente vasos desechables.\" alt=\"Fotograf\u00eda de un mont\u00f3n de pl\u00e1sticos de un solo uso, espec\u00edficamente vasos desechables.\" class=\"wp-image-59045\" srcset=\"https:\/\/www.greenpeace.org\/static\/planet4-mexico-stateless\/2025\/07\/8d827181-plasticos-un-solo-uso-basura-1024x683.jpg 1024w, https:\/\/www.greenpeace.org\/static\/planet4-mexico-stateless\/2025\/07\/8d827181-plasticos-un-solo-uso-basura-300x200.jpg 300w, https:\/\/www.greenpeace.org\/static\/planet4-mexico-stateless\/2025\/07\/8d827181-plasticos-un-solo-uso-basura-768x512.jpg 768w, https:\/\/www.greenpeace.org\/static\/planet4-mexico-stateless\/2025\/07\/8d827181-plasticos-un-solo-uso-basura-510x340.jpg 510w, https:\/\/www.greenpeace.org\/static\/planet4-mexico-stateless\/2025\/07\/8d827181-plasticos-un-solo-uso-basura.jpg 1500w\" sizes=\"auto, (max-width: 1024px) 100vw, 1024px\" \/><figcaption class=\"wp-element-caption\">El pl\u00e1stico de un solo uso tambi\u00e9n afecta el medio ambiente y lastima especies marinas.<\/figcaption><\/figure>\n\n<h2 class=\"wp-block-heading\"><strong>Combate el consumismo<\/strong><\/h2>\n\n<p>El <strong>consumismo <\/strong>es la tendencia de comprar productos que no necesitamos. Esta tendencia se ha expandido por el mundo porque funciona a las corporaciones, pero no le funciona al planeta ni a nuestra econom\u00eda. Antes de adquirir cualquier producto, preg\u00fantate: \u00bfrealmente lo necesito? \u00bfQu\u00e9 recursos del planeta se requirieron para su fabricaci\u00f3n?<\/p>\n\n<h2 class=\"wp-block-heading\"><strong>Lib\u00e9rate de pl\u00e1sticos de un s\u00f3lo uso<\/strong><\/h2>\n\n<p>La gran mayor\u00eda de lo que consumimos tiene<strong> pl\u00e1stico<\/strong>, se requiera o no. Los pl\u00e1sticos contribuyen a la emisi\u00f3n de <strong>Gases de Efecto Invernadero (GEI) <\/strong>desde la extracci\u00f3n de los recursos con los que se producir\u00e1n (<strong>combustibles f\u00f3siles<\/strong>), su fabricaci\u00f3n, su transporte, hasta su disposici\u00f3n final. Cuando se convierten en residuos emiten metano y etileno por exponerse a la radiaci\u00f3n solar en agua o aire. Pese a eso, cada a\u00f1o se producen en el mundo 380 millones de toneladas pl\u00e1sticas para diversos usos; de los cuales, 12.7 millones llegan a los <strong>oc\u00e9anos <\/strong>que da\u00f1an la vida de m\u00e1s de 700 especies.<\/p>\n\n<p>Transforma tu estilo de vida hacia uno que traiga beneficios para la mayor\u00eda de la poblaci\u00f3n, no s\u00f3lo para unas cuantas. Haz que tus h\u00e1bitos sean parte de una econom\u00eda m\u00e1s justa y responsable: la econom\u00eda verde.&nbsp;<\/p>\n\n<p>\u00bfQuieres hacer m\u00e1s por el planeta para combatir el cambio clim\u00e1tico? \u00danete aqu\u00ed. <\/p>\n\n<!--[if lte IE 8]>\n<script charset=\"utf-8\" type=\"text\/javascript\" src=\"\/\/js.hsforms.net\/forms\/v2-legacy.js\"><\/script>\n<![endif]-->\n<script charset=\"utf-8\" type=\"text\/javascript\" src=\"\/\/js.hsforms.net\/forms\/v2.js\"><\/script>\n<script>\n  hbspt.forms.create({\n\tportalId: \"2617486\",\n\tformId: \"db90083f-ceef-4be0-88c8-3081fe31c41c\",\n\tsfdcCampaignId: \"7011P000001704mQAA\",\n\tsubmitButtonClass: 'hs-button',\nonFormReady: function($form, ctx){\nvar paramsp4 = new window.URLSearchParams(window.location.search);\nvar utm_content = paramsp4.get('utm_content');\nif(utm_content == null) {\nvar urlp4 = window.location.href;\nvar fromGPMXBlog = urlp4.includes(\"\/blog\/\");\nif (fromGPMXBlog == true) {\nvar arrayp4 = urlp4.split(\"\/\");\nvar hs_origin = arrayp4[6];\n$('input[name=\"hs_origen__c\"]').val(hs_origin).change();\n}\n}\n}\n});\n<\/script>\n\t\t\t<section\n\t\t\tclass=\"boxout post-8712 \"\n\t\t\t\n\t\t>\n\t\t\t<a\n\t\t\t\tdata-ga-category=\"Take Action Boxout\"\n\t\t\t\tdata-ga-action=\"Image\"\n\t\t\t\tdata-ga-label=\"n\/a\"\n\t\t\t\tclass=\"cover-card-overlay\"\n\t\t\t\thref=\"https:\/\/www.greenpeace.org\/mexico\/participa\/consume-menos-consume-mejor\/\" \n\t\t\t><\/a>\n\t\t\t\t\t\t\t<img\n\t\t\t\t\t\tsrc=\"https:\/\/www.greenpeace.org\/static\/planet4-mexico-stateless\/2020\/07\/63952b1e-consumo-responsable.png\"\n\t\t\t\t\t\tsrcset=\"https:\/\/www.greenpeace.org\/static\/planet4-mexico-stateless\/2020\/07\/63952b1e-consumo-responsable-300x187.png 300w, https:\/\/www.greenpeace.org\/static\/planet4-mexico-stateless\/2020\/07\/63952b1e-consumo-responsable-510x318.png 510w, https:\/\/www.greenpeace.org\/static\/planet4-mexico-stateless\/2020\/07\/63952b1e-consumo-responsable.png 568w\"\n\t\t\t\t\t\tsizes=\"(min-width: 1000px) 358px, (min-width: 780px) 313px, 88px\"\n\t\t\t\t\t\talt=\"\" title=\"\"\n\t\t\t\t\/>\n            \t\t\t<div class=\"boxout-content\">\n\t\t\t\t\t\t\t\t\t<a\n\t\t\t\t\t\tclass=\"boxout-heading medium\"\n\t\t\t\t\t\tdata-ga-category=\"Take Action Boxout\"\n\t\t\t\t\t\tdata-ga-action=\"Title\"\n\t\t\t\t\t\tdata-ga-label=\"n\/a\"\n\t\t\t\t\t\thref=\"https:\/\/www.greenpeace.org\/mexico\/participa\/consume-menos-consume-mejor\/\"\n\t\t\t\t\t\t\n\t\t\t\t\t>\n\t\t\t\t\t\tConsume menos, consume mejor\n\t\t\t\t\t<\/a>\n\t\t\t\t\t\t\t\t\t\t\t\t\t<p class=\"boxout-excerpt\">Hoy tenemos la oportunidad de hacer frente a esta crisis y reinventar nuestro estilo de vida y el modelo actual de consumo masivo hacia uno que sea m\u00e1s sustentable, donde consumamos responsablemente, poniendo a las personas y al planeta en el centro.<\/p>\n\t\t\t\t                                    <a\n                        class=\"btn btn-primary\"\n                        data-ga-category=\"Take Action Boxout\"\n                        data-ga-action=\"Call to Action\"\n                        data-ga-label=\"n\/a\"\n                        href=\"https:\/\/www.greenpeace.org\/mexico\/participa\/consume-menos-consume-mejor\/\"\n                        \n                    >\n                        Participa\n                    <\/a>\n                \t\t\t<\/div>\n\t\t\t\t\t<\/section>\n\t","protected":false},"excerpt":{"rendered":"<p>Conoce qu\u00e9 es la econom\u00eda verde, c\u00f3mo reducir tu consumo y transformar tu estilo de vida para proteger el planeta y construir un futuro justo y sostenible.<\/p>\n","protected":false},"author":21,"featured_media":59045,"comment_status":"open","ping_status":"open","sticky":false,"template":"","format":"standard","meta":{"ep_exclude_from_search":false,"p4_og_title":"Producir sin da\u00f1ar el planeta, \u00bfqu\u00e9 es la econom\u00eda verde?","p4_og_description":"Conoce qu\u00e9 es la econom\u00eda verde, c\u00f3mo reducir tu consumo y transformar tu estilo de vida para proteger el planeta y construir un futuro justo y sostenible.","p4_og_image":"https:\/\/www.greenpeace.org\/static\/planet4-mexico-stateless\/2025\/07\/8d827181-plasticos-un-solo-uso-basura.jpg","p4_og_image_id":"59045","p4_seo_canonical_url":"","p4_campaign_name":"not set","p4_local_project":"not set","p4_basket_name":"not set","p4_department":"","footnotes":""},"categories":[39],"tags":[20,47],"p4-page-type":[14],"class_list":["post-8821","post","type-post","status-publish","format-standard","has-post-thumbnail","hentry","category-clima-y-energia","tag-consumo","tag-cambio-climatico","p4-page-type-blog"],"_links":{"self":[{"href":"https:\/\/www.greenpeace.org\/mexico\/wp-json\/wp\/v2\/posts\/8821","targetHints":{"allow":["GET"]}}],"collection":[{"href":"https:\/\/www.greenpeace.org\/mexico\/wp-json\/wp\/v2\/posts"}],"about":[{"href":"https:\/\/www.greenpeace.org\/mexico\/wp-json\/wp\/v2\/types\/post"}],"author":[{"embeddable":true,"href":"https:\/\/www.greenpeace.org\/mexico\/wp-json\/wp\/v2\/users\/21"}],"replies":[{"embeddable":true,"href":"https:\/\/www.greenpeace.org\/mexico\/wp-json\/wp\/v2\/comments?post=8821"}],"version-history":[{"count":5,"href":"https:\/\/www.greenpeace.org\/mexico\/wp-json\/wp\/v2\/posts\/8821\/revisions"}],"predecessor-version":[{"id":59046,"href":"https:\/\/www.greenpeace.org\/mexico\/wp-json\/wp\/v2\/posts\/8821\/revisions\/59046"}],"wp:featuredmedia":[{"embeddable":true,"href":"https:\/\/www.greenpeace.org\/mexico\/wp-json\/wp\/v2\/media\/59045"}],"wp:attachment":[{"href":"https:\/\/www.greenpeace.org\/mexico\/wp-json\/wp\/v2\/media?parent=8821"}],"wp:term":[{"taxonomy":"category","embeddable":true,"href":"https:\/\/www.greenpeace.org\/mexico\/wp-json\/wp\/v2\/categories?post=8821"},{"taxonomy":"post_tag","embeddable":true,"href":"https:\/\/www.greenpeace.org\/mexico\/wp-json\/wp\/v2\/tags?post=8821"},{"taxonomy":"p4-page-type","embeddable":true,"href":"https:\/\/www.greenpeace.org\/mexico\/wp-json\/wp\/v2\/p4-page-type?post=8821"}],"curies":[{"name":"wp","href":"https:\/\/api.w.org\/{rel}","templated":true}]}}